{"id":5648,"date":"2025-10-18T23:21:00","date_gmt":"2025-10-18T20:21:00","guid":{"rendered":"https:\/\/www.trabzonmanset.com\/?p=5648"},"modified":"2025-10-19T00:03:19","modified_gmt":"2025-10-18T21:03:19","slug":"hakan-fidandan-erdogan-sozleri-bir-defa-bile-acmadigi-olmadi","status":"publish","type":"post","link":"https:\/\/www.trabzonmanset.com\/index.php\/2025\/10\/18\/hakan-fidandan-erdogan-sozleri-bir-defa-bile-acmadigi-olmadi\/","title":{"rendered":"Hakan Fidan&#8217;dan &#8220;Erdo\u011fan&#8221; s\u00f6zleri: Bir defa bile a\u00e7mad\u0131\u011f\u0131 olmad\u0131"},"content":{"rendered":"\n<p>\u00dcLKE TV ekranlar\u0131na konuk olan Bakan Fidan g\u00fcndeme ili\u015fkin \u00f6nemli a\u00e7\u0131klamalarda bulundu. Cumhurba\u015fkan\u0131 Erdo\u011fan&#8217;\u0131n vazifesine ba\u011fl\u0131l\u0131\u011f\u0131n\u0131 \u00f6vg\u00fcyle anlatan Fidan, &#8220;B\u00fct\u00fcn bir y\u0131l s\u00fcrekli vazifeyle me\u015fgul olur&#8221; ifadesini kulland\u0131.<\/p>\n\n\n\n<p>Cumhurba\u015fkan\u0131 Erdo\u011fan&#8217;\u0131n vazifesine a\u015f\u0131k bir insan oldu\u011funu ifade eden Bakan Fidan, <em><strong>&#8220;Ge\u00e7en gece Burhanettin Bey ile konu\u015fuyoruz acaba hangimiz arayal\u0131m diye. Ge\u00e7en yine arad\u0131k ve uyand\u0131rd\u0131k. Vazifesine a\u015f\u0131k bir insan. Bir defa bile bir insan a\u00e7mazl\u0131k eder mi?&#8221;<\/strong><\/em> ifadesini kulland\u0131.<\/p>\n\n\n\n<h3 class=\"wp-block-heading\"><strong>&#8220;B\u00dcT\u00dcN B\u0130R YIL VAZ\u0130FES\u0130YLE ME\u015eGUL&#8221;<\/strong><\/h3>\n\n\n\n<p>Tayyip Erdo\u011fan art\u0131k bir marka oldu t\u00fcm d\u00fcnyada. \u015eimdi Cumhurba\u015fkan\u0131m\u0131z bug\u00fcn de il kamp\u0131nda sordular. Bir defa 24 saat vazifesiyle me\u015fgul olmas\u0131 inan\u0131lmaz bir \u00f6zellik. 7\/24, b\u00fct\u00fcn bir y\u0131l s\u00fcrekli vazifeyle me\u015fgul olur ve hi\u00e7bir zaman i\u00e7in of demez, hangi konuyu g\u00f6t\u00fcr\u00fcrseniz, ne zaman g\u00f6t\u00fcr\u00fcrseniz zaman\u0131 m\u0131 s\u0131ras\u0131 m\u0131 asla demez. Kendisinin bizi aramas\u0131 bize daha \u00e7ok dokunu\u015f eden bir \u015fey.<\/p>\n\n\n\n<p>Bizi zorlayan \u015fu oluyor \u00e7o\u011fu zaman istihbarattayken daha fazla oluyordu. Acil konular olur gece uyand\u0131rmam\u0131z gereken. Bunu ka\u00e7 defa yapt\u0131m bilmiyorum. Kendisini ka\u00e7 defa uykusundan uyand\u0131rd\u0131\u011f\u0131m\u0131. Hi\u00e7bir zaman aray\u0131p da bir defa bile ben bir meselemi o gece kendisine s\u00f6ylemedi\u011fimi hat\u0131rlam\u0131yorum. Muhakkak a\u00e7ar ve hi\u00e7bir zaman i\u00e7in de ben niye uyand\u0131m demez.<\/p>\n\n\n\n<h3 class=\"wp-block-heading\"><strong>&#8220;B\u0130R \u0130NSAN B\u0130R DEFA B\u0130LE A\u00c7MAZLIK ETMEZ M\u0130?&#8221;<\/strong><\/h3>\n\n\n\n<p>Devlete ait bilginin k\u00fc\u00e7\u00fc\u011f\u00fc, b\u00fcy\u00fc\u011f\u00fc olmaz hepsini ayn\u0131 ihtimamla dinler, talimat\u0131n\u0131 verir, iradesini koyar. Kendisi arar da, kendisi daha \u00e7ok aran\u0131r. Biz a\u00e7\u0131k\u00e7as\u0131 \u015fey oluruz bu kadar \u00e7ok \u00e7al\u0131\u015fan bir lideri bir de \u00fcst\u00fcne \u00fcstl\u00fck biz rahats\u0131z edece\u011fiz. Ge\u00e7en gece Burhanettin Bey ile konu\u015fuyoruz acaba hangimiz arayal\u0131m diye. Ge\u00e7en yine arad\u0131k ve uyand\u0131rd\u0131k. Vazifesine a\u015f\u0131k bir insan. Bir defa bile bir insan a\u00e7mazl\u0131k etmez mi?&#8221; ifadesini kulland\u0131.<\/p>\n\n\n\n<p><\/p>\n","protected":false},"excerpt":{"rendered":"<p>\u00dcLKE TV ekranlar\u0131na konuk olan Bakan Fidan g\u00fcndeme ili\u015fkin \u00f6nemli a\u00e7\u0131klamalarda bulundu. Cumhurba\u015fkan\u0131 Erdo\u011fan&#8217;\u0131n vazifesine ba\u011fl\u0131l\u0131\u011f\u0131n\u0131 \u00f6vg\u00fcyle anlatan Fidan, &#8220;B\u00fct\u00fcn bir y\u0131l s\u00fcrekli vazifeyle me\u015fgul olur&#8221; ifadesini kulland\u0131. Cumhurba\u015fkan\u0131 Erdo\u011fan&#8217;\u0131n vazifesine a\u015f\u0131k bir insan oldu\u011funu ifade eden Bakan Fidan, &#8220;Ge\u00e7en gece Burhanettin Bey ile konu\u015fuyoruz acaba hangimiz arayal\u0131m diye. Ge\u00e7en yine arad\u0131k ve uyand\u0131rd\u0131k. Vazifesine [&hellip;]<\/p>\n","protected":false},"author":1,"featured_media":5649,"comment_status":"open","ping_status":"open","sticky":false,"template":"","format":"standard","meta":{"footnotes":""},"categories":[1,11],"tags":[846,868,712],"class_list":["post-5648","post","type-post","status-publish","format-standard","has-post-thumbnail","hentry","category-gundem","category-manset","tag-cumhurbaskani-erdogan","tag-hakan-fidan","tag-trabzon-manset"],"_links":{"self":[{"href":"https:\/\/www.trabzonmanset.com\/index.php\/wp-json\/wp\/v2\/posts\/5648","targetHints":{"allow":["GET"]}}],"collection":[{"href":"https:\/\/www.trabzonmanset.com\/index.php\/wp-json\/wp\/v2\/posts"}],"about":[{"href":"https:\/\/www.trabzonmanset.com\/index.php\/wp-json\/wp\/v2\/types\/post"}],"author":[{"embeddable":true,"href":"https:\/\/www.trabzonmanset.com\/index.php\/wp-json\/wp\/v2\/users\/1"}],"replies":[{"embeddable":true,"href":"https:\/\/www.trabzonmanset.com\/index.php\/wp-json\/wp\/v2\/comments?post=5648"}],"version-history":[{"count":1,"href":"https:\/\/www.trabzonmanset.com\/index.php\/wp-json\/wp\/v2\/posts\/5648\/revisions"}],"predecessor-version":[{"id":5650,"href":"https:\/\/www.trabzonmanset.com\/index.php\/wp-json\/wp\/v2\/posts\/5648\/revisions\/5650"}],"wp:featuredmedia":[{"embeddable":true,"href":"https:\/\/www.trabzonmanset.com\/index.php\/wp-json\/wp\/v2\/media\/5649"}],"wp:attachment":[{"href":"https:\/\/www.trabzonmanset.com\/index.php\/wp-json\/wp\/v2\/media?parent=5648"}],"wp:term":[{"taxonomy":"category","embeddable":true,"href":"https:\/\/www.trabzonmanset.com\/index.php\/wp-json\/wp\/v2\/categories?post=5648"},{"taxonomy":"post_tag","embeddable":true,"href":"https:\/\/www.trabzonmanset.com\/index.php\/wp-json\/wp\/v2\/tags?post=5648"}],"curies":[{"name":"wp","href":"https:\/\/api.w.org\/{rel}","templated":true}]}}