{"id":5637,"date":"2025-10-18T19:10:00","date_gmt":"2025-10-18T16:10:00","guid":{"rendered":"https:\/\/www.trabzonmanset.com\/?p=5637"},"modified":"2025-10-18T21:48:12","modified_gmt":"2025-10-18T18:48:12","slug":"mescid-i-aksa-kuran-kursu-acildi","status":"publish","type":"post","link":"https:\/\/www.trabzonmanset.com\/index.php\/2025\/10\/18\/mescid-i-aksa-kuran-kursu-acildi\/","title":{"rendered":"Mescid-i Aksa Kur\u2019an kursu a\u00e7\u0131ld\u0131"},"content":{"rendered":"\n<p>\u0130lim Yayma Vakf\u0131 M\u00fctevelli Heyeti ve D\u00fcnya Etnospor Konfederasyonu Ba\u015fkan\u0131 Bilal Erdo\u011fan, Elaz\u0131\u011f\u2019da \u00e7e\u015fitli ziyaretlerde bulundu, Mescid-i Aksa Kur\u2019an Kursu\u2019nun a\u00e7\u0131l\u0131\u015f\u0131na kat\u0131ld\u0131.<\/p>\n\n\n\n<p>\u0130lim Yayma Vakf\u0131 M\u00fctevelli Heyeti ve D\u00fcnya Etnospor Konfederasyonu Ba\u015fkan\u0131 Bilal Erdo\u011fan, Elaz\u0131\u011f\u2019da bir dizi ziyaret ve a\u00e7\u0131l\u0131\u015f program\u0131na kat\u0131ld\u0131. Bilal Erdo\u011fan, Elaz\u0131\u011f Valisi Numan Hatipo\u011flu, AK Parti Elaz\u0131\u011f Milletvekilleri Prof. Dr. Erol Kele\u015f, Ejder A\u00e7\u0131kkap\u0131 ve Mahmut R\u0131dvan Naz\u0131rl\u0131 ile Elaz\u0131\u011f Belediye Ba\u015fkan\u0131 \u015eahin \u015eerifo\u011fullar\u0131\u2019n\u0131n da kat\u0131l\u0131m\u0131yla \u0130l M\u00fcft\u00fcl\u00fc\u011f\u00fc Mescid-i Aksa Kur\u2019an Kursu\u2019nun a\u00e7\u0131l\u0131\u015f\u0131n\u0131 ger\u00e7ekle\u015ftirdi. Program, Kur\u2019an-\u0131 Kerim tilavetiyle ba\u015flad\u0131. \u0130l M\u00fcft\u00fcs\u00fc Yusuf Bing\u00f6l\u2019\u00fcn duas\u0131n\u0131n ard\u0131ndan kurdele kesimi yap\u0131larak kurs hizmete a\u00e7\u0131ld\u0131.<\/p>\n\n\n\n<p>Elaz\u0131\u011f Belediyesi taraf\u0131ndan yap\u0131lan kurs, bin 37 metre kare alana in\u015faa edildi. \u0130\u00e7erisinde 8 derslik, yemekhane, mutfak laboratuvarlar ve \u00e7ok ama\u00e7l\u0131 salon gibi bir\u00e7ok donat\u0131 bulanan kurs, son teknoloji ile in\u015fa edildi. Kursta 4-6 ya\u015f \u00e7ocuklar\u0131n e\u011fitim alaca\u011f\u0131 aktar\u0131ld\u0131.<\/p>\n\n\n\n<p>A\u00e7\u0131l\u0131\u015f\u0131n ard\u0131ndan Bilal Erdo\u011fan, \u0130pek Yolu Uluslararas\u0131 \u00c7ocuk ve Gen\u00e7lik \u00c7al\u0131\u015fmalar\u0131 Merkezi\u2019ni ziyaret etti. Erdo\u011fan, merkezde y\u00fcr\u00fct\u00fclen faaliyetler hakk\u0131nda bilgi alarak \u00e7ocuk ve gen\u00e7lerle bir s\u00fcre sohbet etti.<\/p>\n\n\n\n<p>Kaynak: \u0130HA<\/p>\n\n\n\n<p><\/p>\n\n\n\n<p><\/p>\n","protected":false},"excerpt":{"rendered":"<p>\u0130lim Yayma Vakf\u0131 M\u00fctevelli Heyeti ve D\u00fcnya Etnospor Konfederasyonu Ba\u015fkan\u0131 Bilal Erdo\u011fan, Elaz\u0131\u011f\u2019da \u00e7e\u015fitli ziyaretlerde bulundu, Mescid-i Aksa Kur\u2019an Kursu\u2019nun a\u00e7\u0131l\u0131\u015f\u0131na kat\u0131ld\u0131. \u0130lim Yayma Vakf\u0131 M\u00fctevelli Heyeti ve D\u00fcnya Etnospor Konfederasyonu Ba\u015fkan\u0131 Bilal Erdo\u011fan, Elaz\u0131\u011f\u2019da bir dizi ziyaret ve a\u00e7\u0131l\u0131\u015f program\u0131na kat\u0131ld\u0131. Bilal Erdo\u011fan, Elaz\u0131\u011f Valisi Numan Hatipo\u011flu, AK Parti Elaz\u0131\u011f Milletvekilleri Prof. Dr. Erol [&hellip;]<\/p>\n","protected":false},"author":1,"featured_media":5639,"comment_status":"open","ping_status":"open","sticky":false,"template":"","format":"standard","meta":{"footnotes":""},"categories":[1,11],"tags":[1790,1791,1789,1788,1786,1787],"class_list":["post-5637","post","type-post","status-publish","format-standard","has-post-thumbnail","hentry","category-gundem","category-manset","tag-ejder-acikkapi","tag-elazig-belediyesi","tag-erol-keles","tag-ilim-yayma-vakfi","tag-mescid-i-aksa","tag-mescid-i-aksa-kuran-kursu"],"_links":{"self":[{"href":"https:\/\/www.trabzonmanset.com\/index.php\/wp-json\/wp\/v2\/posts\/5637","targetHints":{"allow":["GET"]}}],"collection":[{"href":"https:\/\/www.trabzonmanset.com\/index.php\/wp-json\/wp\/v2\/posts"}],"about":[{"href":"https:\/\/www.trabzonmanset.com\/index.php\/wp-json\/wp\/v2\/types\/post"}],"author":[{"embeddable":true,"href":"https:\/\/www.trabzonmanset.com\/index.php\/wp-json\/wp\/v2\/users\/1"}],"replies":[{"embeddable":true,"href":"https:\/\/www.trabzonmanset.com\/index.php\/wp-json\/wp\/v2\/comments?post=5637"}],"version-history":[{"count":1,"href":"https:\/\/www.trabzonmanset.com\/index.php\/wp-json\/wp\/v2\/posts\/5637\/revisions"}],"predecessor-version":[{"id":5640,"href":"https:\/\/www.trabzonmanset.com\/index.php\/wp-json\/wp\/v2\/posts\/5637\/revisions\/5640"}],"wp:featuredmedia":[{"embeddable":true,"href":"https:\/\/www.trabzonmanset.com\/index.php\/wp-json\/wp\/v2\/media\/5639"}],"wp:attachment":[{"href":"https:\/\/www.trabzonmanset.com\/index.php\/wp-json\/wp\/v2\/media?parent=5637"}],"wp:term":[{"taxonomy":"category","embeddable":true,"href":"https:\/\/www.trabzonmanset.com\/index.php\/wp-json\/wp\/v2\/categories?post=5637"},{"taxonomy":"post_tag","embeddable":true,"href":"https:\/\/www.trabzonmanset.com\/index.php\/wp-json\/wp\/v2\/tags?post=5637"}],"curies":[{"name":"wp","href":"https:\/\/api.w.org\/{rel}","templated":true}]}}