{"id":5579,"date":"2025-10-16T17:26:39","date_gmt":"2025-10-16T14:26:39","guid":{"rendered":"https:\/\/www.trabzonmanset.com\/?p=5579"},"modified":"2025-10-16T21:27:02","modified_gmt":"2025-10-16T18:27:02","slug":"turkiye-5g-ihalesi-sonuclandi","status":"publish","type":"post","link":"https:\/\/www.trabzonmanset.com\/index.php\/2025\/10\/16\/turkiye-5g-ihalesi-sonuclandi\/","title":{"rendered":"T\u00fcrkiye 5G \u0130halesi Sonu\u00e7land\u0131"},"content":{"rendered":"\n<p>Bakan Uralo\u011flu, 5G ihalesinde 3 operat\u00f6r\u00fcn 2.95 milyar dolar teklif vererek frekans ald\u0131.<\/p>\n\n\n\n<p>Ula\u015ft\u0131rma ve Altyap\u0131 Bakan\u0131 Abdulkadir Uralo\u011flu, bug\u00fcn ger\u00e7ekle\u015ftirilen 5G ihalesi kapsam\u0131nda 3 operat\u00f6r\u00fcn 2 milyar 945 milyon dolar teklif vererek frekans bantlar\u0131n\u0131 almaya hak kazand\u0131\u011f\u0131n\u0131 bildirdi. Bakan Uralo\u011flu, ihale bedelinin KDV dahil olmak \u00fczere 3 milyar 534 milyon dolara ula\u015ft\u0131\u011f\u0131n\u0131 a\u00e7\u0131klad\u0131.<\/p>\n\n\n\n<p>Bakan Uralo\u011flu, bug\u00fcn ger\u00e7ekle\u015ftirilen 5G mobil elektronik haberle\u015fme altyap\u0131lar\u0131n\u0131n kurulmas\u0131, i\u015fletilmesi ve hizmetlerin sunulmas\u0131na ili\u015fkin yetkilendirme ihalesi hakk\u0131nda a\u00e7\u0131klamada bulundu. Bakan Uralo\u011flu, ihalenin 2 milyar 125 milyon dolar asgari de\u011fer \u00fczerinden ger\u00e7ekle\u015ftirildi\u011fini belirterek, &#8220;\u0130hale, 700 MHz ve 3.5 GHz frekans bantlar\u0131nda toplam 400 MHz frekans i\u00e7in ger\u00e7ekle\u015ftirildi. Toplam 11 farkl\u0131 frekans paketi i\u015fletmecilere tahsis edildi&#8221; dedi.<\/p>\n\n\n\n<p>&#8220;\u0130\u015fletmeciler toplam 2 milyar 945 milyon dolar teklif verdi&#8221;<\/p>\n\n\n\n<p>Bakan Uralo\u011flu, &#8220;3 operat\u00f6r, 700 MHz band\u0131ndaki 3 paket frekans i\u00e7in 1 milyar 280 milyon dolar, 3.5 GHz band\u0131ndaki 8 frekans paketi i\u00e7in 1 milyar 665 milyon dolar olmak \u00fczere toplamda 2 milyar 945 milyon dolar teklif vererek frekans bantlar\u0131n\u0131 almaya hak kazand\u0131. B\u00f6ylece ihale bedeli KDV dahil 3 milyar 534 milyon dolara ula\u015ft\u0131. \u0130\u015fletmecilerimiz, yeni yetkilendirmeleri \u00e7er\u00e7evesinde 1 Nisan 2026 tarihinden itibaren 5G hizmetini sunmaya ba\u015flayacak&#8221; dedi.<\/p>\n\n\n\n<p>&#8220;Yetkilendirme s\u00fcresi 31 Aral\u0131k 2042&#8217;ye kadar devam edecek&#8221;<\/p>\n\n\n\n<p>Bakan Uralo\u011flu, ihale sonucunda olu\u015fan bedelin kazananlar taraf\u0131ndan \u00fc\u00e7 e\u015fit taksitte \u00f6denece\u011fini belirterek, &#8220;Ayr\u0131ca 30 Nisan 2029&#8217;da sona erecek mevcut yetkilendirmelerin 5G ihalesi kapsam\u0131na dahil edilebilmesi i\u00e7in i\u015fletmeciler, her y\u0131l br\u00fct sat\u0131\u015flar\u0131n\u0131n y\u00fczde 5&#8217;i oran\u0131nda \u00f6deme yapacak. Yetkilendirme s\u00fcresi ise 31 Aral\u0131k 2042&#8217;ye kadar devam edecek&#8221; \u015feklinde konu\u015ftu.<\/p>\n\n\n\n<p>5G altyap\u0131s\u0131nda yerlilik ve millili\u011fin te\u015fvik edildi\u011fini ifade eden Uralo\u011flu, &#8220;Y\u00fczde 60&#8217;a varan oranda yerli \u00fcr\u00fcn, y\u00fczde 30&#8217;a kadar milli haberle\u015fme \u00fcr\u00fcn\u00fc kullanma zorunlulu\u011fu olacak. B\u00f6ylece hem teknolojide d\u0131\u015fa ba\u011f\u0131ml\u0131l\u0131\u011f\u0131 azaltacak hem de yerli \u00fcretimi te\u015fvik edece\u011fiz&#8221; dedi.<\/p>\n\n\n\n<p>Yeni d\u00f6nemle birlikte mobil internet h\u0131z\u0131 artacak<\/p>\n\n\n\n<p>Bakan Uralo\u011flu, 5G teknolojisinin \u00e7ok daha d\u00fc\u015f\u00fck gecikme s\u00fcreleri ve \u00e7ok daha y\u00fcksek ba\u011flant\u0131 kapasiteleri ile sadece g\u00fcnl\u00fck hayat\u0131 de\u011fil, i\u015f yap\u0131\u015f bi\u00e7imlerini de de\u011fi\u015ftirece\u011fini belirtti. Bakan Uralo\u011flu, a\u00e7\u0131klamas\u0131nda \u015fu ifadelere yer verdi:<\/p>\n\n\n\n<p>&#8220;2G, 3G ve 4.5G hizmetlerini ba\u015far\u0131yla s\u00fcrd\u00fcren i\u015fletmecilerimizle yo\u011fun teknik \u00e7al\u0131\u015fmalar y\u00fcr\u00fctt\u00fck. Yeni d\u00f6nemle birlikte mobil internet h\u0131zlar\u0131nda 4,5G&#8217;ye k\u0131yasla 10 kata varan art\u0131\u015f deneyimlenebilecek. Bu a\u00e7\u0131dan bak\u0131ld\u0131\u011f\u0131nda 5G teknolojisi, sahip oldu\u011fu \u00e7ok d\u00fc\u015f\u00fck gecikmeli mobil ileti\u015fim ve yo\u011fun makine tipi haberle\u015fme \u00f6zellikleri ile bir\u00e7ok sekt\u00f6rde i\u015f s\u00fcre\u00e7lerinde \u00f6nemli de\u011fi\u015fikliklere yol a\u00e7acak. \u00d6rne\u011fin, tam otonom s\u00fcr\u00fc\u015f, uzaktan ameliyat, ak\u0131ll\u0131 tar\u0131m, ak\u0131ll\u0131 fabrikalar gibi alanlarda 5G&#8217;nin sundu\u011fu imkanlardan faydalan\u0131lacak.&#8221;<\/p>\n\n\n\n<p>Bulgaristan&#8217;da olan Bakan Uralo\u011flu, ihalenin ard\u0131ndan video konferans y\u00f6ntemiyle alana ba\u011flanarak, 5G s\u00fcrecinde eme\u011fi ge\u00e7en herkese te\u015fekk\u00fcr etti. 5G ihalesinin t\u00fcm T\u00fcrkiye&#8217;ye hay\u0131rl\u0131 olmas\u0131n\u0131 dileyen Uralo\u011flu, &#8220;\u00dclkemize hay\u0131rl\u0131 olsun. Hem \u00fclkemizin her yerinin daha ula\u015f\u0131labilir olmas\u0131 hem y\u00fcksek kalitede \u00e7ekim h\u0131zlar\u0131yla beraber ve yine kamuya da \u00e7ok ciddi bir \u015fekilde katk\u0131 sa\u011flam\u0131\u015f olarak yeni yat\u0131r\u0131mlarla beraber \u00fclkemize hay\u0131rl\u0131 u\u011furlu olsun&#8221; dedi.<\/p>\n\n\n\n<p>\u0130hale kapsam\u0131nda A1 700 MHz frekans lisans hakk\u0131n\u0131 429 milyon dolarla Turkcell, A2 700 MHz frekans lisans hakk\u0131n\u0131 426 milyon dolarla Vodafone kazan\u0131rken, A3 700 MHz frekans lisans hakk\u0131n\u0131 ise 425 milyon dolarla T\u00fcrk Telekom kazand\u0131.<\/p>\n\n\n\n<p>B1 paketini 214 milyon dolarla Turkcell, B2 paketini 209 milyon dolarla T\u00fcrk Telekom, B3 paketini 201 milyon dolarla Vodafone sat\u0131n ald\u0131. Turkcell, B4 paketini 187 milyon dolara, B5 paketini 186 milyon dolara ve B6 paketini 208 milyon dolara sat\u0131n ald\u0131. T\u00fcrk Telekom, B7 paketine 212 milyon dolar, B8 paketine ise 248 milyon dolar teklif ederek bu ihaleleri kazand\u0131. &#8211; ANKARA<\/p>\n\n\n\n<p>Kaynak:&nbsp;\u0130HA<\/p>\n","protected":false},"excerpt":{"rendered":"<p>Bakan Uralo\u011flu, 5G ihalesinde 3 operat\u00f6r\u00fcn 2.95 milyar dolar teklif vererek frekans ald\u0131. Ula\u015ft\u0131rma ve Altyap\u0131 Bakan\u0131 Abdulkadir Uralo\u011flu, bug\u00fcn ger\u00e7ekle\u015ftirilen 5G ihalesi kapsam\u0131nda 3 operat\u00f6r\u00fcn 2 milyar 945 milyon dolar teklif vererek frekans bantlar\u0131n\u0131 almaya hak kazand\u0131\u011f\u0131n\u0131 bildirdi. Bakan Uralo\u011flu, ihale bedelinin KDV dahil olmak \u00fczere 3 milyar 534 milyon dolara ula\u015ft\u0131\u011f\u0131n\u0131 a\u00e7\u0131klad\u0131. Bakan [&hellip;]<\/p>\n","protected":false},"author":1,"featured_media":5580,"comment_status":"open","ping_status":"open","sticky":false,"template":"","format":"standard","meta":{"footnotes":""},"categories":[11,15],"tags":[1760,1763,566,471,1762,220,154,794,1761],"class_list":["post-5579","post","type-post","status-publish","format-standard","has-post-thumbnail","hentry","category-manset","category-teknoloji","tag-5g","tag-b7-paketi","tag-ekonomi","tag-teknoloji","tag-turk-telekom","tag-turkcell","tag-turkiye","tag-ulastirma-ve-altyapi-bakani","tag-vodofone"],"_links":{"self":[{"href":"https:\/\/www.trabzonmanset.com\/index.php\/wp-json\/wp\/v2\/posts\/5579","targetHints":{"allow":["GET"]}}],"collection":[{"href":"https:\/\/www.trabzonmanset.com\/index.php\/wp-json\/wp\/v2\/posts"}],"about":[{"href":"https:\/\/www.trabzonmanset.com\/index.php\/wp-json\/wp\/v2\/types\/post"}],"author":[{"embeddable":true,"href":"https:\/\/www.trabzonmanset.com\/index.php\/wp-json\/wp\/v2\/users\/1"}],"replies":[{"embeddable":true,"href":"https:\/\/www.trabzonmanset.com\/index.php\/wp-json\/wp\/v2\/comments?post=5579"}],"version-history":[{"count":1,"href":"https:\/\/www.trabzonmanset.com\/index.php\/wp-json\/wp\/v2\/posts\/5579\/revisions"}],"predecessor-version":[{"id":5581,"href":"https:\/\/www.trabzonmanset.com\/index.php\/wp-json\/wp\/v2\/posts\/5579\/revisions\/5581"}],"wp:featuredmedia":[{"embeddable":true,"href":"https:\/\/www.trabzonmanset.com\/index.php\/wp-json\/wp\/v2\/media\/5580"}],"wp:attachment":[{"href":"https:\/\/www.trabzonmanset.com\/index.php\/wp-json\/wp\/v2\/media?parent=5579"}],"wp:term":[{"taxonomy":"category","embeddable":true,"href":"https:\/\/www.trabzonmanset.com\/index.php\/wp-json\/wp\/v2\/categories?post=5579"},{"taxonomy":"post_tag","embeddable":true,"href":"https:\/\/www.trabzonmanset.com\/index.php\/wp-json\/wp\/v2\/tags?post=5579"}],"curies":[{"name":"wp","href":"https:\/\/api.w.org\/{rel}","templated":true}]}}