{"id":5573,"date":"2025-10-16T15:10:00","date_gmt":"2025-10-16T12:10:00","guid":{"rendered":"https:\/\/www.trabzonmanset.com\/?p=5573"},"modified":"2025-10-16T18:35:02","modified_gmt":"2025-10-16T15:35:02","slug":"fabrikada-dehset-daha-18-yasinda-2-kisiyi-hayattan-kopardi","status":"publish","type":"post","link":"https:\/\/www.trabzonmanset.com\/index.php\/2025\/10\/16\/fabrikada-dehset-daha-18-yasinda-2-kisiyi-hayattan-kopardi\/","title":{"rendered":"Fabrikada deh\u015fet! Daha 18 ya\u015f\u0131nda 2 ki\u015fiyi hayattan kopard\u0131"},"content":{"rendered":"\n<p>Mu\u011fla&#8217;n\u0131n Milas il\u00e7esinde, bir fabrikada &#8216;alacak&#8217; nedeniyle \u00e7\u0131kan silahl\u0131 kavgada, Halil \u0130brahim Tuzcu ve Ali Taha Demir ya\u015fam\u0131n\u0131 yitirdi. 18 ya\u015f\u0131ndaki \u015f\u00fcpheli M.A.\u00d6., g\u00f6zalt\u0131na al\u0131nd\u0131.<\/p>\n\n\n\n<p>Mu\u011fla&#8217;da saat 11.30 s\u0131ralar\u0131nda, Milas- Yata\u011fan yolundaki yem fabrikas\u0131nda Halil \u0130brahim Tuzcu, Ali Taha Demir ve M.A.\u00d6. aras\u0131nda &#8216;alacak&#8217; nedeniyle tart\u0131\u015fma \u00e7\u0131kt\u0131. Kavgaya d\u00f6n\u00fc\u015fen olayda 18 ya\u015f\u0131ndaki M.A.\u00d6., tabancayla Tuzcu ve Demir&#8217;e ate\u015f a\u00e7t\u0131.<\/p>\n\n\n\n<h3 class=\"wp-block-heading\">\u0130K\u0130 GEN\u00c7 HAYATINI KAYBETT\u0130<\/h3>\n\n\n\n<p>\u0130hbarla b\u00f6lgeye sa\u011fl\u0131k ve polis ekipleri sevk edildi. Sa\u011fl\u0131k g\u00f6revlilerinin kontrol\u00fcnde Tuzcu&#8217;nun olay yerinde hayat\u0131n\u0131 kaybetti\u011fi belirtildi, Demir ise ilk m\u00fcdahalesinin ard\u0131ndan Milas Devlet Hastanesi&#8217;ne kald\u0131r\u0131ld\u0131. T\u00fcm m\u00fcdahalelere ra\u011fmen Demir de kurtar\u0131lamad\u0131.<\/p>\n\n\n\n<figure class=\"wp-block-image size-full\"><img loading=\"lazy\" decoding=\"async\" width=\"640\" height=\"292\" src=\"https:\/\/www.trabzonmanset.com\/wp-content\/uploads\/2025\/10\/mugla-da-silahli-kavga-2-olu-19154524_1214_m.png?wsr\" alt=\"\" class=\"wp-image-5574\" srcset=\"https:\/\/www.trabzonmanset.com\/wp-content\/uploads\/2025\/10\/mugla-da-silahli-kavga-2-olu-19154524_1214_m.png 640w, https:\/\/www.trabzonmanset.com\/wp-content\/uploads\/2025\/10\/mugla-da-silahli-kavga-2-olu-19154524_1214_m-300x137.png 300w\" sizes=\"auto, (max-width: 640px) 100vw, 640px\" \/><\/figure>\n\n\n\n<h3 class=\"wp-block-heading\">KAT\u0130L ZANLISI G\u00d6ZALTINDA<\/h3>\n\n\n\n<p>Olayla ilgili \u015f\u00fcpheli M.A.\u00d6. ise polis ekipleri taraf\u0131ndan yakalan\u0131p, g\u00f6zalt\u0131na al\u0131nd\u0131. Savc\u0131n\u0131n inlemesinin ard\u0131ndan Demir ve Tuzcu&#8217;nun cans\u0131z bedenleri, otopsi i\u00e7in Mu\u011fla Adli T\u0131p Kurumu&#8217;nun morguna kald\u0131r\u0131ld\u0131. Olayla ilgili soru\u015fturma s\u00fcr\u00fcyor.<\/p>\n\n\n\n<p>Kaynak:&nbsp;AA<\/p>\n","protected":false},"excerpt":{"rendered":"<p>Mu\u011fla&#8217;n\u0131n Milas il\u00e7esinde, bir fabrikada &#8216;alacak&#8217; nedeniyle \u00e7\u0131kan silahl\u0131 kavgada, Halil \u0130brahim Tuzcu ve Ali Taha Demir ya\u015fam\u0131n\u0131 yitirdi. 18 ya\u015f\u0131ndaki \u015f\u00fcpheli M.A.\u00d6., g\u00f6zalt\u0131na al\u0131nd\u0131. Mu\u011fla&#8217;da saat 11.30 s\u0131ralar\u0131nda, Milas- Yata\u011fan yolundaki yem fabrikas\u0131nda Halil \u0130brahim Tuzcu, Ali Taha Demir ve M.A.\u00d6. aras\u0131nda &#8216;alacak&#8217; nedeniyle tart\u0131\u015fma \u00e7\u0131kt\u0131. Kavgaya d\u00f6n\u00fc\u015fen olayda 18 ya\u015f\u0131ndaki M.A.\u00d6., tabancayla Tuzcu [&hellip;]<\/p>\n","protected":false},"author":1,"featured_media":0,"comment_status":"open","ping_status":"open","sticky":false,"template":"","format":"standard","meta":{"footnotes":""},"categories":[1371,1],"tags":[548,1758,545,544,1757,305,498,1755,1324,1756,565],"class_list":["post-5573","post","type-post","status-publish","format-standard","hentry","category-asayis","category-gundem","tag-3-sayfa","tag-ali-taha-demir","tag-guncel","tag-guvenlik","tag-halil-ibrahim-tuzcu","tag-hukuk","tag-kavga","tag-milas","tag-mugla","tag-mugla-haber","tag-politika"],"_links":{"self":[{"href":"https:\/\/www.trabzonmanset.com\/index.php\/wp-json\/wp\/v2\/posts\/5573","targetHints":{"allow":["GET"]}}],"collection":[{"href":"https:\/\/www.trabzonmanset.com\/index.php\/wp-json\/wp\/v2\/posts"}],"about":[{"href":"https:\/\/www.trabzonmanset.com\/index.php\/wp-json\/wp\/v2\/types\/post"}],"author":[{"embeddable":true,"href":"https:\/\/www.trabzonmanset.com\/index.php\/wp-json\/wp\/v2\/users\/1"}],"replies":[{"embeddable":true,"href":"https:\/\/www.trabzonmanset.com\/index.php\/wp-json\/wp\/v2\/comments?post=5573"}],"version-history":[{"count":1,"href":"https:\/\/www.trabzonmanset.com\/index.php\/wp-json\/wp\/v2\/posts\/5573\/revisions"}],"predecessor-version":[{"id":5575,"href":"https:\/\/www.trabzonmanset.com\/index.php\/wp-json\/wp\/v2\/posts\/5573\/revisions\/5575"}],"wp:attachment":[{"href":"https:\/\/www.trabzonmanset.com\/index.php\/wp-json\/wp\/v2\/media?parent=5573"}],"wp:term":[{"taxonomy":"category","embeddable":true,"href":"https:\/\/www.trabzonmanset.com\/index.php\/wp-json\/wp\/v2\/categories?post=5573"},{"taxonomy":"post_tag","embeddable":true,"href":"https:\/\/www.trabzonmanset.com\/index.php\/wp-json\/wp\/v2\/tags?post=5573"}],"curies":[{"name":"wp","href":"https:\/\/api.w.org\/{rel}","templated":true}]}}