{"id":5555,"date":"2025-10-16T18:10:39","date_gmt":"2025-10-16T15:10:39","guid":{"rendered":"https:\/\/www.trabzonmanset.com\/?p=5555"},"modified":"2025-10-16T18:10:39","modified_gmt":"2025-10-16T15:10:39","slug":"canli-yayinda-konusan-burak-yilmazin-telefonuna-surpriz-mesaj-bakin-kimden","status":"publish","type":"post","link":"https:\/\/www.trabzonmanset.com\/index.php\/2025\/10\/16\/canli-yayinda-konusan-burak-yilmazin-telefonuna-surpriz-mesaj-bakin-kimden\/","title":{"rendered":"Canl\u0131 yay\u0131nda konu\u015fan Burak Y\u0131lmaz&#8217;\u0131n telefonuna s\u00fcrpriz mesaj! Bak\u0131n kimden"},"content":{"rendered":"\n<p>S\u00fcper Lig ekibi Gaziantep FK&#8217;n\u0131n Teknik Direkt\u00f6r\u00fc Burak Y\u0131lmaz, canl\u0131 yay\u0131nda r\u00f6portaj s\u0131ras\u0131nda s\u00fcrpriz bir mesaj ald\u0131. Telefonuna gelen mesaj\u0131 g\u00f6ren Y\u0131lmaz, mesaj\u0131n Galatasaray&#8217;\u0131n eski teknik direkt\u00f6r\u00fc Fatih Terim&#8217;den geldi\u011fini g\u00f6rd\u00fc. Terim&#8217;in kendisini izledi\u011fini aktaran Burak Y\u0131lmaz, bu durumun kendisini \u00e7ok mutlu etti\u011fini s\u00f6yledi.<\/p>\n\n\n\n<p>S\u00fcper Lig ekibi Gaziantep FK Teknik Direkt\u00f6r\u00fc Burak Y\u0131lmaz, beIN SPORTS&#8217;a g\u00fcndeme dair \u00e7arp\u0131c\u0131 a\u00e7\u0131klamalarda bulundu.<\/p>\n\n\n\n<h3 class=\"wp-block-heading\">CANLI YAYINDA S\u00dcRPR\u0130Z MESAJ<\/h3>\n\n\n\n<p>Burak Y\u0131lmaz&#8217;\u0131n telefonuna r\u00f6portaj s\u0131ras\u0131nda s\u00fcrpriz bir mesaj geldi. Gen\u00e7 teknik adam, kendisine soru soruldu\u011fu s\u0131rada \u00f6n\u00fcnde duran telefonuna bakararak, Fatih Terim&#8217;den mesaj geldi\u011fini g\u00f6rd\u00fc. Telefonu eline alan Burak Y\u0131lmaz, r\u00f6portaj\u0131 yapan gazeteciye d\u00f6nerek, &#8220;Fatih hoca mesaj atm\u0131\u015f, canl\u0131 yay\u0131nda&#8221; diyerek g\u00fcl\u00fcmsedi.<\/p>\n\n\n\n<h3 class=\"wp-block-heading\">&#8216;\u00c7OK MUTLU ETT\u0130&#8217;<\/h3>\n\n\n\n<p><em>Daha <\/em>sonras\u0131nda Fatih Terim&#8217;den gelen mesaj\u0131 okuyan Burak Y\u0131lmaz, &#8220;Hocam benim, izledi\u011fini s\u00f6ylemi\u015f. \u00c7ok mutlu oldum. Kendisine de selamlar. \u00c7ok mutlu etti bizi, \u00e7ok de\u011ferli bizim i\u00e7in.&#8221; ifadelerini kulland\u0131. Ciddi bir havada giden r\u00f6portajda Fatih Terim&#8217;in mesaj\u0131 sonras\u0131 g\u00fcl\u00fcmseten anlar ya\u015fand\u0131.<\/p>\n\n\n\n<figure class=\"wp-block-image size-full\"><img loading=\"lazy\" decoding=\"async\" width=\"640\" height=\"309\" src=\"https:\/\/www.trabzonmanset.com\/wp-content\/uploads\/2025\/10\/canli-yayinda-konusan-burak-yilmaz-in-telefonuna-19155276_4121_m.png?wsr\" alt=\"\" class=\"wp-image-5556\" srcset=\"https:\/\/www.trabzonmanset.com\/wp-content\/uploads\/2025\/10\/canli-yayinda-konusan-burak-yilmaz-in-telefonuna-19155276_4121_m.png 640w, https:\/\/www.trabzonmanset.com\/wp-content\/uploads\/2025\/10\/canli-yayinda-konusan-burak-yilmaz-in-telefonuna-19155276_4121_m-300x145.png 300w\" sizes=\"auto, (max-width: 640px) 100vw, 640px\" \/><\/figure>\n\n\n\n<h3 class=\"wp-block-heading\">&#8216;\u00c7OK FORMDA TAKIMIM VAR&#8217;<\/h3>\n\n\n\n<p>\u00d6te yandan tak\u0131m\u0131n\u0131n durumu hakk\u0131nda konu\u015fan Burak Y\u0131lmaz, &#8220;Milli ara yo\u011fun ge\u00e7iyor. Fiziksel \u00e7al\u0131\u015fmalar\u0131m\u0131z, hem teknik hem taktik \u00e7al\u0131\u015fmlar\u0131m\u0131z devam ediyor. \u00c7ok formda olan bir tak\u0131m\u0131m var. Oyuncular\u0131m \u00f6zg\u00fcvenlerini yakalad\u0131lar. Hangi oyuncudan ne katk\u0131 alabilece\u011fimizi \u00e7ok iyi biliyoruz. Antalyaspor ma\u00e7\u0131n\u0131 bekliyoruz. \u00c7ok g\u00fczel bir aile ortam\u0131m\u0131z var. Oyuncular\u0131m\u0131z\u0131n alk\u0131\u015flanmas\u0131n\u0131, dolu trib\u00fcnler \u00f6n\u00fcnde oynamas\u0131n\u0131 istiyoruz.&#8221; dedi.<\/p>\n\n\n\n<h3 class=\"wp-block-heading\">&#8216;BURALARA \u00c7IKACA\u011eINI B\u0130L\u0130YORDUK&#8217;<\/h3>\n\n\n\n<p>Ay-Y\u0131ld\u0131zl\u0131lar\u0131n kaptan\u0131 Hakan \u00c7alhano\u011flu ile ilgili \u00f6vg\u00fc dolu s\u00f6zler sarf eden gen\u00e7 teknik adam, &#8220;Hakan \u00c7alhano\u011flu&#8217;nun kaptanl\u0131\u011f\u0131n\u0131 \u00e7ok be\u011feniyorum. Aile dostumdur kendisi ara s\u0131ra g\u00f6r\u00fc\u015f\u00fcyoruz. Fatih Terim zaman\u0131nda ilk milli tak\u0131ma geldi\u011finde bu seviyelere \u00e7\u0131kaca\u011f\u0131n\u0131 biliyorduk. Uzun y\u0131llar bu seviyede oynamak, kaptanl\u0131k yapmak \u00e7ok de\u011ferli.&#8221; yorumunu yapt\u0131.<\/p>\n\n\n\n<figure class=\"wp-block-image size-full\"><img loading=\"lazy\" decoding=\"async\" width=\"640\" height=\"426\" src=\"https:\/\/www.trabzonmanset.com\/wp-content\/uploads\/2025\/10\/canli-yayinda-konusan-burak-yilmaz-in-telefonuna-19155276_2166_m.png?wsr\" alt=\"\" class=\"wp-image-5557\" srcset=\"https:\/\/www.trabzonmanset.com\/wp-content\/uploads\/2025\/10\/canli-yayinda-konusan-burak-yilmaz-in-telefonuna-19155276_2166_m.png 640w, https:\/\/www.trabzonmanset.com\/wp-content\/uploads\/2025\/10\/canli-yayinda-konusan-burak-yilmaz-in-telefonuna-19155276_2166_m-300x200.png 300w\" sizes=\"auto, (max-width: 640px) 100vw, 640px\" \/><\/figure>\n\n\n\n<h3 class=\"wp-block-heading\">&#8216;D\u00dcNYA KUPASI&#8217;NIN B\u0130ZE \u0130HT\u0130YACI VAR&#8217;<\/h3>\n\n\n\n<p>Milli tak\u0131m hakk\u0131nda da yorum yapan Burak Y\u0131lmaz, &#8220;Umar\u0131m milli tak\u0131m\u0131m\u0131z D\u00fcnya Kupas\u0131&#8217;na gider. Bunu hak ediyoruz. D\u00fcnya Kupas\u0131&#8217;n\u0131n da bize ihtiyac\u0131 var. Bence biz bu turnuvada yer alaca\u011f\u0131z.&#8221; ifadelerini kulland\u0131.<\/p>\n\n\n\n<h3 class=\"wp-block-heading\">ARDA G\u00dcLER VE KENAN YILDIZ<\/h3>\n\n\n\n<p>Burak, Y\u0131lmaz, Arda G\u00fcler ve Kenan Y\u0131ld\u0131z ile ilgiliyse, &#8220;\u00c7ok yetenekli oyuncular. Biri Real Madrid&#8217;de di\u011feri de Juventus&#8217;ta oynuyor. Kerem, Yunus, O\u011fuz, Orkun \u0130smail&#8230; Hepsi ayr\u0131 ayr\u0131 de\u011ferli isimler. Ama Kenan ve Arda bu oyuncular\u0131n \u00f6nc\u00fcs\u00fc gibi g\u00f6r\u00fcn\u00fcyorlar. Umar\u0131m bizi D\u00fcnya Kupas\u0131&#8217;na g\u00f6t\u00fcr\u00fcrler. \u0130n\u015fallah.&#8217; s\u00f6zlerini sarf etti.<\/p>\n\n\n\n<p><\/p>\n","protected":false},"excerpt":{"rendered":"<p>S\u00fcper Lig ekibi Gaziantep FK&#8217;n\u0131n Teknik Direkt\u00f6r\u00fc Burak Y\u0131lmaz, canl\u0131 yay\u0131nda r\u00f6portaj s\u0131ras\u0131nda s\u00fcrpriz bir mesaj ald\u0131. Telefonuna gelen mesaj\u0131 g\u00f6ren Y\u0131lmaz, mesaj\u0131n Galatasaray&#8217;\u0131n eski teknik direkt\u00f6r\u00fc Fatih Terim&#8217;den geldi\u011fini g\u00f6rd\u00fc. Terim&#8217;in kendisini izledi\u011fini aktaran Burak Y\u0131lmaz, bu durumun kendisini \u00e7ok mutlu etti\u011fini s\u00f6yledi. S\u00fcper Lig ekibi Gaziantep FK Teknik Direkt\u00f6r\u00fc Burak Y\u0131lmaz, beIN SPORTS&#8217;a [&hellip;]<\/p>\n","protected":false},"author":1,"featured_media":5558,"comment_status":"open","ping_status":"open","sticky":false,"template":"","format":"standard","meta":{"footnotes":""},"categories":[14],"tags":[1746,1719,1077,451,747,485],"class_list":["post-5555","post","type-post","status-publish","format-standard","has-post-thumbnail","hentry","category-spor","tag-burak-yilmaz","tag-fatih-terim","tag-futbol","tag-galatasaray","tag-gaziantep-fk","tag-spor"],"_links":{"self":[{"href":"https:\/\/www.trabzonmanset.com\/index.php\/wp-json\/wp\/v2\/posts\/5555","targetHints":{"allow":["GET"]}}],"collection":[{"href":"https:\/\/www.trabzonmanset.com\/index.php\/wp-json\/wp\/v2\/posts"}],"about":[{"href":"https:\/\/www.trabzonmanset.com\/index.php\/wp-json\/wp\/v2\/types\/post"}],"author":[{"embeddable":true,"href":"https:\/\/www.trabzonmanset.com\/index.php\/wp-json\/wp\/v2\/users\/1"}],"replies":[{"embeddable":true,"href":"https:\/\/www.trabzonmanset.com\/index.php\/wp-json\/wp\/v2\/comments?post=5555"}],"version-history":[{"count":1,"href":"https:\/\/www.trabzonmanset.com\/index.php\/wp-json\/wp\/v2\/posts\/5555\/revisions"}],"predecessor-version":[{"id":5559,"href":"https:\/\/www.trabzonmanset.com\/index.php\/wp-json\/wp\/v2\/posts\/5555\/revisions\/5559"}],"wp:featuredmedia":[{"embeddable":true,"href":"https:\/\/www.trabzonmanset.com\/index.php\/wp-json\/wp\/v2\/media\/5558"}],"wp:attachment":[{"href":"https:\/\/www.trabzonmanset.com\/index.php\/wp-json\/wp\/v2\/media?parent=5555"}],"wp:term":[{"taxonomy":"category","embeddable":true,"href":"https:\/\/www.trabzonmanset.com\/index.php\/wp-json\/wp\/v2\/categories?post=5555"},{"taxonomy":"post_tag","embeddable":true,"href":"https:\/\/www.trabzonmanset.com\/index.php\/wp-json\/wp\/v2\/tags?post=5555"}],"curies":[{"name":"wp","href":"https:\/\/api.w.org\/{rel}","templated":true}]}}