{"id":5550,"date":"2025-10-16T18:07:08","date_gmt":"2025-10-16T15:07:08","guid":{"rendered":"https:\/\/www.trabzonmanset.com\/?p=5550"},"modified":"2025-10-16T18:07:09","modified_gmt":"2025-10-16T15:07:09","slug":"bahceli-de-kullanmisti-ahmet-turk-o-ifadeye-karsi-cikti-bu-kelimeden-nefret-ediyorum","status":"publish","type":"post","link":"https:\/\/www.trabzonmanset.com\/index.php\/2025\/10\/16\/bahceli-de-kullanmisti-ahmet-turk-o-ifadeye-karsi-cikti-bu-kelimeden-nefret-ediyorum\/","title":{"rendered":"Bah\u00e7eli de kullanm\u0131\u015ft\u0131! Ahmet T\u00fcrk o ifadeye kar\u015f\u0131 \u00e7\u0131kt\u0131: Bu kelimeden nefret ediyorum"},"content":{"rendered":"\n<p>Yerine kayyum atanan Mardin Belediye Ba\u015fkan\u0131 Ahmet T\u00fcrk, verdi\u011fi bir r\u00f6portajda ailelerinde &#8220;A\u011fal\u0131k&#8221; kavram\u0131n\u0131n olmad\u0131\u011f\u0131n\u0131 belirterek &#8220;Bug\u00fcne kadar kimse beni &#8216;Ahmet A\u011fa&#8217; diye \u00e7a\u011f\u0131rmam\u0131\u015f. &#8216;A\u011fa&#8217; kelimesinden de nefret ediyorum&#8221; dedi. Hat\u0131rlanaca\u011f\u0131 \u00fczere bir d\u00f6nem MHP lideri Devlet Bah\u00e7eli de T\u00fcrk i\u00e7in &#8220;Ahmet T\u00fcrk bey de\u011ferli bir \u015fahsiyet. A\u011fal\u0131k vasf\u0131na sahip bir insan&#8221; ifadelerini kullanm\u0131\u015ft\u0131.<\/p>\n\n\n\n<p>Sa\u011fl\u0131k sorunlar\u0131ndan siyasi hayat\u0131na kadar kendisi hakk\u0131nda merak edilenleri yan\u0131tlayan Ahmet T\u00fcrk, verdi\u011fi bir r\u00f6portajda dikkat \u00e7eken de\u011ferlendirmelerde bulundu.<\/p>\n\n\n\n<h3 class=\"wp-block-heading\">&#8220;B\u0130Z \u00d6YLE B\u0130R A\u0130LE DE\u011e\u0130L\u0130Z&#8221;<\/h3>\n\n\n\n<p>&#8220;Benim ailemde a\u011fal\u0131k yok&#8221; diyen Ahmet T\u00fcrk, &#8220;Hi\u00e7 kimse de bize &#8216;a\u011fa&#8217; dememi\u015f. Bug\u00fcne kadar hi\u00e7bir insan &#8216;Ahmet A\u011fa&#8217; diye beni \u00e7a\u011f\u0131rmam\u0131\u015f. Herkes ya &#8216;Ahmet abi&#8217; demi\u015f ya da Ahmet amca&#8217; demi\u015f. Yani a\u011fal\u0131k lakab\u0131 ailemizle ba\u011flant\u0131l\u0131 bir \u015fey de\u011fil. Evet, baz\u0131 a\u015firet a\u011falar\u0131 var. A\u011fa olarak kendilerini lanse ediyor ama biz \u00f6yle bir aile de\u011filiz&#8221; ifadelerin kulland\u0131.<\/p>\n\n\n\n<figure class=\"wp-block-image size-full\"><img loading=\"lazy\" decoding=\"async\" width=\"640\" height=\"403\" src=\"https:\/\/www.trabzonmanset.com\/wp-content\/uploads\/2025\/10\/bahceli-de-kullanmisti-ahmet-turk-o-ifadeye-19155280_5995_m.webp?wsr\" alt=\"\" class=\"wp-image-5551\" srcset=\"https:\/\/www.trabzonmanset.com\/wp-content\/uploads\/2025\/10\/bahceli-de-kullanmisti-ahmet-turk-o-ifadeye-19155280_5995_m.webp 640w, https:\/\/www.trabzonmanset.com\/wp-content\/uploads\/2025\/10\/bahceli-de-kullanmisti-ahmet-turk-o-ifadeye-19155280_5995_m-300x189.webp 300w\" sizes=\"auto, (max-width: 640px) 100vw, 640px\" \/><\/figure>\n\n\n\n<p>MHP lideri Devlet Bah\u00e7eli, Ahmet T\u00fcrk i\u00e7in &#8220;Ahmet T\u00fcrk bey de\u011ferli bir \u015fahsiyet. A\u011fal\u0131k vasf\u0131na sahip bir insan&#8221; demi\u015fti.<\/p>\n\n\n\n<h3 class=\"wp-block-heading\">&#8220;O KEL\u0130MEDEN NEFRET ED\u0130YORUM&#8221;<\/h3>\n\n\n\n<p>S\u00f6zlerinin devam\u0131nda &#8216;a\u011fa&#8217; kelimesinden nefret etti\u011fi belirten Ahmet T\u00fcrk, &#8220;Ge\u00e7mi\u015fte toplum taraf\u0131ndan desteklendik. \u00d6zellikle o kan davas\u0131 s\u00fcre\u00e7lerinde b\u00fct\u00fcn Mardin bizden yanayd\u0131. Di\u011fer kar\u015f\u0131 taraftan yana de\u011fildi. \u00c7\u00fcnk\u00fc haks\u0131zl\u0131\u011fa u\u011frayan bir aileydik. Yani onun i\u00e7in \u00f6yle bir a\u011fal\u0131k falan \u015feyimiz yok. Ki &#8216;a\u011fa&#8217; kelimesinden de nefret ediyorum&#8221; dedi.<\/p>\n\n\n\n<figure class=\"wp-block-image size-full\"><img loading=\"lazy\" decoding=\"async\" width=\"640\" height=\"639\" src=\"https:\/\/www.trabzonmanset.com\/wp-content\/uploads\/2025\/10\/bahceli-de-kullanmisti-ahmet-turk-o-ifadeye-19155279_5828_m.webp?wsr\" alt=\"\" class=\"wp-image-5552\" srcset=\"https:\/\/www.trabzonmanset.com\/wp-content\/uploads\/2025\/10\/bahceli-de-kullanmisti-ahmet-turk-o-ifadeye-19155279_5828_m.webp 640w, https:\/\/www.trabzonmanset.com\/wp-content\/uploads\/2025\/10\/bahceli-de-kullanmisti-ahmet-turk-o-ifadeye-19155279_5828_m-300x300.webp 300w, https:\/\/www.trabzonmanset.com\/wp-content\/uploads\/2025\/10\/bahceli-de-kullanmisti-ahmet-turk-o-ifadeye-19155279_5828_m-150x150.webp 150w\" sizes=\"auto, (max-width: 640px) 100vw, 640px\" \/><\/figure>\n\n\n\n<p>Tedavi g\u00f6ren Ahmet T\u00fcrk&#8217;\u00fcn son hali&#8230;<\/p>\n\n\n\n<h3 class=\"wp-block-heading\">&#8220;KOLAY KOLAY \u00d6LMEM&#8221;<\/h3>\n\n\n\n<p>Kanser tedavisi g\u00f6ren Ahmet T\u00fcrk &#8220;Sa\u011fl\u0131k sorununuz devam ediyor mu?&#8221; sorusuna ise &#8220;Yok yok, tedavi iyi gidiyor. Kolay kolay \u00f6lmem&#8221; yan\u0131t\u0131n\u0131 verdi.<\/p>\n\n\n\n<p><\/p>\n","protected":false},"excerpt":{"rendered":"<p>Yerine kayyum atanan Mardin Belediye Ba\u015fkan\u0131 Ahmet T\u00fcrk, verdi\u011fi bir r\u00f6portajda ailelerinde &#8220;A\u011fal\u0131k&#8221; kavram\u0131n\u0131n olmad\u0131\u011f\u0131n\u0131 belirterek &#8220;Bug\u00fcne kadar kimse beni &#8216;Ahmet A\u011fa&#8217; diye \u00e7a\u011f\u0131rmam\u0131\u015f. &#8216;A\u011fa&#8217; kelimesinden de nefret ediyorum&#8221; dedi. Hat\u0131rlanaca\u011f\u0131 \u00fczere bir d\u00f6nem MHP lideri Devlet Bah\u00e7eli de T\u00fcrk i\u00e7in &#8220;Ahmet T\u00fcrk bey de\u011ferli bir \u015fahsiyet. A\u011fal\u0131k vasf\u0131na sahip bir insan&#8221; ifadelerini kullanm\u0131\u015ft\u0131. Sa\u011fl\u0131k [&hellip;]<\/p>\n","protected":false},"author":1,"featured_media":5553,"comment_status":"open","ping_status":"open","sticky":false,"template":"","format":"standard","meta":{"footnotes":""},"categories":[11],"tags":[1745,937,545,1741,1323,565,1744,551,491],"class_list":["post-5550","post","type-post","status-publish","format-standard","has-post-thumbnail","hentry","category-manset","tag-ahmet-turk","tag-devlet-bahceli","tag-guncel","tag-kayyum","tag-mardin","tag-politika","tag-sahsiyet","tag-son-dakika","tag-yasam"],"_links":{"self":[{"href":"https:\/\/www.trabzonmanset.com\/index.php\/wp-json\/wp\/v2\/posts\/5550","targetHints":{"allow":["GET"]}}],"collection":[{"href":"https:\/\/www.trabzonmanset.com\/index.php\/wp-json\/wp\/v2\/posts"}],"about":[{"href":"https:\/\/www.trabzonmanset.com\/index.php\/wp-json\/wp\/v2\/types\/post"}],"author":[{"embeddable":true,"href":"https:\/\/www.trabzonmanset.com\/index.php\/wp-json\/wp\/v2\/users\/1"}],"replies":[{"embeddable":true,"href":"https:\/\/www.trabzonmanset.com\/index.php\/wp-json\/wp\/v2\/comments?post=5550"}],"version-history":[{"count":1,"href":"https:\/\/www.trabzonmanset.com\/index.php\/wp-json\/wp\/v2\/posts\/5550\/revisions"}],"predecessor-version":[{"id":5554,"href":"https:\/\/www.trabzonmanset.com\/index.php\/wp-json\/wp\/v2\/posts\/5550\/revisions\/5554"}],"wp:featuredmedia":[{"embeddable":true,"href":"https:\/\/www.trabzonmanset.com\/index.php\/wp-json\/wp\/v2\/media\/5553"}],"wp:attachment":[{"href":"https:\/\/www.trabzonmanset.com\/index.php\/wp-json\/wp\/v2\/media?parent=5550"}],"wp:term":[{"taxonomy":"category","embeddable":true,"href":"https:\/\/www.trabzonmanset.com\/index.php\/wp-json\/wp\/v2\/categories?post=5550"},{"taxonomy":"post_tag","embeddable":true,"href":"https:\/\/www.trabzonmanset.com\/index.php\/wp-json\/wp\/v2\/tags?post=5550"}],"curies":[{"name":"wp","href":"https:\/\/api.w.org\/{rel}","templated":true}]}}