{"id":5536,"date":"2025-10-16T15:30:00","date_gmt":"2025-10-16T12:30:00","guid":{"rendered":"https:\/\/www.trabzonmanset.com\/?p=5536"},"modified":"2025-10-16T17:57:02","modified_gmt":"2025-10-16T14:57:02","slug":"turkiyeyi-bir-ust-lige-tasiyacak-kaynak-eskisehirde-kesfedildi-sirada-5-ilimiz-daha-var","status":"publish","type":"post","link":"https:\/\/www.trabzonmanset.com\/index.php\/2025\/10\/16\/turkiyeyi-bir-ust-lige-tasiyacak-kaynak-eskisehirde-kesfedildi-sirada-5-ilimiz-daha-var\/","title":{"rendered":"T\u00fcrkiye&#8217;yi bir \u00fcst lige ta\u015f\u0131yacak kaynak! Eski\u015fehir&#8217;de ke\u015ffedildi, s\u0131rada 5 ilimiz daha var"},"content":{"rendered":"\n<p>Cumhurba\u015fkan\u0131 Erdo\u011fan, Eski\u015fehir&#8217;in Beylikova il\u00e7esindeki 694 milyon tonluk nadir toprak elementi kayna\u011f\u0131n\u0131n T\u00fcrkiye i\u00e7in stratejik bir d\u00f6n\u00fcm noktas\u0131 oldu\u011funu a\u00e7\u0131klad\u0131. Uzmanlar, yaln\u0131zca Eski\u015fehir&#8217;de de\u011fil, Isparta, Konya, Malatya, Manisa ve Burdur gibi illerde de bu elementlerin bulundu\u011funu belirterek T\u00fcrkiye&#8217;nin d\u00fcnyadaki en b\u00fcy\u00fck rezerve sahip \u00fclkelerden biri haline geldi\u011fini belirtti.<\/p>\n\n\n\n<p>Cumhurba\u015fkan\u0131 Recep Tayyip Erdo\u011fan, Kabine Toplant\u0131s\u0131 sonras\u0131nda yapt\u0131\u011f\u0131 a\u00e7\u0131klamada T\u00fcrkiye&#8217;nin enerji ve maden politikalar\u0131nda yeni bir d\u00f6neme girdi\u011fini s\u00f6yledi. Erdo\u011fan, Eski\u015fehir&#8217;in Beylikova il\u00e7esindeki nadir toprak elementleri sahas\u0131nda 310 ayr\u0131 noktada yakla\u015f\u0131k 125 bin metre sondaj yap\u0131ld\u0131\u011f\u0131n\u0131 ve nadir toprak elementleri, barit ve florit ba\u015fta olmak \u00fczere toplam 694 milyon tonluk kaynak tespit edildi\u011fini duyurdu.<\/p>\n\n\n\n<h3 class=\"wp-block-heading\">T\u00dcRK\u0130YE \u00d6NEML\u0130 B\u0130R POTANS\u0130YELE SAH\u0130P<\/h3>\n\n\n\n<p>Cumhurba\u015fkan\u0131 Erdo\u011fan, T\u00fcrkiye&#8217;nin bu alanda \u00f6nemli bir potansiyele sahip oldu\u011funu vurgulayarak, pilot tesisin devreye al\u0131nd\u0131\u011f\u0131n\u0131 ve s\u00fcrecin h\u0131zla ilerledi\u011fini belirtti. Nadir element i\u015fleme teknolojisine sahip \u00fclkelerin bilgi payla\u015f\u0131m\u0131ndan ka\u00e7\u0131nd\u0131\u011f\u0131n\u0131 s\u00f6yleyen Erdo\u011fan, bu durumun T\u00fcrkiye&#8217;nin kendi teknolojisini geli\u015ftirmesini zorunlu hale getirdi\u011fini ifade etti.<\/p>\n\n\n\n<figure class=\"wp-block-image size-full\"><img loading=\"lazy\" decoding=\"async\" width=\"640\" height=\"393\" src=\"https:\/\/www.trabzonmanset.com\/wp-content\/uploads\/2025\/10\/turkiye-yi-bir-ust-lige-tasiyacak-kaynak-19154654_2022_m.png?wsr\" alt=\"\" class=\"wp-image-5539\" srcset=\"https:\/\/www.trabzonmanset.com\/wp-content\/uploads\/2025\/10\/turkiye-yi-bir-ust-lige-tasiyacak-kaynak-19154654_2022_m.png 640w, https:\/\/www.trabzonmanset.com\/wp-content\/uploads\/2025\/10\/turkiye-yi-bir-ust-lige-tasiyacak-kaynak-19154654_2022_m-300x184.png 300w\" sizes=\"auto, (max-width: 640px) 100vw, 640px\" \/><\/figure>\n\n\n\n<h3 class=\"wp-block-heading\">&#8220;\u0130T\u0130BARSIZLA\u015eTIRMAYA \u00c7ALI\u015eIYORLAR&#8221;<\/h3>\n\n\n\n<p>Yer alt\u0131 kaynaklar\u0131n\u0131 ekonomiye kazand\u0131rmak istemeyen \u00e7evrelerin uzun y\u0131llard\u0131r engelleme \u00e7abas\u0131 i\u00e7inde oldu\u011funu belirten Erdo\u011fan, &#8220;\u00d6nce maden aramalar\u0131n\u0131 durdurmaya, ba\u015faramazlarsa itibars\u0131zla\u015ft\u0131rmaya \u00e7al\u0131\u015f\u0131yorlar. Ama\u00e7 T\u00fcrkiye&#8217;nin bu potansiyelini kullanmas\u0131n\u0131 engellemek. Karadeniz gaz\u0131nda, Gabar&#8217;daki petrolde de ayn\u0131 tavr\u0131 g\u00f6rd\u00fck. Milletimizden ricam, bu oyunlara kar\u015f\u0131 uyan\u0131k olmas\u0131d\u0131r&#8221; dedi.<\/p>\n\n\n\n<figure class=\"wp-block-image size-full\"><img loading=\"lazy\" decoding=\"async\" width=\"640\" height=\"330\" src=\"https:\/\/www.trabzonmanset.com\/wp-content\/uploads\/2025\/10\/turkiye-yi-bir-ust-lige-tasiyacak-kaynak-19154654_8801_m.png?wsr\" alt=\"\" class=\"wp-image-5540\" srcset=\"https:\/\/www.trabzonmanset.com\/wp-content\/uploads\/2025\/10\/turkiye-yi-bir-ust-lige-tasiyacak-kaynak-19154654_8801_m.png 640w, https:\/\/www.trabzonmanset.com\/wp-content\/uploads\/2025\/10\/turkiye-yi-bir-ust-lige-tasiyacak-kaynak-19154654_8801_m-300x155.png 300w\" sizes=\"auto, (max-width: 640px) 100vw, 640px\" \/><\/figure>\n\n\n\n<h3 class=\"wp-block-heading\">SIRADA 5 \u0130L\u0130M\u0130Z DAHA VAR<\/h3>\n\n\n\n<p>Cumhurba\u015fkan\u0131 Erdo\u011fan&#8217;\u0131n a\u00e7\u0131klamalar\u0131 sonras\u0131 CNN T\u00fcrk&#8217;e konu\u015fan Prof. Dr. \u015eenay Yal\u00e7\u0131n ve Prof. Dr. Abdulkadir Develi, nadir elementlerin T\u00fcrkiye i\u00e7in ta\u015f\u0131d\u0131\u011f\u0131 stratejik \u00f6neme dikkat \u00e7ekti. Prof. Dr. \u015eenay Yal\u00e7\u0131n, savunma sanayiinden lazer teknolojisine, \u00e7ip \u00fcretiminden reakt\u00f6r kontrol\u00fcne kadar bir\u00e7ok alanda kullan\u0131lan bu elementlerin gelece\u011fin teknolojisini \u015fekillendirdi\u011fini belirtti. T\u00fcrkiye&#8217;nin, \u00c7in&#8217;in ard\u0131ndan en b\u00fcy\u00fck rezerve sahip \u00fclkelerden biri olarak \u00f6ne \u00e7\u0131kt\u0131\u011f\u0131n\u0131 ifade eden Yal\u00e7\u0131n, yaln\u0131zca Eski\u015fehir&#8217;de de\u011fil, Isparta, Konya, Malatya, Manisa ve Burdur gibi illerde de bu elementlerin bulundu\u011funu belirtti. Yal\u00e7\u0131n, &#8220;Rezerv kadar \u00f6nemli olan i\u015fletme k\u0131sm\u0131d\u0131r. Bu elementlerin i\u015flenmesi y\u00fcksek maliyetli ve teknik uzmanl\u0131k gerektiren bir s\u00fcre\u00e7tir&#8221; dedi.<\/p>\n\n\n\n<figure class=\"wp-block-image size-full\"><img loading=\"lazy\" decoding=\"async\" width=\"640\" height=\"359\" src=\"https:\/\/www.trabzonmanset.com\/wp-content\/uploads\/2025\/10\/turkiye-yi-bir-ust-lige-tasiyacak-kaynak-19154654_6351_m.webp?wsr\" alt=\"\" class=\"wp-image-5541\" srcset=\"https:\/\/www.trabzonmanset.com\/wp-content\/uploads\/2025\/10\/turkiye-yi-bir-ust-lige-tasiyacak-kaynak-19154654_6351_m.webp 640w, https:\/\/www.trabzonmanset.com\/wp-content\/uploads\/2025\/10\/turkiye-yi-bir-ust-lige-tasiyacak-kaynak-19154654_6351_m-300x168.webp 300w\" sizes=\"auto, (max-width: 640px) 100vw, 640px\" \/><\/figure>\n\n\n\n<h3 class=\"wp-block-heading\">&#8220;T\u00dcRK\u0130YE&#8217;Y\u0130 \u00dcST L\u0130GE TA\u015eIYACAK&#8221;<\/h3>\n\n\n\n<p>Ekonomist Prof. Dr. Abdulkadir Develi ise nadir elementlerin ekonomik a\u00e7\u0131dan T\u00fcrkiye&#8217;yi &#8220;\u00fcst lige ta\u015f\u0131yacak&#8221; potansiyele sahip oldu\u011funu belirterek &#8220;\u00c7in \u015fu anda bu alanda d\u00fcnya lideri konumunda. T\u00fcrkiye&#8217;nin hedefi, \u00fcretim kapasitesini art\u0131r\u0131p y\u00fcksek katma de\u011ferli \u00fcr\u00fcnlere d\u00f6n\u00fc\u015ft\u00fcrebilecek teknolojiye sahip olmakt\u0131r. Bu, hem enerji ba\u011f\u0131ml\u0131l\u0131\u011f\u0131n\u0131 azalt\u0131r hem de ihracat kabiliyetimizi g\u00fc\u00e7lendirir&#8221; \u015feklinde konu\u015ftu.<\/p>\n\n\n\n<h3 class=\"wp-block-heading\">STRATEJ\u0130K G\u00dc\u00c7 VE TEKNOLOJ\u0130K D\u00d6N\u00dc\u015e\u00dcM<\/h3>\n\n\n\n<p>Uzmanlara g\u00f6re Beylikova&#8217;daki 694 milyon tonluk rezerv, T\u00fcrkiye&#8217;nin enerji stratejisinde d\u00f6n\u00fcm noktas\u0131 olabilir. Nadir toprak elementleri; savunma, enerji, ileti\u015fim ve uzay teknolojileri gibi alanlarda kullan\u0131ld\u0131\u011f\u0131 i\u00e7in \u00fclkenin teknolojik ba\u011f\u0131ms\u0131zl\u0131\u011f\u0131na ve ekonomik b\u00fcy\u00fcmesine do\u011frudan katk\u0131 sa\u011flayacak.<\/p>\n","protected":false},"excerpt":{"rendered":"<p>Cumhurba\u015fkan\u0131 Erdo\u011fan, Eski\u015fehir&#8217;in Beylikova il\u00e7esindeki 694 milyon tonluk nadir toprak elementi kayna\u011f\u0131n\u0131n T\u00fcrkiye i\u00e7in stratejik bir d\u00f6n\u00fcm noktas\u0131 oldu\u011funu a\u00e7\u0131klad\u0131. Uzmanlar, yaln\u0131zca Eski\u015fehir&#8217;de de\u011fil, Isparta, Konya, Malatya, Manisa ve Burdur gibi illerde de bu elementlerin bulundu\u011funu belirterek T\u00fcrkiye&#8217;nin d\u00fcnyadaki en b\u00fcy\u00fck rezerve sahip \u00fclkelerden biri haline geldi\u011fini belirtti. Cumhurba\u015fkan\u0131 Recep Tayyip Erdo\u011fan, Kabine Toplant\u0131s\u0131 sonras\u0131nda [&hellip;]<\/p>\n","protected":false},"author":1,"featured_media":5542,"comment_status":"open","ping_status":"open","sticky":false,"template":"","format":"standard","meta":{"footnotes":""},"categories":[11],"tags":[846,176,566,574,1568,545,471],"class_list":["post-5536","post","type-post","status-publish","format-standard","has-post-thumbnail","hentry","category-manset","tag-cumhurbaskani-erdogan","tag-dunya","tag-ekonomi","tag-enerji","tag-eskisehir","tag-guncel","tag-teknoloji"],"_links":{"self":[{"href":"https:\/\/www.trabzonmanset.com\/index.php\/wp-json\/wp\/v2\/posts\/5536","targetHints":{"allow":["GET"]}}],"collection":[{"href":"https:\/\/www.trabzonmanset.com\/index.php\/wp-json\/wp\/v2\/posts"}],"about":[{"href":"https:\/\/www.trabzonmanset.com\/index.php\/wp-json\/wp\/v2\/types\/post"}],"author":[{"embeddable":true,"href":"https:\/\/www.trabzonmanset.com\/index.php\/wp-json\/wp\/v2\/users\/1"}],"replies":[{"embeddable":true,"href":"https:\/\/www.trabzonmanset.com\/index.php\/wp-json\/wp\/v2\/comments?post=5536"}],"version-history":[{"count":1,"href":"https:\/\/www.trabzonmanset.com\/index.php\/wp-json\/wp\/v2\/posts\/5536\/revisions"}],"predecessor-version":[{"id":5543,"href":"https:\/\/www.trabzonmanset.com\/index.php\/wp-json\/wp\/v2\/posts\/5536\/revisions\/5543"}],"wp:featuredmedia":[{"embeddable":true,"href":"https:\/\/www.trabzonmanset.com\/index.php\/wp-json\/wp\/v2\/media\/5542"}],"wp:attachment":[{"href":"https:\/\/www.trabzonmanset.com\/index.php\/wp-json\/wp\/v2\/media?parent=5536"}],"wp:term":[{"taxonomy":"category","embeddable":true,"href":"https:\/\/www.trabzonmanset.com\/index.php\/wp-json\/wp\/v2\/categories?post=5536"},{"taxonomy":"post_tag","embeddable":true,"href":"https:\/\/www.trabzonmanset.com\/index.php\/wp-json\/wp\/v2\/tags?post=5536"}],"curies":[{"name":"wp","href":"https:\/\/api.w.org\/{rel}","templated":true}]}}