{"id":5526,"date":"2025-10-15T16:28:00","date_gmt":"2025-10-15T13:28:00","guid":{"rendered":"https:\/\/www.trabzonmanset.com\/?p=5526"},"modified":"2025-10-15T23:30:43","modified_gmt":"2025-10-15T20:30:43","slug":"turk-macar-dostluk-muzesi-trabzonda-acilacak","status":"publish","type":"post","link":"https:\/\/www.trabzonmanset.com\/index.php\/2025\/10\/15\/turk-macar-dostluk-muzesi-trabzonda-acilacak\/","title":{"rendered":"T\u00fcrk-Macar Dostluk M\u00fczesi Trabzon&#8217;da A\u00e7\u0131lacak"},"content":{"rendered":"\n<p>Trabzon&#8217;da T\u00fcrk-Macar dostlu\u011funu anlatan m\u00fcze, Eyl\u00fcl 2026&#8217;da a\u00e7\u0131lacak. Kanuni&#8217;nin miras\u0131 ya\u015fat\u0131lacak.<\/p>\n\n\n\n<p>Trabzon&#8217;da, Kanuni Sultan S\u00fcleyman ve Macar Komutan Miklos Zrinyi&#8217;nin ortak tarihini anlatan T\u00fcrk-Macar Dostluk M\u00fczesi kurulacak.<\/p>\n\n\n\n<p>B\u00fcy\u00fck\u015fehir Belediyesinden yap\u0131lan yaz\u0131l\u0131 a\u00e7\u0131klamada, proje fikrinin Macaristan&#8217;\u0131n Ankara B\u00fcy\u00fckel\u00e7isi Viktor Matis&#8217;e ait olan ve B\u00fcy\u00fck\u015fehir Belediye Ba\u015fkan\u0131 Ahmet Metin Gen\u00e7&#8217;in \u00f6nc\u00fcl\u00fc\u011f\u00fcnde Eyl\u00fcl 2026&#8217;da a\u00e7\u0131lmas\u0131 planlanan m\u00fczenin, T\u00fcrk-Macar dostlu\u011funu k\u00fclt\u00fcrel bir k\u00f6pr\u00fcyle gelece\u011fe ta\u015f\u0131yaca\u011f\u0131 belirtildi.<\/p>\n\n\n\n<p>Kanuni Evi&#8217;nde hayata ge\u00e7irilecek projenin Zigetvar \u00fczerinden \u015fekillenen T\u00fcrk-Macar tarihsel ba\u011flar\u0131n\u0131 yeniden canland\u0131rmas\u0131n\u0131n hedeflendi\u011fi i\u015faret edildi.<\/p>\n\n\n\n<p>Bu kapsamda Macar Milli M\u00fczesi Tarih\u00e7isi Dr. Robert Szvitek, Sergi Y\u00f6netmeni Akos Marosfalvi, \u0130stanbul Macar K\u00fclt\u00fcr Merkezi M\u00fcd\u00fcr\u00fc Aron Sipos, M\u00fcd\u00fcr Yard\u0131mc\u0131s\u0131 Gergo Kovacs ve Macaristan Trabzon Fahri Konsoloslu\u011fu M\u00fcd\u00fcr\u00fc \u00c7a\u011fla \u00c7i\u00e7ek&#8217;in, Gen\u00e7&#8217;i makam\u0131nda ziyaret etti\u011fi aktar\u0131ld\u0131.<\/p>\n\n\n\n<p>A\u00e7\u0131klamada, g\u00f6r\u00fc\u015flerine yer verilen Gen\u00e7, projenin iki \u00fclke aras\u0131nda kal\u0131c\u0131 k\u00fclt\u00fcrel ba\u011flar kuraca\u011f\u0131n\u0131 belirterek, Cihan Padi\u015fah\u0131 Kanuni Sultan S\u00fcleyman&#8217;\u0131n do\u011fdu\u011fu \u015fehir Trabzon&#8217;da, Zigetvar&#8217;la olan tarihsel ba\u011flar\u0131 yeniden canland\u0131ran bu projeyi hayata ge\u00e7irmenin kendileri i\u00e7in b\u00fcy\u00fck bir gurur oldu\u011funu ifade etti.<\/p>\n\n\n\n<p>Gen\u00e7, m\u00fczenin yaln\u0131zca bir tarih anlat\u0131s\u0131 olmad\u0131\u011f\u0131na i\u015faret ederek, &#8220;T\u00fcrk ve Macar halklar\u0131n\u0131n y\u00fczy\u0131llard\u0131r s\u00fcregelen dostluk hikayesinin bir simgesidir. Ge\u00e7mi\u015fin miras\u0131n\u0131 gelece\u011fe ta\u015f\u0131yan bir k\u00fclt\u00fcr kap\u0131s\u0131 a\u00e7\u0131yoruz. Kanuni&#8217;nin Trabzon&#8217;dan do\u011fan miras\u0131, Macaristan&#8217;la bulu\u015farak iki medeniyetin ortak belle\u011finde kal\u0131c\u0131 bir yer edinecek.&#8221; de\u011ferlendirmesinde bulundu.<\/p>\n\n\n\n<p>Kaynak:&nbsp;AA<\/p>\n","protected":false},"excerpt":{"rendered":"<p>Trabzon&#8217;da T\u00fcrk-Macar dostlu\u011funu anlatan m\u00fcze, Eyl\u00fcl 2026&#8217;da a\u00e7\u0131lacak. Kanuni&#8217;nin miras\u0131 ya\u015fat\u0131lacak. Trabzon&#8217;da, Kanuni Sultan S\u00fcleyman ve Macar Komutan Miklos Zrinyi&#8217;nin ortak tarihini anlatan T\u00fcrk-Macar Dostluk M\u00fczesi kurulacak. B\u00fcy\u00fck\u015fehir Belediyesinden yap\u0131lan yaz\u0131l\u0131 a\u00e7\u0131klamada, proje fikrinin Macaristan&#8217;\u0131n Ankara B\u00fcy\u00fckel\u00e7isi Viktor Matis&#8217;e ait olan ve B\u00fcy\u00fck\u015fehir Belediye Ba\u015fkan\u0131 Ahmet Metin Gen\u00e7&#8217;in \u00f6nc\u00fcl\u00fc\u011f\u00fcnde Eyl\u00fcl 2026&#8217;da a\u00e7\u0131lmas\u0131 planlanan m\u00fczenin, T\u00fcrk-Macar [&hellip;]<\/p>\n","protected":false},"author":1,"featured_media":5527,"comment_status":"open","ping_status":"open","sticky":false,"template":"","format":"standard","meta":{"footnotes":""},"categories":[1],"tags":[295,545,1735,1733,1734,549,541,796,491],"class_list":["post-5526","post","type-post","status-publish","format-standard","has-post-thumbnail","hentry","category-gundem","tag-belediye","tag-guncel","tag-kanuni-sultan-suleyman","tag-kultur","tag-kultur-sanat","tag-sanat","tag-trabzon","tag-uluslararasi-iliskiler","tag-yasam"],"_links":{"self":[{"href":"https:\/\/www.trabzonmanset.com\/index.php\/wp-json\/wp\/v2\/posts\/5526","targetHints":{"allow":["GET"]}}],"collection":[{"href":"https:\/\/www.trabzonmanset.com\/index.php\/wp-json\/wp\/v2\/posts"}],"about":[{"href":"https:\/\/www.trabzonmanset.com\/index.php\/wp-json\/wp\/v2\/types\/post"}],"author":[{"embeddable":true,"href":"https:\/\/www.trabzonmanset.com\/index.php\/wp-json\/wp\/v2\/users\/1"}],"replies":[{"embeddable":true,"href":"https:\/\/www.trabzonmanset.com\/index.php\/wp-json\/wp\/v2\/comments?post=5526"}],"version-history":[{"count":1,"href":"https:\/\/www.trabzonmanset.com\/index.php\/wp-json\/wp\/v2\/posts\/5526\/revisions"}],"predecessor-version":[{"id":5528,"href":"https:\/\/www.trabzonmanset.com\/index.php\/wp-json\/wp\/v2\/posts\/5526\/revisions\/5528"}],"wp:featuredmedia":[{"embeddable":true,"href":"https:\/\/www.trabzonmanset.com\/index.php\/wp-json\/wp\/v2\/media\/5527"}],"wp:attachment":[{"href":"https:\/\/www.trabzonmanset.com\/index.php\/wp-json\/wp\/v2\/media?parent=5526"}],"wp:term":[{"taxonomy":"category","embeddable":true,"href":"https:\/\/www.trabzonmanset.com\/index.php\/wp-json\/wp\/v2\/categories?post=5526"},{"taxonomy":"post_tag","embeddable":true,"href":"https:\/\/www.trabzonmanset.com\/index.php\/wp-json\/wp\/v2\/tags?post=5526"}],"curies":[{"name":"wp","href":"https:\/\/api.w.org\/{rel}","templated":true}]}}