{"id":5506,"date":"2025-10-15T15:35:00","date_gmt":"2025-10-15T12:35:00","guid":{"rendered":"https:\/\/www.trabzonmanset.com\/?p=5506"},"modified":"2025-10-15T19:05:33","modified_gmt":"2025-10-15T16:05:33","slug":"kuraya-damga-vuran-an-cumhurbaskani-erdogan-adil-olmaz-diyerek-ikinci-kez-cekti","status":"publish","type":"post","link":"https:\/\/www.trabzonmanset.com\/index.php\/2025\/10\/15\/kuraya-damga-vuran-an-cumhurbaskani-erdogan-adil-olmaz-diyerek-ikinci-kez-cekti\/","title":{"rendered":"Kuraya damga vuran an: Cumhurba\u015fkan\u0131 Erdo\u011fan &#8221;Adil olmaz&#8221; diyerek ikinci kez \u00e7ekti"},"content":{"rendered":"\n<p>Ankara&#8217;da d\u00fczenlenen 110. D\u00f6nem Kaymakamlar Kura T\u00f6reninde kura \u00e7ekimi s\u0131ras\u0131nda g\u00fcl\u00fcmseten bir an ya\u015fad\u0131. Cumhurba\u015fkan\u0131 Erdo\u011fan&#8217;\u0131n ilk \u00e7ekti\u011fi kurada, aday\u0131n memleketi Sinop&#8217;un Dura\u011fan il\u00e7esi \u00e7\u0131kt\u0131. &#8221;Sinopluymu\u015fsun, adil olsun diye bir kez daha \u00e7ekelim&#8221; diyen Erdo\u011fan, ikinci kurada bu kez Yozgat&#8217;\u0131n \u015eefaatli il\u00e7esini \u00e7ekti.<\/p>\n\n\n\n<p>Cumhurba\u015fkan\u0131 Recep Tayyip Erdo\u011fan, Ankara&#8217;da d\u00fczenlenen 110. D\u00f6nem Kaymakamlar Kura T\u00f6reninde konu\u015fmas\u0131n\u0131n ard\u0131ndan kura \u00e7ekimini ger\u00e7ekle\u015ftirdi.<\/p>\n\n\n\n<h3 class=\"wp-block-heading\">&#8220;AD\u0130L OLMAZ&#8221; D\u0130YEREK \u0130K\u0130NC\u0130 KEZ KURA \u00c7EKT\u0130<\/h3>\n\n\n\n<p>T\u00f6rende renkli bir an ya\u015fand\u0131. Erdo\u011fan&#8217;\u0131n \u00e7ekti\u011fi ilk kurada, kaymakam aday\u0131n\u0131n memleketi olan Sinop&#8217;un Dura\u011fan il\u00e7esi \u00e7\u0131kt\u0131. Bu tesad\u00fcf salonda tebess\u00fcmle kar\u015f\u0131lan\u0131rken Cumhurba\u015fkan\u0131 Erdo\u011fan, &#8220;Sinopluymu\u015fsun, o zaman adil olsun diye bir kez daha \u00e7ekelim&#8221; diyerek ikinci kez kura \u00e7ekti.<\/p>\n\n\n\n<h3 class=\"wp-block-heading\">SALONDA ALKI\u015e TUFANI<\/h3>\n\n\n\n<p>\u0130kinci \u00e7ekilen kurada ise Yozgat&#8217;\u0131n \u015eefaatli il\u00e7esi \u00e7\u0131kt\u0131. O anlar salondakiler taraf\u0131ndan alk\u0131\u015flarla kar\u015f\u0131land\u0131.<\/p>\n\n\n\n<h3 class=\"wp-block-heading\">GEN\u00c7 KAYMAKAMLARA NAS\u0130HAT<\/h3>\n\n\n\n<p>\u00d6te yandan t\u00f6rende bir konu\u015fma yapan Cumhurba\u015fkan\u0131 Erdo\u011fan, &#8220;\u015eunu asla unutmay\u0131n, inanc\u0131, kimli\u011fi, k\u00f6keni, siyasi g\u00f6r\u00fc\u015f\u00fc ne olursa olsun 783 bin kilometrekarelik vatan topra\u011f\u0131nda ya\u015fayan herkes devletimizin e\u015fit ve onurlu birer vatanda\u015f\u0131d\u0131r. Kap\u0131n\u0131za kim gelirse gelsin, s\u0131k\u0131nt\u0131lar\u0131na \u00e7are bulmaya \u00e7al\u0131\u015facaks\u0131n\u0131z. Bu vazifeyi hakk\u0131yla icra etmek, \u00f6yle her babayi\u011fidin harc\u0131 de\u011fildir. Bu i\u015f dikkat ve rikkat ister. Samimiyet ve adanm\u0131\u015fl\u0131k gerektirir. Bu i\u015fi 4 duvar aras\u0131na hapsolup, mesai saatleriyle s\u0131n\u0131rl\u0131 kalarak yerine getiremezsiniz. Gerekti\u011finde uykunuzdan, gerekti\u011finde ailenize ay\u0131rd\u0131\u011f\u0131n\u0131z zamandan feragat edecek, ihtiya\u00e7 duyulan her an vatanda\u015f\u0131n yan\u0131nda yer alacaks\u0131n\u0131z. Adalet ve hakkaniyetten asla \u015fa\u015fmayacaks\u0131n\u0131z&#8221; dedi.<\/p>\n\n\n\n<p><\/p>\n","protected":false},"excerpt":{"rendered":"<p>Ankara&#8217;da d\u00fczenlenen 110. D\u00f6nem Kaymakamlar Kura T\u00f6reninde kura \u00e7ekimi s\u0131ras\u0131nda g\u00fcl\u00fcmseten bir an ya\u015fad\u0131. Cumhurba\u015fkan\u0131 Erdo\u011fan&#8217;\u0131n ilk \u00e7ekti\u011fi kurada, aday\u0131n memleketi Sinop&#8217;un Dura\u011fan il\u00e7esi \u00e7\u0131kt\u0131. &#8221;Sinopluymu\u015fsun, adil olsun diye bir kez daha \u00e7ekelim&#8221; diyen Erdo\u011fan, ikinci kurada bu kez Yozgat&#8217;\u0131n \u015eefaatli il\u00e7esini \u00e7ekti. Cumhurba\u015fkan\u0131 Recep Tayyip Erdo\u011fan, Ankara&#8217;da d\u00fczenlenen 110. D\u00f6nem Kaymakamlar Kura T\u00f6reninde konu\u015fmas\u0131n\u0131n [&hellip;]<\/p>\n","protected":false},"author":1,"featured_media":5507,"comment_status":"open","ping_status":"open","sticky":false,"template":"","format":"standard","meta":{"footnotes":""},"categories":[11],"tags":[230,1725,620,712],"class_list":["post-5506","post","type-post","status-publish","format-standard","has-post-thumbnail","hentry","category-manset","tag-ankara","tag-kaymakamlar-kura-toreni","tag-recep-tayyip-erdogan","tag-trabzon-manset"],"_links":{"self":[{"href":"https:\/\/www.trabzonmanset.com\/index.php\/wp-json\/wp\/v2\/posts\/5506","targetHints":{"allow":["GET"]}}],"collection":[{"href":"https:\/\/www.trabzonmanset.com\/index.php\/wp-json\/wp\/v2\/posts"}],"about":[{"href":"https:\/\/www.trabzonmanset.com\/index.php\/wp-json\/wp\/v2\/types\/post"}],"author":[{"embeddable":true,"href":"https:\/\/www.trabzonmanset.com\/index.php\/wp-json\/wp\/v2\/users\/1"}],"replies":[{"embeddable":true,"href":"https:\/\/www.trabzonmanset.com\/index.php\/wp-json\/wp\/v2\/comments?post=5506"}],"version-history":[{"count":1,"href":"https:\/\/www.trabzonmanset.com\/index.php\/wp-json\/wp\/v2\/posts\/5506\/revisions"}],"predecessor-version":[{"id":5508,"href":"https:\/\/www.trabzonmanset.com\/index.php\/wp-json\/wp\/v2\/posts\/5506\/revisions\/5508"}],"wp:featuredmedia":[{"embeddable":true,"href":"https:\/\/www.trabzonmanset.com\/index.php\/wp-json\/wp\/v2\/media\/5507"}],"wp:attachment":[{"href":"https:\/\/www.trabzonmanset.com\/index.php\/wp-json\/wp\/v2\/media?parent=5506"}],"wp:term":[{"taxonomy":"category","embeddable":true,"href":"https:\/\/www.trabzonmanset.com\/index.php\/wp-json\/wp\/v2\/categories?post=5506"},{"taxonomy":"post_tag","embeddable":true,"href":"https:\/\/www.trabzonmanset.com\/index.php\/wp-json\/wp\/v2\/tags?post=5506"}],"curies":[{"name":"wp","href":"https:\/\/api.w.org\/{rel}","templated":true}]}}