{"id":5485,"date":"2025-10-15T14:13:00","date_gmt":"2025-10-15T11:13:00","guid":{"rendered":"https:\/\/www.trabzonmanset.com\/?p=5485"},"modified":"2025-10-15T18:39:40","modified_gmt":"2025-10-15T15:39:40","slug":"kalp-krizi-geciren-fatih-urekin-saglik-durumu-ile-ilgili-hastaneden-aciklama","status":"publish","type":"post","link":"https:\/\/www.trabzonmanset.com\/index.php\/2025\/10\/15\/kalp-krizi-geciren-fatih-urekin-saglik-durumu-ile-ilgili-hastaneden-aciklama\/","title":{"rendered":"Kalp krizi ge\u00e7iren Fatih \u00dcrek\u2019in sa\u011fl\u0131k durumu ile ilgili hastaneden a\u00e7\u0131klama"},"content":{"rendered":"\n<p>\u0130stanbul&#8217;da sabah saatlerinde evinde kalp krizi ge\u00e7iren \u00fcnl\u00fc \u015fark\u0131c\u0131 Fatih \u00dcrek, hastaneye kald\u0131r\u0131larak tedavi alt\u0131na al\u0131nd\u0131.<\/p>\n\n\n\n<p>Fatih \u00dcrek&#8217;in sa\u011fl\u0131k durumu ile ilgili hastaneden yap\u0131lan a\u00e7\u0131klamada, &#8220;Evinde ge\u00e7irdi\u011fi ani rahats\u0131zl\u0131k sonucu kalp durmas\u0131 ya\u015fam\u0131\u015f, ambulans ekibinin yakla\u015f\u0131k 20 dakikal\u0131k CPR m\u00fcdahalesi sonras\u0131 kalbi yeniden \u00e7al\u0131\u015ft\u0131r\u0131lm\u0131\u015ft\u0131r. Acil olarak ger\u00e7ekle\u015ftirilen anjiyoplasti i\u015flemiyle damar tamamen a\u00e7\u0131lm\u0131\u015ft\u0131r&#8221; ifadelerine yer verildi.<\/p>\n\n\n\n<p>\u00dcnl\u00fc \u015fark\u0131c\u0131 Fatih \u00dcrek, sabah saatlerinde evinde kalp krizi ge\u00e7irdi. Olay yerine sevk edilen sa\u011fl\u0131k ekiplerinin ilk m\u00fcdahalesinin ard\u0131ndan \u00fcnl\u00fc \u015fark\u0131c\u0131 hastaneye kald\u0131r\u0131larak tedavi alt\u0131na al\u0131nd\u0131. Yo\u011fun bak\u0131mda tedavisi devam eden \u00fcnl\u00fc sanat\u00e7\u0131n\u0131n sa\u011fl\u0131k durumu hakk\u0131nda a\u00e7\u0131klama yap\u0131ld\u0131. <\/p>\n\n\n\n<p>Hastaneden yap\u0131lan yaz\u0131l\u0131 a\u00e7\u0131klamada, &#8220;De\u011ferli sanat\u00e7\u0131m\u0131z Fatih \u00dcrek, evinde ge\u00e7irdi\u011fi ani rahats\u0131zl\u0131k sonucu kalp durmas\u0131 ya\u015fam\u0131\u015f, ambulans ekibinin yakla\u015f\u0131k 20 dakikal\u0131k CPR m\u00fcdahalesi sonras\u0131 kalbi yeniden \u00e7al\u0131\u015ft\u0131r\u0131lm\u0131\u015ft\u0131r. Hastanemize ula\u015ft\u0131\u011f\u0131nda bilinci kapal\u0131, ancak ritmi ve tansiyonu mevcuttu. <\/p>\n\n\n\n<p>Yap\u0131lan de\u011ferlendirmede iki y\u0131l \u00f6nce stent tak\u0131lm\u0131\u015f olan sirkumfleks arterde stent trombozu tespit edilmi\u015ftir. Acil olarak ger\u00e7ekle\u015ftirilen anjiyoplasti i\u015flemiyle damar tamamen a\u00e7\u0131lm\u0131\u015ft\u0131r. Hastam\u0131z \u015fu anda yo\u011fun bak\u0131mda uyutulmakta olup, oksijen seviyesi, organ perf\u00fczyonu ve hipoksik hasar\u0131n olu\u015fup olu\u015fmad\u0131\u011f\u0131 takip edilmektedir. Klinik durumu stabilizasyon kazanana kadar geli\u015fmeleri yak\u0131ndan izleyece\u011fiz. <\/p>\n\n\n\n<p>Kendisine acil \u015fifalar diliyor, t\u00fcm ekip arkada\u015flar\u0131m\u0131za \u00f6zverili \u00e7al\u0131\u015fmalar\u0131 i\u00e7in te\u015fekk\u00fcr ediyoruz&#8221; ifadelerine yer verildi.<\/p>\n\n\n\n<p>Kaynak: \u0130HA<\/p>\n","protected":false},"excerpt":{"rendered":"<p>\u0130stanbul&#8217;da sabah saatlerinde evinde kalp krizi ge\u00e7iren \u00fcnl\u00fc \u015fark\u0131c\u0131 Fatih \u00dcrek, hastaneye kald\u0131r\u0131larak tedavi alt\u0131na al\u0131nd\u0131. Fatih \u00dcrek&#8217;in sa\u011fl\u0131k durumu ile ilgili hastaneden yap\u0131lan a\u00e7\u0131klamada, &#8220;Evinde ge\u00e7irdi\u011fi ani rahats\u0131zl\u0131k sonucu kalp durmas\u0131 ya\u015fam\u0131\u015f, ambulans ekibinin yakla\u015f\u0131k 20 dakikal\u0131k CPR m\u00fcdahalesi sonras\u0131 kalbi yeniden \u00e7al\u0131\u015ft\u0131r\u0131lm\u0131\u015ft\u0131r. Acil olarak ger\u00e7ekle\u015ftirilen anjiyoplasti i\u015flemiyle damar tamamen a\u00e7\u0131lm\u0131\u015ft\u0131r&#8221; ifadelerine yer verildi. [&hellip;]<\/p>\n","protected":false},"author":1,"featured_media":5486,"comment_status":"open","ping_status":"open","sticky":false,"template":"","format":"standard","meta":{"footnotes":""},"categories":[1,1405],"tags":[1708,1707,1709,712],"class_list":["post-5485","post","type-post","status-publish","format-standard","has-post-thumbnail","hentry","category-gundem","category-magazin","tag-cpr","tag-fatih-urek","tag-kalp-krizi","tag-trabzon-manset"],"_links":{"self":[{"href":"https:\/\/www.trabzonmanset.com\/index.php\/wp-json\/wp\/v2\/posts\/5485","targetHints":{"allow":["GET"]}}],"collection":[{"href":"https:\/\/www.trabzonmanset.com\/index.php\/wp-json\/wp\/v2\/posts"}],"about":[{"href":"https:\/\/www.trabzonmanset.com\/index.php\/wp-json\/wp\/v2\/types\/post"}],"author":[{"embeddable":true,"href":"https:\/\/www.trabzonmanset.com\/index.php\/wp-json\/wp\/v2\/users\/1"}],"replies":[{"embeddable":true,"href":"https:\/\/www.trabzonmanset.com\/index.php\/wp-json\/wp\/v2\/comments?post=5485"}],"version-history":[{"count":1,"href":"https:\/\/www.trabzonmanset.com\/index.php\/wp-json\/wp\/v2\/posts\/5485\/revisions"}],"predecessor-version":[{"id":5487,"href":"https:\/\/www.trabzonmanset.com\/index.php\/wp-json\/wp\/v2\/posts\/5485\/revisions\/5487"}],"wp:featuredmedia":[{"embeddable":true,"href":"https:\/\/www.trabzonmanset.com\/index.php\/wp-json\/wp\/v2\/media\/5486"}],"wp:attachment":[{"href":"https:\/\/www.trabzonmanset.com\/index.php\/wp-json\/wp\/v2\/media?parent=5485"}],"wp:term":[{"taxonomy":"category","embeddable":true,"href":"https:\/\/www.trabzonmanset.com\/index.php\/wp-json\/wp\/v2\/categories?post=5485"},{"taxonomy":"post_tag","embeddable":true,"href":"https:\/\/www.trabzonmanset.com\/index.php\/wp-json\/wp\/v2\/tags?post=5485"}],"curies":[{"name":"wp","href":"https:\/\/api.w.org\/{rel}","templated":true}]}}