{"id":5476,"date":"2025-10-15T18:27:59","date_gmt":"2025-10-15T15:27:59","guid":{"rendered":"https:\/\/www.trabzonmanset.com\/?p=5476"},"modified":"2025-10-15T18:27:59","modified_gmt":"2025-10-15T15:27:59","slug":"bakan-guler-romanya-ve-bulgaristan-savunma-bakanlariyla-bir-araya-geldi","status":"publish","type":"post","link":"https:\/\/www.trabzonmanset.com\/index.php\/2025\/10\/15\/bakan-guler-romanya-ve-bulgaristan-savunma-bakanlariyla-bir-araya-geldi\/","title":{"rendered":"Bakan G\u00fcler, Romanya ve Bulgaristan savunma bakanlar\u0131yla bir araya geldi"},"content":{"rendered":"\n<p>Milli Savunma Bakan\u0131 Ya\u015far G\u00fcler, NATO Savunma Bakanlar\u0131 Toplant\u0131s\u0131 program\u0131 kapsam\u0131nda resmi ziyarette bulundu\u011fu Bel\u00e7ika\u2019n\u0131n ba\u015fkenti Br\u00fcksel\u2019de Romanya Savunma Bakan\u0131 Ionut Mosteanu ve Bulgaristan Savunma Bakan\u0131 Atanas Zapryanov ile \u00fc\u00e7l\u00fc g\u00f6r\u00fc\u015fme ger\u00e7ekle\u015ftirdi.<\/p>\n\n\n\n<p>Milli Savunma Bakan\u0131 Ya\u015far G\u00fcler, NATO Savunma Bakanlar\u0131 Toplant\u0131s\u0131 i\u00e7in resmi ziyarette bulundu\u011fu Bel\u00e7ika\u2019daki temaslar\u0131n\u0131 s\u00fcrd\u00fcr\u00fcyor. Bakan G\u00fcler toplant\u0131n\u0131n ger\u00e7ekle\u015ftirildi\u011fi ba\u015fkent Br\u00fcksel\u2019deki NATO Karargah\u0131nda program\u0131 kapsam\u0131nda Romanya Savunma Bakan\u0131 Ionut Mosteanu ve Bulgaristan Savunma Bakan\u0131 Atanas Zapryanov ile \u00fc\u00e7l\u00fc g\u00f6r\u00fc\u015fme ger\u00e7ekle\u015ftirdi. <\/p>\n\n\n\n<p>Bakanlar\u0131n toplant\u0131s\u0131nda b\u00f6lgesel ve k\u00fcresel geli\u015fmelerin yan\u0131 s\u0131ra m\u00fcttefik \u00fclkeler aras\u0131nda y\u00fcr\u00fct\u00fclen i\u015fbirliklerine ili\u015fkin ba\u015fl\u0131klar ele al\u0131nd\u0131.<\/p>\n","protected":false},"excerpt":{"rendered":"<p>Milli Savunma Bakan\u0131 Ya\u015far G\u00fcler, NATO Savunma Bakanlar\u0131 Toplant\u0131s\u0131 program\u0131 kapsam\u0131nda resmi ziyarette bulundu\u011fu Bel\u00e7ika\u2019n\u0131n ba\u015fkenti Br\u00fcksel\u2019de Romanya Savunma Bakan\u0131 Ionut Mosteanu ve Bulgaristan Savunma Bakan\u0131 Atanas Zapryanov ile \u00fc\u00e7l\u00fc g\u00f6r\u00fc\u015fme ger\u00e7ekle\u015ftirdi. Milli Savunma Bakan\u0131 Ya\u015far G\u00fcler, NATO Savunma Bakanlar\u0131 Toplant\u0131s\u0131 i\u00e7in resmi ziyarette bulundu\u011fu Bel\u00e7ika\u2019daki temaslar\u0131n\u0131 s\u00fcrd\u00fcr\u00fcyor. Bakan G\u00fcler toplant\u0131n\u0131n ger\u00e7ekle\u015ftirildi\u011fi ba\u015fkent Br\u00fcksel\u2019deki NATO [&hellip;]<\/p>\n","protected":false},"author":1,"featured_media":5477,"comment_status":"open","ping_status":"open","sticky":false,"template":"","format":"standard","meta":{"footnotes":""},"categories":[127,1],"tags":[1700,1701,900,712,1699],"class_list":["post-5476","post","type-post","status-publish","format-standard","has-post-thumbnail","hentry","category-dunya","category-gundem","tag-atanas-zapryanov","tag-ionut-mosteanu","tag-nato","tag-trabzon-manset","tag-yasar-guler"],"_links":{"self":[{"href":"https:\/\/www.trabzonmanset.com\/index.php\/wp-json\/wp\/v2\/posts\/5476","targetHints":{"allow":["GET"]}}],"collection":[{"href":"https:\/\/www.trabzonmanset.com\/index.php\/wp-json\/wp\/v2\/posts"}],"about":[{"href":"https:\/\/www.trabzonmanset.com\/index.php\/wp-json\/wp\/v2\/types\/post"}],"author":[{"embeddable":true,"href":"https:\/\/www.trabzonmanset.com\/index.php\/wp-json\/wp\/v2\/users\/1"}],"replies":[{"embeddable":true,"href":"https:\/\/www.trabzonmanset.com\/index.php\/wp-json\/wp\/v2\/comments?post=5476"}],"version-history":[{"count":1,"href":"https:\/\/www.trabzonmanset.com\/index.php\/wp-json\/wp\/v2\/posts\/5476\/revisions"}],"predecessor-version":[{"id":5478,"href":"https:\/\/www.trabzonmanset.com\/index.php\/wp-json\/wp\/v2\/posts\/5476\/revisions\/5478"}],"wp:featuredmedia":[{"embeddable":true,"href":"https:\/\/www.trabzonmanset.com\/index.php\/wp-json\/wp\/v2\/media\/5477"}],"wp:attachment":[{"href":"https:\/\/www.trabzonmanset.com\/index.php\/wp-json\/wp\/v2\/media?parent=5476"}],"wp:term":[{"taxonomy":"category","embeddable":true,"href":"https:\/\/www.trabzonmanset.com\/index.php\/wp-json\/wp\/v2\/categories?post=5476"},{"taxonomy":"post_tag","embeddable":true,"href":"https:\/\/www.trabzonmanset.com\/index.php\/wp-json\/wp\/v2\/tags?post=5476"}],"curies":[{"name":"wp","href":"https:\/\/api.w.org\/{rel}","templated":true}]}}