{"id":5426,"date":"2025-10-15T00:04:03","date_gmt":"2025-10-14T21:04:03","guid":{"rendered":"https:\/\/www.trabzonmanset.com\/?p=5426"},"modified":"2025-10-15T00:06:12","modified_gmt":"2025-10-14T21:06:12","slug":"bakan-uraloglu-yeni-trabzon-havalimani-projesini-paylasti","status":"publish","type":"post","link":"https:\/\/www.trabzonmanset.com\/index.php\/2025\/10\/15\/bakan-uraloglu-yeni-trabzon-havalimani-projesini-paylasti\/","title":{"rendered":"Bakan Uralo\u011flu yeni Trabzon Havaliman\u0131 projesini payla\u015ft\u0131"},"content":{"rendered":"\n<p>Ula\u015ft\u0131rma ve Altyap\u0131 Bakan\u0131 Abdulkadir Uralo\u011flu, Cumhurba\u015fkan\u0131 Erdo\u011fan\u2019\u0131n a\u00e7\u0131klad\u0131\u011f\u0131 Trabzon Deniz \u00dcst\u00fc Havaliman\u0131 projesine ait g\u00f6rselleri payla\u015ft\u0131.<\/p>\n\n\n\n<figure class=\"wp-block-video\"><video controls src=\"https:\/\/www.trabzonmanset.com\/wp-content\/uploads\/2025\/10\/bakan.mp4\"><\/video><\/figure>\n\n\n\n<p>Cumhurba\u015fkan\u0131 Recep Tayyip Erdo\u011fan, \u00e7e\u015fitli ziyaretler ve toplu a\u00e7\u0131l\u0131\u015f t\u00f6renleri kapsam\u0131nda\u00a0 Trabzon\u2019a gelmi\u015fti. Hayri G\u00fcr Spor Salonu\u2019nda d\u00fczenlenen t\u00f6rende konu\u015fan Cumhurba\u015fkan\u0131 Erdo\u011fan, Trabzon\u2019a yeni bir havaliman\u0131 m\u00fcjdesi verdi.<\/p>\n\n\n\n<p><strong>\u201cDeniz \u00fczerine \u00fc\u00e7\u00fcnc\u00fc havaliman\u0131m\u0131z\u0131 Trabzon\u2019a in\u015fa edece\u011fiz.\u201d<\/strong> ifadelerini kullanan Erdo\u011fan, projenin Karadeniz B\u00f6lgesi i\u00e7in stratejik bir yat\u0131r\u0131m olaca\u011f\u0131n\u0131 vurgulad\u0131.<\/p>\n\n\n\n<p>A\u00e7\u0131klaman\u0131n ard\u0131ndan bug\u00fcn Ula\u015ft\u0131rma ve Altyap\u0131 Bakan\u0131 Abdulkadir Uralo\u011flu, sosyal medya hesab\u0131ndan yeni havaliman\u0131 projesine ili\u015fkin g\u00f6rseli payla\u015ft\u0131. Uralo\u011flu payla\u015f\u0131m\u0131nda \u015fu ifadeleri kulland\u0131:<\/p>\n\n\n\n<p>&nbsp;Karadeniz\u2019in incisi Trabzon\u2019umuza deniz \u00fcst\u00fc havaliman\u0131 \u00e7ok yak\u0131\u015facak!<br>\u00dclkemizin 3. deniz \u00fcst\u00fc havaliman\u0131n\u0131, Cumhurba\u015fkan\u0131m\u0131z Sn.Erdogan\u2019\u0131n vizyonuyla \u015fehrimize kazand\u0131r\u0131yoruz.<br>10 milyon yolcu kapasiteli bu muhte\u015fem eser, sadece Trabzon\u2019umuzun de\u011fil, b\u00fct\u00fcn Karadeniz\u2019in gururu olacak.<\/p>\n\n\n\n<p>Yeni Trabzon Deniz \u00dcst\u00fc Havaliman\u0131\u2019n\u0131n, tamamland\u0131\u011f\u0131nda T\u00fcrkiye\u2019nin \u00fc\u00e7\u00fcnc\u00fc, d\u00fcnyan\u0131n say\u0131l\u0131 deniz \u00fczerine in\u015fa edilen havalimanlar\u0131ndan biri olaca\u011f\u0131 belirtildi.<\/p>\n\n\n\n<figure class=\"wp-block-image size-large\"><img loading=\"lazy\" decoding=\"async\" width=\"1024\" height=\"576\" src=\"https:\/\/www.trabzonmanset.com\/wp-content\/uploads\/2025\/10\/Anlik-goruntu-1024x576.png\" alt=\"\" class=\"wp-image-5431\" srcset=\"https:\/\/www.trabzonmanset.com\/wp-content\/uploads\/2025\/10\/Anlik-goruntu-1024x576.png 1024w, https:\/\/www.trabzonmanset.com\/wp-content\/uploads\/2025\/10\/Anlik-goruntu-300x169.png 300w, https:\/\/www.trabzonmanset.com\/wp-content\/uploads\/2025\/10\/Anlik-goruntu-768x432.png 768w, https:\/\/www.trabzonmanset.com\/wp-content\/uploads\/2025\/10\/Anlik-goruntu-1536x864.png 1536w, https:\/\/www.trabzonmanset.com\/wp-content\/uploads\/2025\/10\/Anlik-goruntu.png 1920w\" sizes=\"auto, (max-width: 1024px) 100vw, 1024px\" \/><\/figure>\n\n\n\n<figure class=\"wp-block-image size-large\"><img loading=\"lazy\" decoding=\"async\" width=\"1024\" height=\"576\" src=\"https:\/\/www.trabzonmanset.com\/wp-content\/uploads\/2025\/10\/Anlik-goruntuss-1024x576.png\" alt=\"\" class=\"wp-image-5430\" srcset=\"https:\/\/www.trabzonmanset.com\/wp-content\/uploads\/2025\/10\/Anlik-goruntuss-1024x576.png 1024w, https:\/\/www.trabzonmanset.com\/wp-content\/uploads\/2025\/10\/Anlik-goruntuss-300x169.png 300w, https:\/\/www.trabzonmanset.com\/wp-content\/uploads\/2025\/10\/Anlik-goruntuss-768x432.png 768w, https:\/\/www.trabzonmanset.com\/wp-content\/uploads\/2025\/10\/Anlik-goruntuss-1536x864.png 1536w, https:\/\/www.trabzonmanset.com\/wp-content\/uploads\/2025\/10\/Anlik-goruntuss.png 1920w\" sizes=\"auto, (max-width: 1024px) 100vw, 1024px\" \/><\/figure>\n\n\n\n<figure class=\"wp-block-image size-large\"><img loading=\"lazy\" decoding=\"async\" width=\"1024\" height=\"576\" src=\"https:\/\/www.trabzonmanset.com\/wp-content\/uploads\/2025\/10\/Anlik-goruntuxx-1024x576.png\" alt=\"\" class=\"wp-image-5429\" srcset=\"https:\/\/www.trabzonmanset.com\/wp-content\/uploads\/2025\/10\/Anlik-goruntuxx-1024x576.png 1024w, https:\/\/www.trabzonmanset.com\/wp-content\/uploads\/2025\/10\/Anlik-goruntuxx-300x169.png 300w, https:\/\/www.trabzonmanset.com\/wp-content\/uploads\/2025\/10\/Anlik-goruntuxx-768x432.png 768w, https:\/\/www.trabzonmanset.com\/wp-content\/uploads\/2025\/10\/Anlik-goruntuxx-1536x864.png 1536w, https:\/\/www.trabzonmanset.com\/wp-content\/uploads\/2025\/10\/Anlik-goruntuxx.png 1920w\" sizes=\"auto, (max-width: 1024px) 100vw, 1024px\" \/><\/figure>\n\n\n\n<figure class=\"wp-block-image size-large\"><img loading=\"lazy\" decoding=\"async\" width=\"1024\" height=\"576\" src=\"https:\/\/www.trabzonmanset.com\/wp-content\/uploads\/2025\/10\/Anlik-goruntuddd-1024x576.png\" alt=\"\" class=\"wp-image-5427\" srcset=\"https:\/\/www.trabzonmanset.com\/wp-content\/uploads\/2025\/10\/Anlik-goruntuddd-1024x576.png 1024w, https:\/\/www.trabzonmanset.com\/wp-content\/uploads\/2025\/10\/Anlik-goruntuddd-300x169.png 300w, https:\/\/www.trabzonmanset.com\/wp-content\/uploads\/2025\/10\/Anlik-goruntuddd-768x432.png 768w, https:\/\/www.trabzonmanset.com\/wp-content\/uploads\/2025\/10\/Anlik-goruntuddd-1536x864.png 1536w, https:\/\/www.trabzonmanset.com\/wp-content\/uploads\/2025\/10\/Anlik-goruntuddd.png 1920w\" sizes=\"auto, (max-width: 1024px) 100vw, 1024px\" \/><\/figure>\n","protected":false},"excerpt":{"rendered":"<p>Ula\u015ft\u0131rma ve Altyap\u0131 Bakan\u0131 Abdulkadir Uralo\u011flu, Cumhurba\u015fkan\u0131 Erdo\u011fan\u2019\u0131n a\u00e7\u0131klad\u0131\u011f\u0131 Trabzon Deniz \u00dcst\u00fc Havaliman\u0131 projesine ait g\u00f6rselleri payla\u015ft\u0131. Cumhurba\u015fkan\u0131 Recep Tayyip Erdo\u011fan, \u00e7e\u015fitli ziyaretler ve toplu a\u00e7\u0131l\u0131\u015f t\u00f6renleri kapsam\u0131nda\u00a0 Trabzon\u2019a gelmi\u015fti. Hayri G\u00fcr Spor Salonu\u2019nda d\u00fczenlenen t\u00f6rende konu\u015fan Cumhurba\u015fkan\u0131 Erdo\u011fan, Trabzon\u2019a yeni bir havaliman\u0131 m\u00fcjdesi verdi. \u201cDeniz \u00fczerine \u00fc\u00e7\u00fcnc\u00fc havaliman\u0131m\u0131z\u0131 Trabzon\u2019a in\u015fa edece\u011fiz.\u201d ifadelerini kullanan Erdo\u011fan, [&hellip;]<\/p>\n","protected":false},"author":1,"featured_media":5429,"comment_status":"open","ping_status":"open","sticky":false,"template":"","format":"standard","meta":{"footnotes":""},"categories":[1,9],"tags":[846,1695,1200,1614,1696],"class_list":["post-5426","post","type-post","status-publish","format-standard","has-post-thumbnail","hentry","category-gundem","category-video-galeri","tag-cumhurbaskani-erdogan","tag-trabzon-havalimani","tag-trabzon-manset-2","tag-trabzon-yeni-havalimani","tag-yeni-havalimani"],"_links":{"self":[{"href":"https:\/\/www.trabzonmanset.com\/index.php\/wp-json\/wp\/v2\/posts\/5426","targetHints":{"allow":["GET"]}}],"collection":[{"href":"https:\/\/www.trabzonmanset.com\/index.php\/wp-json\/wp\/v2\/posts"}],"about":[{"href":"https:\/\/www.trabzonmanset.com\/index.php\/wp-json\/wp\/v2\/types\/post"}],"author":[{"embeddable":true,"href":"https:\/\/www.trabzonmanset.com\/index.php\/wp-json\/wp\/v2\/users\/1"}],"replies":[{"embeddable":true,"href":"https:\/\/www.trabzonmanset.com\/index.php\/wp-json\/wp\/v2\/comments?post=5426"}],"version-history":[{"count":1,"href":"https:\/\/www.trabzonmanset.com\/index.php\/wp-json\/wp\/v2\/posts\/5426\/revisions"}],"predecessor-version":[{"id":5434,"href":"https:\/\/www.trabzonmanset.com\/index.php\/wp-json\/wp\/v2\/posts\/5426\/revisions\/5434"}],"wp:featuredmedia":[{"embeddable":true,"href":"https:\/\/www.trabzonmanset.com\/index.php\/wp-json\/wp\/v2\/media\/5429"}],"wp:attachment":[{"href":"https:\/\/www.trabzonmanset.com\/index.php\/wp-json\/wp\/v2\/media?parent=5426"}],"wp:term":[{"taxonomy":"category","embeddable":true,"href":"https:\/\/www.trabzonmanset.com\/index.php\/wp-json\/wp\/v2\/categories?post=5426"},{"taxonomy":"post_tag","embeddable":true,"href":"https:\/\/www.trabzonmanset.com\/index.php\/wp-json\/wp\/v2\/tags?post=5426"}],"curies":[{"name":"wp","href":"https:\/\/api.w.org\/{rel}","templated":true}]}}