{"id":5386,"date":"2025-10-14T14:57:57","date_gmt":"2025-10-14T11:57:57","guid":{"rendered":"https:\/\/www.trabzonmanset.com\/?p=5386"},"modified":"2025-10-14T14:57:58","modified_gmt":"2025-10-14T11:57:58","slug":"gullunun-adli-tip-raporu-cikti-olum-nedeni-yuksekten-dusme","status":"publish","type":"post","link":"https:\/\/www.trabzonmanset.com\/index.php\/2025\/10\/14\/gullunun-adli-tip-raporu-cikti-olum-nedeni-yuksekten-dusme\/","title":{"rendered":"G\u00fcll\u00fc\u2019n\u00fcn adli t\u0131p raporu \u00e7\u0131kt\u0131; \u00f6l\u00fcm nedeni y\u00fcksekten d\u00fc\u015fme"},"content":{"rendered":"\n<h2 class=\"wp-block-heading\" id=\"content\">G\u00fcll\u00fc lakapl\u0131 \u00fcnl\u00fc arabesk m\u00fczi\u011fi sanat\u00e7\u0131s\u0131 G\u00fcl Tut\u2019un Adli T\u0131p Raporu \u00e7\u0131kt\u0131. \u00dcnl\u00fc \u015fark\u0131c\u0131n\u0131n \u00f6l\u00fcm nedeni y\u00fcksekten d\u00fc\u015fme olarak belirlendi.<\/h2>\n\n\n\n<p>Yalova\u2019da 26 Eyl\u00fcl 2025 tarihinde y\u00fcksekten d\u00fc\u015ferek hayat\u0131n\u0131 kaybeden G\u00fcl Tut\u2019un (kamuoyunda bilinen ad\u0131yla G\u00fcll\u00fc) adli t\u0131p raporu tamamland\u0131. Yalova Adli T\u0131p \u015eube M\u00fcd\u00fcrl\u00fc\u011f\u00fc taraf\u0131ndan yap\u0131lan \u00f6l\u00fc muayenesi ve otopsi i\u015flemleri sonucunda \u00f6l\u00fcm nedenine dair detaylar netle\u015fti.<\/p>\n\n\n\n<p><strong>Travmatik izler tespit edildi<\/strong><\/p>\n\n\n\n<p>Rapora g\u00f6re G\u00fcl Tut\u2019un v\u00fccudunun \u00e7e\u015fitli b\u00f6lgelerinde y\u00fcksekten d\u00fc\u015fmeye ba\u011fl\u0131 \u00e7ok say\u0131da travmatik emareye rastland\u0131. Cinsel muayenede ise akut (yeni) travmatik bir ize rastlanmad\u0131\u011f\u0131 belirtildi.<\/p>\n\n\n\n<p><strong>\u0130\u00e7 kanama ve \u00e7oklu k\u0131r\u0131klar<\/strong><\/p>\n\n\n\n<p>\u00c7\u0131narc\u0131k\u2019taki evinin 5, kat\u0131ndaki penceresinden a\u015fa\u011f\u0131ya d\u00fc\u015fen G\u00fcll\u00fc\u2019n\u00fcn yap\u0131lan otopsisinde beyninde kanama, boyun travmas\u0131, \u00e7ok say\u0131da kemik k\u0131r\u0131\u011f\u0131, i\u00e7 organ yaralanmas\u0131 ve i\u00e7 kanama tespit edildi. Ayr\u0131ca toksikolojik, histopatolojik ve biyolojik \u00f6rnekler al\u0131nd\u0131.<\/p>\n\n\n\n<p><strong>Alkol seviyesi y\u00fcksek \u00e7\u0131kt\u0131<\/strong><\/p>\n\n\n\n<p>Laboratuvar incelemelerinde G\u00fcl Tut\u2019un kan\u0131nda 3,53 promil etanol (alkol) bulundu\u011fu a\u00e7\u0131kland\u0131. Histopatolojik izlerin travmalarla uyumlu oldu\u011fu, biyolojik \u00f6rneklerde ise G\u00fcl Tut d\u0131\u015f\u0131nda herhangi bir DNA profiline rastlanmad\u0131\u011f\u0131 bildirildi.<\/p>\n\n\n\n<p><strong>Zehirlenme bulgusu yok<\/strong><\/p>\n\n\n\n<p>Birinci \u0130htisas Kurulu\u2019nun m\u00fctalaas\u0131nda, zehirlenmeye dair herhangi bir t\u0131bbi bulguya rastlanmad\u0131\u011f\u0131, \u00f6l\u00fcm\u00fcn y\u00fcksekten d\u00fc\u015fmeye ba\u011fl\u0131 genel beden travmas\u0131 sonucu geli\u015fen kafa i\u00e7i kanama, beyin hasar\u0131 ve i\u00e7 organ yaralanmalar\u0131 nedeniyle ger\u00e7ekle\u015fti\u011fi belirtildi. Adli t\u0131p raporu, 13 Ekim 2025 tarihinde Yalova Cumhuriyet Ba\u015fsavc\u0131l\u0131\u011f\u0131\u2019na iletildi.<\/p>\n\n\n\n<p>Kaynak: \u0130HA<\/p>\n","protected":false},"excerpt":{"rendered":"<p>G\u00fcll\u00fc lakapl\u0131 \u00fcnl\u00fc arabesk m\u00fczi\u011fi sanat\u00e7\u0131s\u0131 G\u00fcl Tut\u2019un Adli T\u0131p Raporu \u00e7\u0131kt\u0131. \u00dcnl\u00fc \u015fark\u0131c\u0131n\u0131n \u00f6l\u00fcm nedeni y\u00fcksekten d\u00fc\u015fme olarak belirlendi. Yalova\u2019da 26 Eyl\u00fcl 2025 tarihinde y\u00fcksekten d\u00fc\u015ferek hayat\u0131n\u0131 kaybeden G\u00fcl Tut\u2019un (kamuoyunda bilinen ad\u0131yla G\u00fcll\u00fc) adli t\u0131p raporu tamamland\u0131. Yalova Adli T\u0131p \u015eube M\u00fcd\u00fcrl\u00fc\u011f\u00fc taraf\u0131ndan yap\u0131lan \u00f6l\u00fc muayenesi ve otopsi i\u015flemleri sonucunda \u00f6l\u00fcm nedenine dair [&hellip;]<\/p>\n","protected":false},"author":1,"featured_media":5387,"comment_status":"open","ping_status":"open","sticky":false,"template":"","format":"standard","meta":{"footnotes":""},"categories":[1371,1],"tags":[1400,1070,712],"class_list":["post-5386","post","type-post","status-publish","format-standard","has-post-thumbnail","hentry","category-asayis","category-gundem","tag-adli-tip-kurumu","tag-gullu","tag-trabzon-manset"],"_links":{"self":[{"href":"https:\/\/www.trabzonmanset.com\/index.php\/wp-json\/wp\/v2\/posts\/5386","targetHints":{"allow":["GET"]}}],"collection":[{"href":"https:\/\/www.trabzonmanset.com\/index.php\/wp-json\/wp\/v2\/posts"}],"about":[{"href":"https:\/\/www.trabzonmanset.com\/index.php\/wp-json\/wp\/v2\/types\/post"}],"author":[{"embeddable":true,"href":"https:\/\/www.trabzonmanset.com\/index.php\/wp-json\/wp\/v2\/users\/1"}],"replies":[{"embeddable":true,"href":"https:\/\/www.trabzonmanset.com\/index.php\/wp-json\/wp\/v2\/comments?post=5386"}],"version-history":[{"count":1,"href":"https:\/\/www.trabzonmanset.com\/index.php\/wp-json\/wp\/v2\/posts\/5386\/revisions"}],"predecessor-version":[{"id":5388,"href":"https:\/\/www.trabzonmanset.com\/index.php\/wp-json\/wp\/v2\/posts\/5386\/revisions\/5388"}],"wp:featuredmedia":[{"embeddable":true,"href":"https:\/\/www.trabzonmanset.com\/index.php\/wp-json\/wp\/v2\/media\/5387"}],"wp:attachment":[{"href":"https:\/\/www.trabzonmanset.com\/index.php\/wp-json\/wp\/v2\/media?parent=5386"}],"wp:term":[{"taxonomy":"category","embeddable":true,"href":"https:\/\/www.trabzonmanset.com\/index.php\/wp-json\/wp\/v2\/categories?post=5386"},{"taxonomy":"post_tag","embeddable":true,"href":"https:\/\/www.trabzonmanset.com\/index.php\/wp-json\/wp\/v2\/tags?post=5386"}],"curies":[{"name":"wp","href":"https:\/\/api.w.org\/{rel}","templated":true}]}}