{"id":5383,"date":"2025-10-14T14:52:56","date_gmt":"2025-10-14T11:52:56","guid":{"rendered":"https:\/\/www.trabzonmanset.com\/?p=5383"},"modified":"2025-10-14T14:52:57","modified_gmt":"2025-10-14T11:52:57","slug":"cumhurbaskani-erdogandan-chp-lideri-ozele-sert-tepki-boyle-rezillik-olur-mu","status":"publish","type":"post","link":"https:\/\/www.trabzonmanset.com\/index.php\/2025\/10\/14\/cumhurbaskani-erdogandan-chp-lideri-ozele-sert-tepki-boyle-rezillik-olur-mu\/","title":{"rendered":"Cumhurba\u015fkan\u0131 Erdo\u011fan&#8217;dan CHP lideri \u00d6zel&#8217;e sert tepki: B\u00f6yle rezillik olur mu?"},"content":{"rendered":"\n<p>CHP lideri \u00d6zg\u00fcr \u00d6zel&#8217;in Br\u00fcksel&#8217;de kendisini yuhalatmas\u0131na &#8220;skandal&#8221; olarak nitelendiren Cumhurba\u015fkan\u0131 Erdo\u011fan, &#8220;Yurt d\u0131\u015f\u0131na \u015fikayet turlar\u0131 d\u00fczenliyorlar. B\u00f6yle rezillik olur mu? Onlar laf \u00fcretirken biz Anadolu&#8217;da eser \u00fcretiyoruz&#8221; ifadelerine yer verdi.<\/p>\n\n\n\n<p>M\u0131s\u0131r&#8217;daki &#8216;Bar\u0131\u015f Zirvesi&#8217; d\u00f6n\u00fc\u015f\u00fc u\u00e7akta gazetecilerin sorular\u0131n\u0131 yan\u0131tlayan Cumhurba\u015fkan\u0131 Erdo\u011fan, CHP lideri\u00a0\u00d6zg\u00fcr \u00d6zel&#8217;in\u00a0Br\u00fcksel&#8217;de kendisini yuhalatmas\u0131na sert s\u00f6zlerle kar\u015f\u0131l\u0131k verdi.<\/p>\n\n\n\n<h3 class=\"wp-block-heading\">&#8220;B\u00d6YLE REZ\u0130LL\u0130K OLUR MU?&#8221;<\/h3>\n\n\n\n<p>&#8220;Arkada\u015flar CHP bizi \u015fa\u015f\u0131rtm\u0131yor&#8221; diyerek s\u00f6ze ba\u015flayan Erdo\u011fan, &#8220;Bunlar CHP i\u00e7in al\u0131\u015ft\u0131\u011f\u0131m\u0131z \u015feyler. Ge\u00e7mi\u015fte de kendi halk\u0131ndan bulamad\u0131\u011f\u0131 kar\u015f\u0131l\u0131\u011f\u0131 hep yaban ellerde arard\u0131. CHP&#8217;nin ne yapt\u0131\u011f\u0131n\u0131 ve neyi planlad\u0131\u011f\u0131n\u0131, CHP&#8217;yi y\u00f6neten kadrolar dahi anlamakta zorlan\u0131yor. Belediyeleri d\u00fc\u015f\u00fcrd\u00fckleri durum ortada. Belediyeleri \u00e7aps\u0131zl\u0131klar\u0131yla ne hale getirdikleri ortada. Trabzon&#8217;da s\u00f6yledim, yurt d\u0131\u015f\u0131na \u015fikayet turlar\u0131 d\u00fczenliyorlar. B\u00f6yle rezillik olur mu?&#8221; dedi.<\/p>\n\n\n\n<p>CHP lideri \u00d6zel&#8217;in kendisini yuhalatmas\u0131n\u0131 &#8220;Skandal&#8221; olarak nitelendiren Erdo\u011fan, &#8220;Biz asl\u0131nda Say\u0131n \u00d6zel&#8217;den, Avrupal\u0131 T\u00fcrklerden \u00f6z\u00fcr dilemesini beklerdik. Biliyorsunuz 2 ay \u00f6nce milletvekilleri \u00e7\u0131kt\u0131 gurbet\u00e7ilerimize, affedersiniz &#8216;z\u0131rzop&#8217; dedi. CHP y\u00f6netiminden bu konuda bir a\u00e7\u0131klama, bir d\u00fczeltme gelmedi. Madem Br\u00fcksel&#8217;e gittin, en az\u0131ndan bunun i\u00e7in bir \u00f6z\u00fcr dile. Say\u0131n \u00d6zel bu erdemi g\u00f6stermedi\u011fi gibi; yolda\u015flar\u0131na T\u00fcrkiye Cumhurba\u015fkan\u0131n\u0131 yuhalatarak \u00e7ok daha b\u00fcy\u00fck bir skandala imza att\u0131&#8221; ifadelerini kulland\u0131.<\/p>\n\n\n\n<p>S\u00f6zlerinin devam\u0131nda eser \u00fcretmeye devam edeceklerini vurgulayan Erdo\u011fan &#8220;Ger\u00e7ekten \u00e7ok yaz\u0131k. Onlar Br\u00fcksel&#8217;de laf \u00fcretirken biz Anadolu&#8217;da eser \u00fcretiyoruz. \u0130\u015fte o s\u0131ra ben Rize&#8217;deydim, \u00f6b\u00fcr tarafta Trabzon&#8217;da a\u00e7\u0131l\u0131\u015flar ger\u00e7ekle\u015ftiriyordum. Bu hafta sonu 4 g\u00fcn oralar\u0131 dola\u015ft\u0131k. Rize&#8217;mizin derelerini dola\u015ft\u0131m, b\u00fct\u00fcn o mekanlar\u0131 g\u00f6zden ge\u00e7irdik ve bakan arkada\u015flar\u0131mla, oralar\u0131n tad\u0131n\u0131 ald\u0131k. \u00dclkemizi s\u00fcrekli dola\u015farak in\u015fallah halk\u0131m\u0131zla b\u00fct\u00fcnle\u015fmeye devam edece\u011fiz&#8221; \u015feklinde konu\u015ftu.<\/p>\n","protected":false},"excerpt":{"rendered":"<p>CHP lideri \u00d6zg\u00fcr \u00d6zel&#8217;in Br\u00fcksel&#8217;de kendisini yuhalatmas\u0131na &#8220;skandal&#8221; olarak nitelendiren Cumhurba\u015fkan\u0131 Erdo\u011fan, &#8220;Yurt d\u0131\u015f\u0131na \u015fikayet turlar\u0131 d\u00fczenliyorlar. B\u00f6yle rezillik olur mu? Onlar laf \u00fcretirken biz Anadolu&#8217;da eser \u00fcretiyoruz&#8221; ifadelerine yer verdi. M\u0131s\u0131r&#8217;daki &#8216;Bar\u0131\u015f Zirvesi&#8217; d\u00f6n\u00fc\u015f\u00fc u\u00e7akta gazetecilerin sorular\u0131n\u0131 yan\u0131tlayan Cumhurba\u015fkan\u0131 Erdo\u011fan, CHP lideri\u00a0\u00d6zg\u00fcr \u00d6zel&#8217;in\u00a0Br\u00fcksel&#8217;de kendisini yuhalatmas\u0131na sert s\u00f6zlerle kar\u015f\u0131l\u0131k verdi. &#8220;B\u00d6YLE REZ\u0130LL\u0130K OLUR MU?&#8221; &#8220;Arkada\u015flar [&hellip;]<\/p>\n","protected":false},"author":1,"featured_media":5384,"comment_status":"open","ping_status":"open","sticky":false,"template":"","format":"standard","meta":{"footnotes":""},"categories":[11,632],"tags":[283,1671,620,712],"class_list":["post-5383","post","type-post","status-publish","format-standard","has-post-thumbnail","hentry","category-manset","category-siyaset","tag-chp","tag-ozgur-ozel","tag-recep-tayyip-erdogan","tag-trabzon-manset"],"_links":{"self":[{"href":"https:\/\/www.trabzonmanset.com\/index.php\/wp-json\/wp\/v2\/posts\/5383","targetHints":{"allow":["GET"]}}],"collection":[{"href":"https:\/\/www.trabzonmanset.com\/index.php\/wp-json\/wp\/v2\/posts"}],"about":[{"href":"https:\/\/www.trabzonmanset.com\/index.php\/wp-json\/wp\/v2\/types\/post"}],"author":[{"embeddable":true,"href":"https:\/\/www.trabzonmanset.com\/index.php\/wp-json\/wp\/v2\/users\/1"}],"replies":[{"embeddable":true,"href":"https:\/\/www.trabzonmanset.com\/index.php\/wp-json\/wp\/v2\/comments?post=5383"}],"version-history":[{"count":1,"href":"https:\/\/www.trabzonmanset.com\/index.php\/wp-json\/wp\/v2\/posts\/5383\/revisions"}],"predecessor-version":[{"id":5385,"href":"https:\/\/www.trabzonmanset.com\/index.php\/wp-json\/wp\/v2\/posts\/5383\/revisions\/5385"}],"wp:featuredmedia":[{"embeddable":true,"href":"https:\/\/www.trabzonmanset.com\/index.php\/wp-json\/wp\/v2\/media\/5384"}],"wp:attachment":[{"href":"https:\/\/www.trabzonmanset.com\/index.php\/wp-json\/wp\/v2\/media?parent=5383"}],"wp:term":[{"taxonomy":"category","embeddable":true,"href":"https:\/\/www.trabzonmanset.com\/index.php\/wp-json\/wp\/v2\/categories?post=5383"},{"taxonomy":"post_tag","embeddable":true,"href":"https:\/\/www.trabzonmanset.com\/index.php\/wp-json\/wp\/v2\/tags?post=5383"}],"curies":[{"name":"wp","href":"https:\/\/api.w.org\/{rel}","templated":true}]}}