{"id":5369,"date":"2025-10-13T22:45:20","date_gmt":"2025-10-13T19:45:20","guid":{"rendered":"https:\/\/www.trabzonmanset.com\/?p=5369"},"modified":"2025-10-13T22:45:21","modified_gmt":"2025-10-13T19:45:21","slug":"turkiye-abd-misir-ve-katarin-imzaladigi-niyet-belgesinin-icerigi-belli-oldu","status":"publish","type":"post","link":"https:\/\/www.trabzonmanset.com\/index.php\/2025\/10\/13\/turkiye-abd-misir-ve-katarin-imzaladigi-niyet-belgesinin-icerigi-belli-oldu\/","title":{"rendered":"T\u00fcrkiye, ABD, M\u0131s\u0131r ve Katar\u2019\u0131n imzalad\u0131\u011f\u0131 Niyet Belgesi&#8217;nin i\u00e7eri\u011fi belli oldu"},"content":{"rendered":"\n<p>M\u0131s\u0131r\u2019\u0131n \u015earm E\u015f-\u015eeyh kentinde d\u00fczenlenen Gazze i\u00e7in Bar\u0131\u015f Zirvesi\u2019nde T\u00fcrkiye, ABD, M\u0131s\u0131r ve Katar&#8217;\u0131n \u0131mzalad\u0131\u011f\u0131 &#8220;Niyet Belgesi&#8221;nde, &#8220;Kal\u0131c\u0131 bar\u0131\u015f\u0131n gelece\u011fine kendimizi ad\u0131yoruz&#8221; ifadelerine yer verildi.<\/p>\n\n\n\n<p>M\u0131s\u0131r\u2019\u0131n \u015earm e\u015f-\u015eeyh kentinde Gazze\u2019deki ate\u015fkesin korunmas\u0131 ve bar\u0131\u015f amac\u0131yla d\u00fczenlenen &#8220;Bar\u0131\u015f Zirvesi&#8221; kapsam\u0131nda Cumhurba\u015fkan\u0131 Recep Tayyip Erdo\u011fan, ABD Ba\u015fkan\u0131 Donald Trump, M\u0131s\u0131r Cumhurba\u015fkan\u0131 Abdulfettah es-Sisi ve Katar Emiri \u015eeyh Tamim bin Hamad Al Thani, Gazze i\u00e7in &#8220;Niyet Belgesi&#8221; imzalad\u0131. Belgede, &#8220;Her birey i\u00e7in ho\u015fg\u00f6r\u00fc, haysiyet ve f\u0131rsat e\u015fitli\u011fi talep ediyoruz. Irk, inan\u00e7 veya etnik k\u00f6kene bak\u0131lmaks\u0131z\u0131n b\u00f6lgenin herkesin bar\u0131\u015f, g\u00fcvenlik ve ekonomik refah i\u00e7inde hedeflerinin pe\u015finden gidebilece\u011fi bir yer olmas\u0131n\u0131 g\u00fcvence alt\u0131na al\u0131yoruz&#8221; ifadelerine yer verildi.<\/p>\n\n\n\n<p>B\u00f6lgede kar\u015f\u0131l\u0131kl\u0131 sayg\u0131 ve ortak gelecek ilkelerine dayanan, bar\u0131\u015f, g\u00fcvenlik ve ortak refah i\u00e7in kapsaml\u0131 bir vizyon pe\u015finde olundu\u011fu belirtilen belgede, &#8220;Bu anlay\u0131\u015fla Gazze \u015eeridi&#8217;nde kapsaml\u0131 ve kal\u0131c\u0131 bar\u0131\u015f i\u00e7in kaydedilen ilerlemeyi ve \u0130srail ile b\u00f6lgesel kom\u015fular\u0131 aras\u0131ndaki dostane ve kar\u015f\u0131l\u0131kl\u0131 yarar sa\u011flayan ili\u015fkileri memnuniyetle kar\u015f\u0131l\u0131yoruz. <\/p>\n\n\n\n<p>Bu miras\u0131 uygulamak ve s\u00fcrd\u00fcrmek i\u00e7in kolektif olarak \u00e7al\u0131\u015fmay\u0131, gelecek nesillerin bar\u0131\u015f i\u00e7inde birlikte geli\u015febilece\u011fi kurumsal temeller olu\u015fturmay\u0131 taahh\u00fct ediyoruz. Kal\u0131c\u0131 bar\u0131\u015f\u0131n gelece\u011fine kendimizi ad\u0131yoruz&#8221; denildi.<\/p>\n\n\n\n<p>Kaynak : \u0130HA<\/p>\n\n\n\n<p><\/p>\n","protected":false},"excerpt":{"rendered":"<p>M\u0131s\u0131r\u2019\u0131n \u015earm E\u015f-\u015eeyh kentinde d\u00fczenlenen Gazze i\u00e7in Bar\u0131\u015f Zirvesi\u2019nde T\u00fcrkiye, ABD, M\u0131s\u0131r ve Katar&#8217;\u0131n \u0131mzalad\u0131\u011f\u0131 &#8220;Niyet Belgesi&#8221;nde, &#8220;Kal\u0131c\u0131 bar\u0131\u015f\u0131n gelece\u011fine kendimizi ad\u0131yoruz&#8221; ifadelerine yer verildi. M\u0131s\u0131r\u2019\u0131n \u015earm e\u015f-\u015eeyh kentinde Gazze\u2019deki ate\u015fkesin korunmas\u0131 ve bar\u0131\u015f amac\u0131yla d\u00fczenlenen &#8220;Bar\u0131\u015f Zirvesi&#8221; kapsam\u0131nda Cumhurba\u015fkan\u0131 Recep Tayyip Erdo\u011fan, ABD Ba\u015fkan\u0131 Donald Trump, M\u0131s\u0131r Cumhurba\u015fkan\u0131 Abdulfettah es-Sisi ve Katar Emiri \u015eeyh [&hellip;]<\/p>\n","protected":false},"author":1,"featured_media":5370,"comment_status":"open","ping_status":"open","sticky":false,"template":"","format":"standard","meta":{"footnotes":""},"categories":[11],"tags":[160,1664,176,543,1662,1340,1663,1665,712,154],"class_list":["post-5369","post","type-post","status-publish","format-standard","has-post-thumbnail","hentry","category-manset","tag-abd","tag-abdulfettah-es-sisi","tag-dunya","tag-gazze","tag-katar","tag-misir","tag-niyet-belge","tag-seyh-tamim-bin-hamad-al-thani","tag-trabzon-manset","tag-turkiye"],"_links":{"self":[{"href":"https:\/\/www.trabzonmanset.com\/index.php\/wp-json\/wp\/v2\/posts\/5369","targetHints":{"allow":["GET"]}}],"collection":[{"href":"https:\/\/www.trabzonmanset.com\/index.php\/wp-json\/wp\/v2\/posts"}],"about":[{"href":"https:\/\/www.trabzonmanset.com\/index.php\/wp-json\/wp\/v2\/types\/post"}],"author":[{"embeddable":true,"href":"https:\/\/www.trabzonmanset.com\/index.php\/wp-json\/wp\/v2\/users\/1"}],"replies":[{"embeddable":true,"href":"https:\/\/www.trabzonmanset.com\/index.php\/wp-json\/wp\/v2\/comments?post=5369"}],"version-history":[{"count":1,"href":"https:\/\/www.trabzonmanset.com\/index.php\/wp-json\/wp\/v2\/posts\/5369\/revisions"}],"predecessor-version":[{"id":5371,"href":"https:\/\/www.trabzonmanset.com\/index.php\/wp-json\/wp\/v2\/posts\/5369\/revisions\/5371"}],"wp:featuredmedia":[{"embeddable":true,"href":"https:\/\/www.trabzonmanset.com\/index.php\/wp-json\/wp\/v2\/media\/5370"}],"wp:attachment":[{"href":"https:\/\/www.trabzonmanset.com\/index.php\/wp-json\/wp\/v2\/media?parent=5369"}],"wp:term":[{"taxonomy":"category","embeddable":true,"href":"https:\/\/www.trabzonmanset.com\/index.php\/wp-json\/wp\/v2\/categories?post=5369"},{"taxonomy":"post_tag","embeddable":true,"href":"https:\/\/www.trabzonmanset.com\/index.php\/wp-json\/wp\/v2\/tags?post=5369"}],"curies":[{"name":"wp","href":"https:\/\/api.w.org\/{rel}","templated":true}]}}