{"id":5311,"date":"2025-10-13T15:28:00","date_gmt":"2025-10-13T12:28:00","guid":{"rendered":"https:\/\/www.trabzonmanset.com\/?p=5311"},"modified":"2025-10-13T16:31:09","modified_gmt":"2025-10-13T13:31:09","slug":"srail-meclisinde-konusan-abd-baskani-trumpa-protesto","status":"publish","type":"post","link":"https:\/\/www.trabzonmanset.com\/index.php\/2025\/10\/13\/srail-meclisinde-konusan-abd-baskani-trumpa-protesto\/","title":{"rendered":"srail Meclisi&#8217;nde konu\u015fan ABD Ba\u015fkan\u0131 Trump&#8217;a protesto"},"content":{"rendered":"\n<p>M\u0131s\u0131r&#8217;daki Gazze zirvesi \u00f6ncesi \u0130srail Meclisi Knesset&#8217;te bir konu\u015fma yapan ABD Ba\u015fkan\u0131 Donald Trump &#8220;Yeni bir Orta Do\u011fu olu\u015fturuluyor. Orta Do\u011fu alt\u0131n \u00e7a\u011f\u0131n\u0131 ya\u015fayacak&#8221; ifadelerini kulland\u0131. Trump konu\u015ftu\u011fu s\u0131rada bir protestocu, &#8220;Filistin&#8217;i tan\u0131&#8221; yaz\u0131l\u0131 ka\u011f\u0131tla eylem ger\u00e7ekle\u015ftirdi. G\u00f6revliler taraf\u0131ndan m\u00fcdahale edilen protestocu apar topar d\u0131\u015far\u0131 \u00e7\u0131kar\u0131ld\u0131.<\/p>\n\n\n\n<p>ABD Ba\u015fkan\u0131\u00a0Donald Trump,\u00a0\u0130srail\u00a0Parlamentosu&#8217;nda yapt\u0131\u011f\u0131 konu\u015fma s\u0131ras\u0131nda protesto edildi.\u00a0Filistin\u00a0as\u0131ll\u0131 \u0130srail milletvekili Ayman Odeh, Trump konu\u015fma yaparken aya\u011fa kalk\u0131p ba\u011f\u0131rarak tepkisini g\u00f6sterdi.<\/p>\n\n\n\n<h3 class=\"wp-block-heading\">K\u00dcRS\u00dcDE KONU\u015eURKEN S\u00d6Z\u00dc KES\u0130LD\u0130<\/h3>\n\n\n\n<p>\u0130srail Parlamentosu&#8217;nda (Knesset) konu\u015fan ABD Ba\u015fkan\u0131 Donald Trump, \u0130srail Ba\u015fbakan\u0131\u00a0Binyamin Netanyahu&#8217;ya te\u015fekk\u00fcr etti\u011fi s\u0131rada salonda beklenmedik bir protesto ya\u015fand\u0131.\u00a0Sol Parti\u00a0Hadash Genel Ba\u015fkan\u0131 Ayman Odeh ve\u00a0Milletvekili\u00a0Ofer Cassif, &#8220;Filistin&#8217;i tan\u0131&#8221; yaz\u0131l\u0131 ka\u011f\u0131tlarla g\u00f6steri yapt\u0131lar ve parlamentodan \u00e7\u0131kar\u0131ld\u0131lar.<\/p>\n\n\n\n<h3 class=\"wp-block-heading\">TRUMP: ETK\u0130LEY\u0130C\u0130YD\u0130<\/h3>\n\n\n\n<p>Olay\u0131n ard\u0131ndan so\u011fukkanl\u0131l\u0131\u011f\u0131n\u0131 koruyan Trump, k\u0131sa bir duraklamadan sonra &#8220;Etkileyiciydi&#8221; diyerek konu\u015fmas\u0131na devam etti. Bu ifadesi salondakilerden alk\u0131\u015f ald\u0131.<\/p>\n\n\n\n<h3 class=\"wp-block-heading\">&#8220;BARI\u015eIN SER\u0130 KAT\u0130L\u0130S\u0130N&#8221;<\/h3>\n\n\n\n<p>Protestoyu ger\u00e7ekle\u015ftiren Filistin as\u0131ll\u0131 \u0130srail milletvekili Ayman Odeh, daha \u00f6nce de\u00a0Gazze&#8217;deki sivil \u00f6l\u00fcmleri nedeniyle \u0130srail Ba\u015fbakan\u0131 Binyamin Netanyahu&#8217;ya &#8220;Bar\u0131\u015f\u0131n seri katilisin&#8221; s\u00f6zleriyle tepki g\u00f6stermi\u015fti<\/p>\n\n\n\n<h3 class=\"wp-block-heading\">Trump&#8217;\u0131n a\u00e7\u0131klamalar\u0131ndan sat\u0131rba\u015flar\u0131;<\/h3>\n\n\n\n<p>&#8220;Bug\u00fcn \u00e7ok g\u00fczel bir g\u00fcn i\u00e7in buraday\u0131z. Tanr\u0131&#8217;ya \u015f\u00fckrederek, inanc\u0131m\u0131z\u0131 tazelemi\u015f bir \u015fekildeyiz. \u0130ki korkun\u00e7 y\u0131ldan sonra ve esaretten sonra rehinelerimiz ailelerinin aras\u0131na kat\u0131ld\u0131lar. \u015eu anda 20 rehine evlerine geri d\u00f6nd\u00fc. Bu sava\u015f ve tehlike \u015fu anda sona erdi, silahlar sustu ve art\u0131k g\u00fcne\u015f huzurlu topraklar \u00fczerinde y\u00fckseliyor. Sonsuza kadar bar\u0131\u015f olacak.<\/p>\n\n\n\n<h3 class=\"wp-block-heading\">&#8220;YEN\u0130 B\u0130R ORTA DO\u011eU OLU\u015eTURULUYOR&#8221;<\/h3>\n\n\n\n<p>Bu sadece sava\u015f\u0131n sonu de\u011fil ayn\u0131 zamanda ter\u00f6r \u00e7a\u011f\u0131n\u0131n sonu inan\u00e7 ve umut \u00e7a\u011f\u0131n\u0131n yeninden ba\u015flang\u0131c\u0131. Yeni bir\u00a0Orta Do\u011fu\u00a0olu\u015fturuluyor. Orta Do\u011fu alt\u0131n \u00e7a\u011f\u0131n\u0131 ya\u015fayacak.<\/p>\n\n\n\n<h3 class=\"wp-block-heading\">&#8220;ORTA DO\u011eU&#8217;NUN ALTIN \u00c7A\u011eI BA\u015eLIYOR&#8221;<\/h3>\n\n\n\n<p>Arap ve \u0130slam d\u00fcnyas\u0131na te\u015fekk\u00fcr etmek istiyorum.\u00a0Hamas&#8217;\u0131 ikna ettiler ve harika bir galibiyet ya\u015fand\u0131 bar\u0131\u015f ad\u0131na. \u015eu an \u00e7ok s\u0131rad\u0131\u015f\u0131 bir zamandan ge\u00e7iyoruz. Nesiller sonra bug\u00fcn her \u015feyin daha iyiye gitmeye ba\u015flad\u0131\u011f\u0131 an olarak hat\u0131rlanacak. Orta Do\u011fu&#8217;nun alt\u0131n \u00e7a\u011f\u0131 ba\u015fl\u0131yor diyebilirim. Steve de te\u015fekk\u00fcr etmek istiyorum, \u00e7ok iyi pazarl\u0131k yapar ve \u00e7ok iyi bir insand\u0131r. Orta Do\u011fu&#8217;da \u00e7ok sevilir ve herkes ona \u00e7ok sayg\u0131 duyar.<\/p>\n\n\n\n<h3 class=\"wp-block-heading\">&#8220;8 SAVA\u015eI B\u0130T\u0130RD\u0130M&#8221;<\/h3>\n\n\n\n<p>Yedi sava\u015f\u0131 bitirdim asl\u0131nda bug\u00fcnle birlikte sekiz oldu \u00e7\u00fcnk\u00fc rehineler geri geldi. \u00c7ok ho\u015f bir his ve bunu ilk defa bitirdim. Sekiz ayda sekiz sava\u015f\u0131 sonland\u0131rd\u0131ysan\u0131z sava\u015f\u0131 sevmiyorsunuz demektir. Herkes y\u00f6netime geldi\u011fimde gaddar olaca\u011f\u0131m\u0131 d\u00fc\u015f\u00fcn\u00fcyordu.&#8221;<\/p>\n","protected":false},"excerpt":{"rendered":"<p>M\u0131s\u0131r&#8217;daki Gazze zirvesi \u00f6ncesi \u0130srail Meclisi Knesset&#8217;te bir konu\u015fma yapan ABD Ba\u015fkan\u0131 Donald Trump &#8220;Yeni bir Orta Do\u011fu olu\u015fturuluyor. Orta Do\u011fu alt\u0131n \u00e7a\u011f\u0131n\u0131 ya\u015fayacak&#8221; ifadelerini kulland\u0131. Trump konu\u015ftu\u011fu s\u0131rada bir protestocu, &#8220;Filistin&#8217;i tan\u0131&#8221; yaz\u0131l\u0131 ka\u011f\u0131tla eylem ger\u00e7ekle\u015ftirdi. G\u00f6revliler taraf\u0131ndan m\u00fcdahale edilen protestocu apar topar d\u0131\u015far\u0131 \u00e7\u0131kar\u0131ld\u0131. ABD Ba\u015fkan\u0131\u00a0Donald Trump,\u00a0\u0130srail\u00a0Parlamentosu&#8217;nda yapt\u0131\u011f\u0131 konu\u015fma s\u0131ras\u0131nda protesto edildi.\u00a0Filistin\u00a0as\u0131ll\u0131 \u0130srail [&hellip;]<\/p>\n","protected":false},"author":1,"featured_media":5313,"comment_status":"open","ping_status":"open","sticky":false,"template":"","format":"standard","meta":{"footnotes":""},"categories":[127],"tags":[160,924,894,712],"class_list":["post-5311","post","type-post","status-publish","format-standard","has-post-thumbnail","hentry","category-dunya","tag-abd","tag-donald-trump","tag-hamas","tag-trabzon-manset"],"_links":{"self":[{"href":"https:\/\/www.trabzonmanset.com\/index.php\/wp-json\/wp\/v2\/posts\/5311","targetHints":{"allow":["GET"]}}],"collection":[{"href":"https:\/\/www.trabzonmanset.com\/index.php\/wp-json\/wp\/v2\/posts"}],"about":[{"href":"https:\/\/www.trabzonmanset.com\/index.php\/wp-json\/wp\/v2\/types\/post"}],"author":[{"embeddable":true,"href":"https:\/\/www.trabzonmanset.com\/index.php\/wp-json\/wp\/v2\/users\/1"}],"replies":[{"embeddable":true,"href":"https:\/\/www.trabzonmanset.com\/index.php\/wp-json\/wp\/v2\/comments?post=5311"}],"version-history":[{"count":2,"href":"https:\/\/www.trabzonmanset.com\/index.php\/wp-json\/wp\/v2\/posts\/5311\/revisions"}],"predecessor-version":[{"id":5314,"href":"https:\/\/www.trabzonmanset.com\/index.php\/wp-json\/wp\/v2\/posts\/5311\/revisions\/5314"}],"wp:featuredmedia":[{"embeddable":true,"href":"https:\/\/www.trabzonmanset.com\/index.php\/wp-json\/wp\/v2\/media\/5313"}],"wp:attachment":[{"href":"https:\/\/www.trabzonmanset.com\/index.php\/wp-json\/wp\/v2\/media?parent=5311"}],"wp:term":[{"taxonomy":"category","embeddable":true,"href":"https:\/\/www.trabzonmanset.com\/index.php\/wp-json\/wp\/v2\/categories?post=5311"},{"taxonomy":"post_tag","embeddable":true,"href":"https:\/\/www.trabzonmanset.com\/index.php\/wp-json\/wp\/v2\/tags?post=5311"}],"curies":[{"name":"wp","href":"https:\/\/api.w.org\/{rel}","templated":true}]}}