{"id":5120,"date":"2025-10-11T09:00:00","date_gmt":"2025-10-11T06:00:00","guid":{"rendered":"https:\/\/www.trabzonmanset.com\/?p=5120"},"modified":"2025-10-11T12:04:18","modified_gmt":"2025-10-11T09:04:18","slug":"kirmizi-bultenle-aranan-don-vito-lakapli-uyusturucu-baronu-yakalandi","status":"publish","type":"post","link":"https:\/\/www.trabzonmanset.com\/index.php\/2025\/10\/11\/kirmizi-bultenle-aranan-don-vito-lakapli-uyusturucu-baronu-yakalandi\/","title":{"rendered":"K\u0131rm\u0131z\u0131 B\u00fcltenle aranan \u2018Don Vito\u2019 lakapl\u0131 uyu\u015fturucu baronu yakaland\u0131"},"content":{"rendered":"\n<p>K\u0131rm\u0131z\u0131 B\u00fcltenle aranan \u2018Don Vito\u2019 lakapl\u0131 uyu\u015fturucu baronu Abdullah Alp \u00dcst\u00fcn, yakalanarak T\u00fcrkiye\u2019ye getirildi.<\/p>\n\n\n\n<p>K\u0131rm\u0131z\u0131 B\u00fcltenle uluslararas\u0131 seviyede aranan \u2018Don Vito\u2019 lakapl\u0131 uyu\u015fturucu baronu Abdullah Alp \u00dcst\u00fcn ve K\u0131rm\u0131z\u0131 Dif\u00fczyon Mesaj\u0131yla uluslararas\u0131 seviyede aranan uyu\u015fturucu organize su\u00e7 \u00f6rg\u00fct\u00fc \u00fcyesi Hasan Lala, Birle\u015fik Arap Emirlikleri\u2019nde (BAE) yakaland\u0131. 2 \u015fah\u0131s, yakalanmalar\u0131n\u0131n ard\u0131ndan T\u00fcrkiye\u2019ye iadeleri sa\u011fland\u0131. \u0130\u00e7i\u015fleri Bakanl\u0131\u011f\u0131&#8217;ndan yap\u0131lan payla\u015f\u0131mda, \u015fu ifadelere yer verdi:<\/p>\n\n\n\n<p>&#8220;Emniyet Genel M\u00fcd\u00fcrl\u00fc\u011f\u00fc \u0130nterpol-Europol Daire Ba\u015fkanl\u0131\u011f\u0131, Narkotik Su\u00e7larla M\u00fccadele ve \u0130stihbarat ba\u015fkanl\u0131klar\u0131, BAE g\u00fcvenlik birimleri ve \u0130stanbul \u0130l Emniyet M\u00fcd\u00fcrl\u00fc\u011f\u00fcnce yap\u0131lan ortak \u00e7al\u0131\u015fmalar sonucu, \u2018Su\u00e7tan Kaynaklanan Malvarl\u0131\u011f\u0131 De\u011ferlerini Aklama, Uyu\u015fturucu veya Uyar\u0131c\u0131 Madde Ticareti Yapma veya Sa\u011flama, Su\u00e7 \u0130\u015flemek Amac\u0131yla \u00d6rg\u00fct Kurma\u2019 su\u00e7lar\u0131ndan k\u0131rm\u0131z\u0131 b\u00fcltenle uluslararas\u0131 seviyede aranan \u2018Chrooke\u2019 su\u00e7 \u00f6rg\u00fct\u00fc eleba\u015f\u0131 \u2018Don Vito\u2019 lakapl\u0131 Abdullah Alp \u00dcst\u00fcn isimli \u015fah\u0131s ile \u2019Su\u00e7 \u0130\u015flemek Amac\u0131yla Kurulan \u00d6rg\u00fcte \u00dcye Olma, Uyu\u015fturucu Madde \u0130thal Etme ve Su\u00e7tan Elde Edilen Malvarl\u0131\u011f\u0131 De\u011ferlerini Aklama\u2019 su\u00e7lar\u0131ndan K\u0131rm\u0131z\u0131 Dif\u00fczyon (Acil Yakalama Mesaj\u0131) ile uluslararas\u0131 seviyede aranan ve Abdullah Alp \u00dcst\u00fcn organizasyonu i\u00e7erisinde mali ve finansal i\u015flemlerden sorumlu olan Hasan Lala isimli \u015fah\u0131slar\u0131n Birle\u015fik Arap Emirlerinde yakalanmalar\u0131 ve \u00fclkemize iadeleri sa\u011fland\u0131. Operasyona EGM Havac\u0131l\u0131k Daire ve \u00d6zel Harekat Ba\u015fkanl\u0131klar\u0131m\u0131z destek sa\u011flad\u0131. Eme\u011fi ge\u00e7enlere te\u015fekk\u00fcr ediyorum. Uluslararas\u0131 i\u015f birli\u011fimizle organize su\u00e7 \u00f6rg\u00fct\u00fc \u00fcyelerini ve zehir tacirlerini yakalay\u0131p \u00fclkemize geri getirece\u011fiz.&#8221;<\/p>\n","protected":false},"excerpt":{"rendered":"<p>K\u0131rm\u0131z\u0131 B\u00fcltenle aranan \u2018Don Vito\u2019 lakapl\u0131 uyu\u015fturucu baronu Abdullah Alp \u00dcst\u00fcn, yakalanarak T\u00fcrkiye\u2019ye getirildi. K\u0131rm\u0131z\u0131 B\u00fcltenle uluslararas\u0131 seviyede aranan \u2018Don Vito\u2019 lakapl\u0131 uyu\u015fturucu baronu Abdullah Alp \u00dcst\u00fcn ve K\u0131rm\u0131z\u0131 Dif\u00fczyon Mesaj\u0131yla uluslararas\u0131 seviyede aranan uyu\u015fturucu organize su\u00e7 \u00f6rg\u00fct\u00fc \u00fcyesi Hasan Lala, Birle\u015fik Arap Emirlikleri\u2019nde (BAE) yakaland\u0131. 2 \u015fah\u0131s, yakalanmalar\u0131n\u0131n ard\u0131ndan T\u00fcrkiye\u2019ye iadeleri sa\u011fland\u0131. \u0130\u00e7i\u015fleri Bakanl\u0131\u011f\u0131&#8217;ndan [&hellip;]<\/p>\n","protected":false},"author":1,"featured_media":5121,"comment_status":"open","ping_status":"open","sticky":false,"template":"","format":"standard","meta":{"footnotes":""},"categories":[1371],"tags":[1551,1552,1550,712],"class_list":["post-5120","post","type-post","status-publish","format-standard","has-post-thumbnail","hentry","category-asayis","tag-alp-ustun","tag-bae","tag-don-vito","tag-trabzon-manset"],"_links":{"self":[{"href":"https:\/\/www.trabzonmanset.com\/index.php\/wp-json\/wp\/v2\/posts\/5120","targetHints":{"allow":["GET"]}}],"collection":[{"href":"https:\/\/www.trabzonmanset.com\/index.php\/wp-json\/wp\/v2\/posts"}],"about":[{"href":"https:\/\/www.trabzonmanset.com\/index.php\/wp-json\/wp\/v2\/types\/post"}],"author":[{"embeddable":true,"href":"https:\/\/www.trabzonmanset.com\/index.php\/wp-json\/wp\/v2\/users\/1"}],"replies":[{"embeddable":true,"href":"https:\/\/www.trabzonmanset.com\/index.php\/wp-json\/wp\/v2\/comments?post=5120"}],"version-history":[{"count":1,"href":"https:\/\/www.trabzonmanset.com\/index.php\/wp-json\/wp\/v2\/posts\/5120\/revisions"}],"predecessor-version":[{"id":5122,"href":"https:\/\/www.trabzonmanset.com\/index.php\/wp-json\/wp\/v2\/posts\/5120\/revisions\/5122"}],"wp:featuredmedia":[{"embeddable":true,"href":"https:\/\/www.trabzonmanset.com\/index.php\/wp-json\/wp\/v2\/media\/5121"}],"wp:attachment":[{"href":"https:\/\/www.trabzonmanset.com\/index.php\/wp-json\/wp\/v2\/media?parent=5120"}],"wp:term":[{"taxonomy":"category","embeddable":true,"href":"https:\/\/www.trabzonmanset.com\/index.php\/wp-json\/wp\/v2\/categories?post=5120"},{"taxonomy":"post_tag","embeddable":true,"href":"https:\/\/www.trabzonmanset.com\/index.php\/wp-json\/wp\/v2\/tags?post=5120"}],"curies":[{"name":"wp","href":"https:\/\/api.w.org\/{rel}","templated":true}]}}