{"id":5116,"date":"2025-10-10T20:30:00","date_gmt":"2025-10-10T17:30:00","guid":{"rendered":"https:\/\/www.trabzonmanset.com\/?p=5116"},"modified":"2025-10-11T00:52:20","modified_gmt":"2025-10-10T21:52:20","slug":"emine-erdogan-rizenin-tatlariyla-bulustu","status":"publish","type":"post","link":"https:\/\/www.trabzonmanset.com\/index.php\/2025\/10\/10\/emine-erdogan-rizenin-tatlariyla-bulustu\/","title":{"rendered":"Emine Erdo\u011fan, Rize&#8217;nin tatlar\u0131yla bulu\u015ftu"},"content":{"rendered":"\n<p>Cumhurba\u015fkan\u0131 Recep Tayyip Erdo\u011fan&#8217;\u0131n e\u015fi Emine Erdo\u011fan, Rize&#8217;de d\u00fczenlenen &#8220;5. Rize Gastronomi G\u00fcnleri&#8221;ne kat\u0131ld\u0131. Emine Erdo\u011fan, &#8220;Bu anlaml\u0131 bulu\u015fma, bir gastronomi etkinli\u011finden \u00f6te Rize&#8217;nin k\u00fclt\u00fcrel haf\u0131zas\u0131n\u0131 da gelece\u011fe ta\u015f\u0131yan bir ad\u0131m&#8221; dedi.<\/p>\n\n\n\n<p>Rize \u00c7ay \u00c7ar\u015f\u0131s\u0131&#8217;n\u0131n yan\u0131ndaki alanda K\u00fclt\u00fcr ve Turizm Bakanl\u0131\u011f\u0131, Rize Valili\u011fi ve Rize Belediyesi i\u015f birli\u011finde, y\u00f6resel lezzetlerin tan\u0131t\u0131ld\u0131\u011f\u0131 etkinlik ger\u00e7ekle\u015ftirildi. Gastronomi g\u00fcnlerinin a\u00e7\u0131l\u0131\u015f program\u0131na kat\u0131lan Cumhurba\u015fkan\u0131 Recep Tayyip Erdo\u011fan&#8217;\u0131n e\u015fi Emine Erdo\u011fan&#8217;\u0131, Vali Yard\u0131mc\u0131s\u0131 Hatice Cemre \u0130ncesu, Vali \u0130hsan Selim Bayda\u015f&#8217;\u0131n e\u015fi Zeyneb Bayda\u015f ve Belediye Ba\u015fkan\u0131 Rahmi Metin&#8217;in e\u015fi Fatma Metin kar\u015f\u0131lad\u0131.<\/p>\n\n\n\n<p><strong>Y\u00d6RESEL \u00dcR\u00dcNLER HAKKINDA B\u0130LG\u0130 ALDI<\/strong><\/p>\n\n\n\n<p>Rize \u00e7ay\u0131, Rize kavurmas\u0131, Rize simidi, m\u0131s\u0131r ekme\u011fi, eni\u015fte lokumu, karalahana sarmas\u0131, \u00c7ayeli kuru fasulyesi, Anzer bal\u0131, Ayder bal\u0131, laz b\u00f6re\u011fi, pepe\u00e7ura, Rize m\u0131hlamas\u0131 gibi bir\u00e7ok y\u00f6resel lezzetin tan\u0131t\u0131ld\u0131\u011f\u0131 stantlar\u0131 ziyaret eden Erdo\u011fan, \u00fcr\u00fcnler hakk\u0131nda bilgi ald\u0131.<\/p>\n\n\n\n<p>Erdo\u011fan, Karadeniz&#8217;e \u00f6zg\u00fc m\u00fczik aletlerinin sergilendi\u011fi stantta ise tulum dinledi. Festivale kat\u0131lan ziyaret\u00e7iler taraf\u0131ndan yo\u011fun ilgiyle kar\u015f\u0131lanan Erdo\u011fan, stant g\u00f6revlileri ve ziyaret\u00e7ilerle foto\u011fraf \u00e7ektirdi.<\/p>\n\n\n\n<figure class=\"wp-block-image size-full\"><img loading=\"lazy\" decoding=\"async\" width=\"770\" height=\"468\" src=\"https:\/\/www.trabzonmanset.com\/wp-content\/uploads\/2025\/10\/68e944c2d727cf215138e9a5.webp\" alt=\"\" class=\"wp-image-5117\" srcset=\"https:\/\/www.trabzonmanset.com\/wp-content\/uploads\/2025\/10\/68e944c2d727cf215138e9a5.webp 770w, https:\/\/www.trabzonmanset.com\/wp-content\/uploads\/2025\/10\/68e944c2d727cf215138e9a5-300x182.webp 300w, https:\/\/www.trabzonmanset.com\/wp-content\/uploads\/2025\/10\/68e944c2d727cf215138e9a5-768x467.webp 768w\" sizes=\"auto, (max-width: 770px) 100vw, 770px\" \/><\/figure>\n\n\n\n<p><strong>&#8220;HER STANT, K\u00d6KL\u00dc MUTFAK M\u0130RASININ B\u0130R YANSIMASI&#8221;<\/strong><\/p>\n\n\n\n<p>Emine Erdo\u011fan, ziyaretinin ard\u0131ndan NSosyal hesab\u0131ndan yapt\u0131\u011f\u0131 payla\u015f\u0131mda, \u015fu ifadeleri kulland\u0131:<\/p>\n\n\n\n<p>&#8220;Rize ziyaretimiz kapsam\u0131nda, &#8216;Aromatik Mutfak K\u00fclt\u00fcr\u00fcn\u00fcn Ye\u015fil Sofras\u0131&#8217; temas\u0131yla d\u00fczenlenen 5&#8217;inci Rize Gastronomi G\u00fcnleri&#8217;nde topra\u011f\u0131n kokusu, kad\u0131n eme\u011finin s\u0131cakl\u0131\u011f\u0131 ve do\u011fan\u0131n bereketiyle bulu\u015ftum. Rizeli emek\u00e7i kad\u0131nlar\u0131m\u0131z\u0131 ve T\u00fcrk mutfa\u011f\u0131n\u0131n temsilcileri olan de\u011ferli \u015feflerimizi tan\u0131maktan mutluluk duydum. Ata tohumlar\u0131, aromatik bitkiler, y\u00f6resel ev yemekleri, gen\u00e7lerimizin gastronomi sunumlar\u0131 ve nice birbirinden \u00f6zel \u00fcr\u00fcnlerin yer ald\u0131\u011f\u0131 stantlar\u0131 ziyaret ettim. <\/p>\n\n\n\n<p>Her stant, bu g\u00fczel \u015fehrin \u00fcretkenli\u011finin, i\u00e7tenli\u011finin ve k\u00f6kl\u00fc mutfak miras\u0131n\u0131n bir yans\u0131mas\u0131. Bu anlaml\u0131 bulu\u015fma; bir gastronomi etkinli\u011finden \u00f6te Rize&#8217;nin k\u00fclt\u00fcrel haf\u0131zas\u0131n\u0131 da gelece\u011fe ta\u015f\u0131yan bir ad\u0131m. Y\u00f6resel tatlar\u0131n her biri, bu topraklar\u0131n kimli\u011fi ve zenginli\u011fidir; korunmal\u0131, ya\u015fat\u0131lmal\u0131 ve gelece\u011fe aktar\u0131lmal\u0131d\u0131r. S\u00fcrd\u00fcr\u00fclebilirlik, sa\u011fl\u0131kl\u0131 beslenme ve yerel de\u011ferler oda\u011f\u0131nda, 12 il\u00e7esinden 200&#8217;\u00fc a\u015fk\u0131n yemek \u00e7e\u015fidini kay\u0131t alt\u0131na alan organizasyonda eme\u011fi ge\u00e7en herkesi kutluyorum.&#8221;<\/p>\n","protected":false},"excerpt":{"rendered":"<p>Cumhurba\u015fkan\u0131 Recep Tayyip Erdo\u011fan&#8217;\u0131n e\u015fi Emine Erdo\u011fan, Rize&#8217;de d\u00fczenlenen &#8220;5. Rize Gastronomi G\u00fcnleri&#8221;ne kat\u0131ld\u0131. Emine Erdo\u011fan, &#8220;Bu anlaml\u0131 bulu\u015fma, bir gastronomi etkinli\u011finden \u00f6te Rize&#8217;nin k\u00fclt\u00fcrel haf\u0131zas\u0131n\u0131 da gelece\u011fe ta\u015f\u0131yan bir ad\u0131m&#8221; dedi. Rize \u00c7ay \u00c7ar\u015f\u0131s\u0131&#8217;n\u0131n yan\u0131ndaki alanda K\u00fclt\u00fcr ve Turizm Bakanl\u0131\u011f\u0131, Rize Valili\u011fi ve Rize Belediyesi i\u015f birli\u011finde, y\u00f6resel lezzetlerin tan\u0131t\u0131ld\u0131\u011f\u0131 etkinlik ger\u00e7ekle\u015ftirildi. Gastronomi g\u00fcnlerinin [&hellip;]<\/p>\n","protected":false},"author":1,"featured_media":5118,"comment_status":"open","ping_status":"open","sticky":false,"template":"","format":"standard","meta":{"footnotes":""},"categories":[1],"tags":[1536,1547,1546,1539,1065,1544,1543,1541,1545,1542,535,1537,1538,1540,1549,1548],"class_list":["post-5116","post","type-post","status-publish","format-standard","has-post-thumbnail","hentry","category-gundem","tag-5-rize-gastronomi-gunleri","tag-anzer-bali","tag-ayder-bali","tag-cayeli-kuru-fasulyesi","tag-emine-erdogan","tag-eniste-lokumu","tag-karalahana-sarmasi","tag-laz-boregi","tag-misir-ekmegi","tag-pepecura","tag-rize","tag-rize-cay-carsisi","tag-rize-cayi","tag-rize-kavurmasi","tag-rize-mihlamasi","tag-rize-simidi"],"_links":{"self":[{"href":"https:\/\/www.trabzonmanset.com\/index.php\/wp-json\/wp\/v2\/posts\/5116","targetHints":{"allow":["GET"]}}],"collection":[{"href":"https:\/\/www.trabzonmanset.com\/index.php\/wp-json\/wp\/v2\/posts"}],"about":[{"href":"https:\/\/www.trabzonmanset.com\/index.php\/wp-json\/wp\/v2\/types\/post"}],"author":[{"embeddable":true,"href":"https:\/\/www.trabzonmanset.com\/index.php\/wp-json\/wp\/v2\/users\/1"}],"replies":[{"embeddable":true,"href":"https:\/\/www.trabzonmanset.com\/index.php\/wp-json\/wp\/v2\/comments?post=5116"}],"version-history":[{"count":1,"href":"https:\/\/www.trabzonmanset.com\/index.php\/wp-json\/wp\/v2\/posts\/5116\/revisions"}],"predecessor-version":[{"id":5119,"href":"https:\/\/www.trabzonmanset.com\/index.php\/wp-json\/wp\/v2\/posts\/5116\/revisions\/5119"}],"wp:featuredmedia":[{"embeddable":true,"href":"https:\/\/www.trabzonmanset.com\/index.php\/wp-json\/wp\/v2\/media\/5118"}],"wp:attachment":[{"href":"https:\/\/www.trabzonmanset.com\/index.php\/wp-json\/wp\/v2\/media?parent=5116"}],"wp:term":[{"taxonomy":"category","embeddable":true,"href":"https:\/\/www.trabzonmanset.com\/index.php\/wp-json\/wp\/v2\/categories?post=5116"},{"taxonomy":"post_tag","embeddable":true,"href":"https:\/\/www.trabzonmanset.com\/index.php\/wp-json\/wp\/v2\/tags?post=5116"}],"curies":[{"name":"wp","href":"https:\/\/api.w.org\/{rel}","templated":true}]}}