{"id":5073,"date":"2025-10-09T19:19:00","date_gmt":"2025-10-09T16:19:00","guid":{"rendered":"https:\/\/www.trabzonmanset.com\/?p=5073"},"modified":"2025-10-09T21:21:31","modified_gmt":"2025-10-09T18:21:31","slug":"porschenin-9-aylik-kuresel-satislari-yuzde-6-geriledi","status":"publish","type":"post","link":"https:\/\/www.trabzonmanset.com\/index.php\/2025\/10\/09\/porschenin-9-aylik-kuresel-satislari-yuzde-6-geriledi\/","title":{"rendered":"Porsche\u2019nin 9 ayl\u0131k k\u00fcresel sat\u0131\u015flar\u0131 y\u00fczde 6 geriledi"},"content":{"rendered":"\n<p>Alman otomotiv \u00fcreticisi Volkswagen grubunun l\u00fcks markas\u0131 Porsche&#8217;nin k\u00fcresel ara\u00e7 teslimatlar\u0131, y\u0131l\u0131n ocak-eyl\u00fcl d\u00f6neminde \u00c7in ve Avrupa&#8217;da azalan talep nedeniyle y\u00fczde 6 d\u00fc\u015ft\u00fc.<\/p>\n\n\n\n<figure class=\"wp-block-image size-large\"><img loading=\"lazy\" decoding=\"async\" width=\"1024\" height=\"576\" src=\"https:\/\/www.trabzonmanset.com\/wp-content\/uploads\/2025\/10\/porschenin_9_aylik_kuresel_satislari_yuzde_6_geriledi_1760013592_7584-1024x576.webp\" alt=\"\" class=\"wp-image-5074\" srcset=\"https:\/\/www.trabzonmanset.com\/wp-content\/uploads\/2025\/10\/porschenin_9_aylik_kuresel_satislari_yuzde_6_geriledi_1760013592_7584-1024x576.webp 1024w, https:\/\/www.trabzonmanset.com\/wp-content\/uploads\/2025\/10\/porschenin_9_aylik_kuresel_satislari_yuzde_6_geriledi_1760013592_7584-300x169.webp 300w, https:\/\/www.trabzonmanset.com\/wp-content\/uploads\/2025\/10\/porschenin_9_aylik_kuresel_satislari_yuzde_6_geriledi_1760013592_7584-768x432.webp 768w, https:\/\/www.trabzonmanset.com\/wp-content\/uploads\/2025\/10\/porschenin_9_aylik_kuresel_satislari_yuzde_6_geriledi_1760013592_7584.webp 1280w\" sizes=\"auto, (max-width: 1024px) 100vw, 1024px\" \/><\/figure>\n\n\n\n<p>Porsche, y\u0131l\u0131n ocak-eyl\u00fcl d\u00f6nemine ili\u015fkin ara\u00e7 teslimat sonu\u00e7lar\u0131n\u0131 duyurdu.<\/p>\n\n\n\n<p>Buna g\u00f6re, l\u00fcks otomobil \u00fcreticisinin ara\u00e7 teslimatlar\u0131, y\u0131l\u0131n ocak-eyl\u00fcl d\u00f6neminde ge\u00e7en y\u0131l\u0131n ayn\u0131 d\u00f6nemine g\u00f6re y\u00fczde 6 azalarak 212 bin 509&#8217;a geriledi.<\/p>\n\n\n\n<p>Porsche, s\u00f6z konusu d\u00f6nemde \u00c7in&#8217;de y\u00fczde 26\u2019l\u0131k d\u00fc\u015f\u00fc\u015fle 32 bin 195 ara\u00e7 teslimat\u0131 ger\u00e7ekle\u015ftirdi.<\/p>\n\n\n\n<p>\u015eirketin konuya ili\u015fkin a\u00e7\u0131klamas\u0131nda, &#8220;Bu d\u00fc\u015f\u00fc\u015f\u00fcn ba\u015fl\u0131ca nedenleri aras\u0131nda \u00f6zellikle l\u00fcks segmentte zorlu pazar ko\u015fullar\u0131 ve \u00c7in pazar\u0131ndaki yo\u011fun rekabet yer al\u0131yor.&#8221; denildi.<\/p>\n\n\n\n<p>Alman \u00fcreticinin \u00c7in&#8217;e yapt\u0131\u011f\u0131 teslimatlar k\u00fcresel teslimatlar\u0131n\u0131n yakla\u015f\u0131k y\u00fczde 15&#8217;ini olu\u015ftururken, \u015firket Avrupa Birli\u011fi (AB) ve \u00c7in aras\u0131ndaki g\u00fcmr\u00fck vergisi geriliminden etkileniyor.<\/p>\n\n\n\n<p>Porsche&#8217;nin Kuzey Amerika&#8217;daki teslimatlar\u0131 y\u0131l\u0131n 9 ay\u0131nda bir \u00f6nceki y\u0131l\u0131n ayn\u0131 d\u00f6nemine g\u00f6re y\u00fczde 5 artarak 64 bin 446&#8217;ya ula\u015f\u0131rken, Almanya i\u00e7indeki teslimatlar\u0131 ise y\u00fczde 16 azalarak 22 bin 492&#8217;ye indi.<\/p>\n\n\n\n<p>Alman \u00fcreticinin Almanya hari\u00e7 Avrupa\u2019da sat\u0131\u015flar\u0131 da y\u00fczde 4 d\u00fc\u015f\u00fc\u015fle 50 bin 286&#8217;ya geriledi.<\/p>\n\n\n\n<p>Tamamen ihracata ba\u011f\u0131ml\u0131 olan Porsche, zay\u0131f talep, \u00f6nemli bir pazar olan \u00c7in&#8217;deki rekabet bask\u0131s\u0131 ve ABD&#8217;nin g\u00fcmr\u00fck vergilerini art\u0131rmas\u0131 nedeniyle ge\u00e7en ay bu y\u0131la ili\u015fkin beklentilerini d\u00fc\u015f\u00fcrm\u00fc\u015ft\u00fc.<\/p>\n\n\n\n<p>Kaynak: AA<\/p>\n","protected":false},"excerpt":{"rendered":"<p>Alman otomotiv \u00fcreticisi Volkswagen grubunun l\u00fcks markas\u0131 Porsche&#8217;nin k\u00fcresel ara\u00e7 teslimatlar\u0131, y\u0131l\u0131n ocak-eyl\u00fcl d\u00f6neminde \u00c7in ve Avrupa&#8217;da azalan talep nedeniyle y\u00fczde 6 d\u00fc\u015ft\u00fc. Porsche, y\u0131l\u0131n ocak-eyl\u00fcl d\u00f6nemine ili\u015fkin ara\u00e7 teslimat sonu\u00e7lar\u0131n\u0131 duyurdu. Buna g\u00f6re, l\u00fcks otomobil \u00fcreticisinin ara\u00e7 teslimatlar\u0131, y\u0131l\u0131n ocak-eyl\u00fcl d\u00f6neminde ge\u00e7en y\u0131l\u0131n ayn\u0131 d\u00f6nemine g\u00f6re y\u00fczde 6 azalarak 212 bin 509&#8217;a geriledi. Porsche, [&hellip;]<\/p>\n","protected":false},"author":1,"featured_media":5074,"comment_status":"open","ping_status":"open","sticky":false,"template":"","format":"standard","meta":{"footnotes":""},"categories":[12],"tags":[1503,1422,1504,1505,1506,707,393],"class_list":["post-5073","post","type-post","status-publish","format-standard","has-post-thumbnail","hentry","category-otomobil","tag-alman-otomotiv","tag-almanya","tag-cin-3","tag-cin-arabalari","tag-fransiz-arabalari","tag-porsche","tag-volkswagen"],"_links":{"self":[{"href":"https:\/\/www.trabzonmanset.com\/index.php\/wp-json\/wp\/v2\/posts\/5073","targetHints":{"allow":["GET"]}}],"collection":[{"href":"https:\/\/www.trabzonmanset.com\/index.php\/wp-json\/wp\/v2\/posts"}],"about":[{"href":"https:\/\/www.trabzonmanset.com\/index.php\/wp-json\/wp\/v2\/types\/post"}],"author":[{"embeddable":true,"href":"https:\/\/www.trabzonmanset.com\/index.php\/wp-json\/wp\/v2\/users\/1"}],"replies":[{"embeddable":true,"href":"https:\/\/www.trabzonmanset.com\/index.php\/wp-json\/wp\/v2\/comments?post=5073"}],"version-history":[{"count":1,"href":"https:\/\/www.trabzonmanset.com\/index.php\/wp-json\/wp\/v2\/posts\/5073\/revisions"}],"predecessor-version":[{"id":5075,"href":"https:\/\/www.trabzonmanset.com\/index.php\/wp-json\/wp\/v2\/posts\/5073\/revisions\/5075"}],"wp:featuredmedia":[{"embeddable":true,"href":"https:\/\/www.trabzonmanset.com\/index.php\/wp-json\/wp\/v2\/media\/5074"}],"wp:attachment":[{"href":"https:\/\/www.trabzonmanset.com\/index.php\/wp-json\/wp\/v2\/media?parent=5073"}],"wp:term":[{"taxonomy":"category","embeddable":true,"href":"https:\/\/www.trabzonmanset.com\/index.php\/wp-json\/wp\/v2\/categories?post=5073"},{"taxonomy":"post_tag","embeddable":true,"href":"https:\/\/www.trabzonmanset.com\/index.php\/wp-json\/wp\/v2\/tags?post=5073"}],"curies":[{"name":"wp","href":"https:\/\/api.w.org\/{rel}","templated":true}]}}