{"id":5043,"date":"2025-10-09T14:38:00","date_gmt":"2025-10-09T11:38:00","guid":{"rendered":"https:\/\/www.trabzonmanset.com\/?p=5043"},"modified":"2025-10-09T14:38:01","modified_gmt":"2025-10-09T11:38:01","slug":"cumhurbaskani-erdogan-hamas-israil-gorusmelerinin-ateskesle-sonuclanmasindan-buyuk-memnuniyet-duyuyorum","status":"publish","type":"post","link":"https:\/\/www.trabzonmanset.com\/index.php\/2025\/10\/09\/cumhurbaskani-erdogan-hamas-israil-gorusmelerinin-ateskesle-sonuclanmasindan-buyuk-memnuniyet-duyuyorum\/","title":{"rendered":"Cumhurba\u015fkan\u0131 Erdo\u011fan: Hamas-\u0130srail g\u00f6r\u00fc\u015fmelerinin ate\u015fkesle sonu\u00e7lanmas\u0131ndan b\u00fcy\u00fck memnuniyet duyuyorum"},"content":{"rendered":"\n<p>Cumhurba\u015fkan\u0131 Recep Tayyip Erdo\u011fan, \u015earm El \u015eeyh&#8217;de y\u00fcr\u00fct\u00fclen ve T\u00fcrkiye&#8217;nin de katk\u0131 sa\u011flad\u0131\u011f\u0131 Hamas-\u0130srail g\u00f6r\u00fc\u015fmelerinin Gazze&#8217;de ate\u015fkesle sonu\u00e7lanmas\u0131ndan b\u00fcy\u00fck memnuniyet duydu\u011funu ifade etti.<\/p>\n\n\n\n<p>Cumhurba\u015fkan\u0131 Erdo\u011fan, sosyal medya hesab\u0131ndan yapt\u0131\u011f\u0131 a\u00e7\u0131klamada, Hamas ile \u0130srail&#8217;in, Gazze&#8217;de ate\u015fkes plan\u0131n\u0131n ilk a\u015famas\u0131n\u0131 onaylamas\u0131na ili\u015fkin de\u011ferlendirmelerde bulundu.<\/p>\n\n\n\n<ul class=\"wp-block-list\">\n<li><strong>ABD Ba\u015fkan\u0131 Trump, \u0130srail ile Hamas&#8217;\u0131n, Gazze&#8217;de ate\u015fkes plan\u0131n\u0131n ilk a\u015famas\u0131n\u0131 onaylad\u0131\u011f\u0131n\u0131 duyurdu<\/strong><\/li>\n<\/ul>\n\n\n\n<p>&#8220;\u015earm El \u015eeyh&#8217;de y\u00fcr\u00fct\u00fclen ve T\u00fcrkiye olarak bizim de katk\u0131 sa\u011flad\u0131\u011f\u0131m\u0131z Hamas-\u0130srail g\u00f6r\u00fc\u015fmelerinin Gazze&#8217;de ate\u015fkesle sonu\u00e7lanmas\u0131ndan b\u00fcy\u00fck memnuniyet duyuyorum.&#8221; ifadelerini kullanan Erdo\u011fan, \u015funlar\u0131 kaydetti:<\/p>\n\n\n\n<p>&#8220;\u0130srail h\u00fck\u00fcmetinin ate\u015fkese te\u015fvik edilmesinde gerekli siyasi iradeyi ortaya koyan ABD Ba\u015fkan\u0131 Say\u0131n Trump ba\u015fta olmak \u00fczere, anla\u015fmaya var\u0131lmas\u0131nda \u00f6nemli destekleri olan karde\u015f \u00fclkeler Katar ve M\u0131s\u0131r&#8217;a hassaten te\u015fekk\u00fcr ediyorum. T\u00fcrkiye olarak anla\u015fman\u0131n harfiyen uygulanmas\u0131n\u0131n yak\u0131n takip\u00e7isi olacak ve s\u00fcrece katk\u0131 sunmaya devam edece\u011fiz. Ayn\u0131 \u015fekilde Filistin&#8217;de 1967 s\u0131n\u0131rlar\u0131 temelinde, ba\u015fkenti Do\u011fu Kud\u00fcs olan, ba\u011f\u0131ms\u0131z, egemen ve co\u011frafi b\u00fct\u00fcnl\u00fc\u011f\u00fc haiz bir Filistin Devleti kurulana dek m\u00fccadelemizi s\u00fcrd\u00fcrece\u011fiz.<\/p>\n\n\n\n<p>Bu vesileyle, 2 y\u0131ld\u0131r tarifsiz ac\u0131lar \u00e7eken, gayriinsani ko\u015fullar alt\u0131nda hayat ve haysiyet m\u00fccadelesi veren, evlad\u0131n\u0131, anas\u0131n\u0131, babas\u0131n\u0131, akrabas\u0131n\u0131, arkada\u015f\u0131n\u0131 kaybeden, ya\u015fad\u0131klar\u0131 t\u00fcm trajedilere ra\u011fmen izzetli duru\u015flar\u0131ndan taviz vermeyen Filistinli karde\u015flerimi en kalbi muhabbetlerimle selaml\u0131yorum. Rabb&#8217;im Filistinli karde\u015flerimizin yar ve yard\u0131mc\u0131s\u0131 olsun, Rabb&#8217;im \u015fehitlerimizin ruhlar\u0131n\u0131 \u015fad, mekanlar\u0131n\u0131 cennet eylesin.&#8221;<\/p>\n\n\n\n<h3 class=\"wp-block-heading\">TBMM Ba\u015fkan\u0131 Kurtulmu\u015f: Planlanan bar\u0131\u015f ve sa\u011flanan ate\u015fkesin kal\u0131c\u0131 olmas\u0131 temennimizdir<\/h3>\n\n\n\n<p>TBMM Ba\u015fkan\u0131 Numan Kurtulmu\u015f, sosyal medya hesab\u0131ndan yapt\u0131\u011f\u0131 a\u00e7\u0131klamada, Gazze&#8217;nin kurtulu\u015funun, filolar\u0131n, sivil toplumun, uluslararas\u0131 kamuoyunun ve ba\u015fta T\u00fcrkiye olmak \u00fczere s\u00f6z\u00fc ge\u00e7en, s\u00f6z\u00fc g\u00fc\u00e7l\u00fc devletlerin bir araya gelmesiyle m\u00fcmk\u00fcn oldu\u011funu belirtti.<\/p>\n\n\n\n<p>\u0130nsanl\u0131k cephesinin dayan\u0131\u015fmas\u0131 sayesinde yap\u0131lan anla\u015fmayla Filistin&#8217;de ya\u015fanan ac\u0131lar\u0131n &#8220;bir nebze olsun hafifleme yoluna girdi\u011fini&#8221; ifade eden Kurtulmu\u015f, soyk\u0131r\u0131m boyutuna ula\u015fm\u0131\u015f \u0130srail sald\u0131rganl\u0131\u011f\u0131na daha fazla tahamm\u00fcl edilemeyece\u011finin a\u00e7\u0131k\u00e7a g\u00f6r\u00fcld\u00fc\u011f\u00fcn\u00fc bildirdi.<\/p>\n\n\n\n<p>Sava\u015f su\u00e7lusu Netanyahu y\u00f6netiminin mahkemelerde hesap verene dek s\u00f6zlerinin arkas\u0131nda duracaklar\u0131n\u0131 aktaran Kurtulmu\u015f, \u015funlar\u0131 kaydetti:<\/p>\n\n\n\n<p>&#8220;Direnen Filistin halk\u0131n\u0131n ve bedelini canlar\u0131 pahas\u0131na \u00f6deyen karde\u015flerimizin fedakarl\u0131\u011f\u0131 her t\u00fcrl\u00fc takdirin \u00fczerindedir. Planlanan bar\u0131\u015f ve sa\u011flanan ate\u015fkesin kal\u0131c\u0131 olmas\u0131 en b\u00fcy\u00fck temennimizdir. Adil bar\u0131\u015f ancak adalet, g\u00fcvenlik ve tam ba\u011f\u0131ms\u0131z Filistin devletinin geni\u015f\u00e7e tan\u0131nmas\u0131yla sa\u011flan\u0131r. Bu anla\u015fma, o yolda at\u0131lm\u0131\u015f \u00f6nemli bir ad\u0131md\u0131r. Dikkatimizi ve g\u00f6z\u00fcm\u00fcz\u00fc Gazze&#8217;den ay\u0131rmadan, insani yard\u0131m, siyasi \u00e7\u00f6z\u00fcm ve kal\u0131c\u0131 bar\u0131\u015f i\u00e7in \u00e7al\u0131\u015fmaya devam edece\u011fiz.&#8221;<\/p>\n\n\n\n<h3 class=\"wp-block-heading\">Cumhurba\u015fkan\u0131 Yard\u0131mc\u0131s\u0131 Y\u0131lmaz:&nbsp;Anla\u015fmaya katk\u0131 sundu\u011fumuz gibi uygulanmas\u0131n\u0131 da yak\u0131ndan takip edece\u011fiz<\/h3>\n\n\n\n<p>Cumhurba\u015fkan\u0131 Yard\u0131mc\u0131s\u0131 Cevdet Y\u0131lmaz, NSosyal hesab\u0131ndan yapt\u0131\u011f\u0131 a\u00e7\u0131klamada, ABD Ba\u015fkan\u0131 Donald Trump&#8217;\u0131n ortaya koydu\u011fu plan\u0131n, T\u00fcrkiye, Katar ve M\u0131s\u0131r&#8217;\u0131n arabuluculu\u011fu ile Hamas ve \u0130srail temsilcileri taraf\u0131ndan m\u00fczakere edilerek kabul edildi\u011fini belirtti.<\/p>\n\n\n\n<p>\u00c7ok ge\u00e7 kalm\u0131\u015f olsa da Gazze&#8217;de ate\u015fkesin sa\u011flanmas\u0131n\u0131 b\u00fcy\u00fck bir memnuniyetle kar\u015f\u0131lad\u0131klar\u0131n\u0131 dile getiren Y\u0131lmaz, ba\u015fta Cumhurba\u015fkan\u0131 Recep Tayyip Erdo\u011fan olmak \u00fczere eme\u011fi ge\u00e7en herkese \u015f\u00fckranlar\u0131n\u0131 sundu.<\/p>\n\n\n\n<p>Cevdet Y\u0131lmaz, T\u00fcrkiye&#8217;nin bug\u00fcne kadar oldu\u011fu gibi bundan sonra da Filistin halk\u0131n\u0131n yan\u0131nda olmaya devam edece\u011fini vurgulayarak, \u015funlar\u0131 kaydetti:<\/p>\n\n\n\n<p>&#8220;Daha fazla Filistinli masumun kan\u0131n\u0131n d\u00f6k\u00fclmemesi, insani yard\u0131mlar\u0131n kesintisiz ula\u015ft\u0131r\u0131lmas\u0131 ve yeniden in\u015fa s\u00fcreci ile Gazze farkl\u0131 bir d\u00f6neme girecektir. \u00c7ok dar bir alanda, d\u00fcnyan\u0131n en geli\u015fmi\u015f silahlar\u0131 kar\u015f\u0131s\u0131nda, t\u00fcm imkans\u0131zl\u0131klar i\u00e7inde b\u00fcy\u00fck bir direni\u015f g\u00f6steren Gazze halk\u0131n\u0131 g\u00f6n\u00fclden selaml\u0131yoruz. \u0130ki y\u0131ld\u0131r s\u00fcren insanl\u0131k d\u0131\u015f\u0131 sald\u0131r\u0131lara ra\u011fmen Filistin halk\u0131 topra\u011f\u0131ndan s\u00f6k\u00fcl\u00fcp at\u0131lamad\u0131. Bir\u00e7ok \u00fclke Filistin Devletini resmen tan\u0131d\u0131. Gazze&#8217;nin direni\u015fi t\u00fcm d\u00fcnyada uyan\u0131\u015fa vesile oldu. Gazze&#8217;de i\u015fgale, ablukaya ve soyk\u0131r\u0131ma direni\u015f, insanl\u0131\u011f\u0131n ve insani de\u011ferlerin dirili\u015fine d\u00f6n\u00fc\u015ft\u00fc. Bu uyan\u0131\u015f etraf\u0131nda olu\u015fan &#8216;insanl\u0131k ittifak\u0131&#8217; ve &#8216;Sumud ruhu&#8217; daha adaletli bir d\u00fcnya umudunun g\u00fc\u00e7lenmesine vesile oldu. \u00d6n\u00fcm\u00fczdeki d\u00f6nem taraflar\u0131n var\u0131lan anla\u015fmaya sad\u0131k kalmas\u0131n\u0131 ve etkili \u015fekilde uygulamalar\u0131n\u0131 bekliyoruz. Anla\u015fmaya katk\u0131 sundu\u011fumuz gibi uygulanmas\u0131n\u0131 da yak\u0131ndan takip ederek s\u00fcrece katk\u0131 sunaca\u011f\u0131z.&#8221;<\/p>\n\n\n\n<p>Cumhurba\u015fkan\u0131 Yard\u0131mc\u0131s\u0131 Y\u0131lmaz, bu s\u00fcrecin sonunda i\u015fgalin tamamen sona ermesi ve 1967 s\u0131n\u0131rlar\u0131nda ba\u015fkenti Do\u011fu Kud\u00fcs olan Filistin Devleti&#8217;nin hayat bulmas\u0131n\u0131n herkes i\u00e7in g\u00fcvenli\u011fi, huzuru ve bar\u0131\u015f\u0131 kal\u0131c\u0131 hale getirece\u011fini dile getirdi.<\/p>\n\n\n\n<h3 class=\"wp-block-heading\">\u0130leti\u015fim Ba\u015fkan\u0131 Duran: Her alanda Filistinlilere destek verece\u011fiz<\/h3>\n\n\n\n<p>Cumhurba\u015fkanl\u0131\u011f\u0131 \u0130leti\u015fim Ba\u015fkan\u0131 Burhanettin Duran, NSosyal hesab\u0131ndan yapt\u0131\u011f\u0131 payla\u015f\u0131mda, \u0130srail ile Hamas aras\u0131nda y\u00fcr\u00fct\u00fclen m\u00fczakerelerin uzla\u015fmayla sonu\u00e7lanmas\u0131n\u0131n memnuniyet verici oldu\u011funu belirterek, \u015funlar\u0131 kaydetti:<\/p>\n\n\n\n<p>&#8220;Anla\u015fman\u0131n birinci a\u015famas\u0131na ula\u015f\u0131lmas\u0131nda rol oynayan ba\u015fta \u00fclkemiz olmak \u00fczere b\u00fct\u00fcn arabulucu akt\u00f6rlerin \u00e7abas\u0131 takdire \u015fayand\u0131r. Bu a\u015famadan sonra taraflar\u0131n anla\u015fma ko\u015fullar\u0131na uymas\u0131, Gazze&#8217;ye acil insani yard\u0131mlar\u0131n ula\u015ft\u0131r\u0131lmas\u0131 ve Gazze&#8217;de iki y\u0131ld\u0131r ya\u015fanan utan\u00e7 tablosunun sona erdirilmesi gerekmektedir.&#8221;<\/p>\n\n\n\n<p>T\u00fcrkiye&#8217;nin, Cumhurba\u015fkan\u0131 Recep Tayyip Erdo\u011fan&#8217;\u0131n liderli\u011finde yeni s\u00fcre\u00e7te de \u00fcst\u00fcne d\u00fc\u015fen sorumlulu\u011fu yerine getirece\u011fini vurgulayan Duran, \u015fu ifadeleri kulland\u0131:<\/p>\n\n\n\n<p>&#8220;Ba\u015fta Gazze&#8217;ye insani yard\u0131mlar\u0131n ula\u015ft\u0131r\u0131lmas\u0131 ve ate\u015fkes ko\u015fullar\u0131na uyulmas\u0131 konular\u0131 olmak \u00fczere her alanda Filistinlilere destek verece\u011fiz ve Gazze&#8217;deki yaralar\u0131n sar\u0131lmas\u0131 i\u00e7in \u00e7al\u0131\u015faca\u011f\u0131z. B\u00f6lgede kal\u0131c\u0131 bar\u0131\u015f\u0131 ve istikrar\u0131 sa\u011flaman\u0131n temel ko\u015fulunun, 1967 s\u0131n\u0131rlar\u0131na dayal\u0131 iki devletli \u00e7\u00f6z\u00fcm oldu\u011fu ise hi\u00e7bir zaman unutulmamal\u0131d\u0131r.&#8221;<\/p>\n\n\n\n<h3 class=\"wp-block-heading\">D\u0131\u015fi\u015fleri Bakanl\u0131\u011f\u0131: Bu ate\u015fkesin iki y\u0131ld\u0131r devam eden soyk\u0131r\u0131m\u0131 sona erdirmesini temenni ediyoruz<\/h3>\n\n\n\n<p>D\u0131\u015fi\u015fleri Bakanl\u0131\u011f\u0131ndan yap\u0131lan a\u00e7\u0131klamada da, &#8220;Gazze&#8217;de ate\u015fkes sa\u011flanmas\u0131n\u0131 memnuniyetle kar\u015f\u0131l\u0131yor, bu ate\u015fkesin iki y\u0131ld\u0131r devam eden soyk\u0131r\u0131m\u0131 sona erdirmesini temenni ediyoruz. Var\u0131lan ate\u015fkes anla\u015fmas\u0131n\u0131n tam olarak uygulanmas\u0131n\u0131 bekliyoruz.&#8221; ifadelerine yer verildi.<\/p>\n\n\n\n<p>Ate\u015fkesin sa\u011flanmas\u0131yla insani bir felaketin ya\u015fand\u0131\u011f\u0131 Gazze&#8217;ye insani yard\u0131mlar\u0131n ula\u015ft\u0131r\u0131lmas\u0131 ve Gazze&#8217;nin yeniden imar\u0131na y\u00f6nelik \u00e7al\u0131\u015fmalar\u0131n ivedilikle ba\u015flat\u0131lmas\u0131 gerekti\u011fi vurgulanan a\u00e7\u0131klamada, T\u00fcrkiye&#8217;nin bundan sonra da Gazze&#8217;ye yo\u011fun \u015fekilde insani yard\u0131mda bulunmaya devam edece\u011fi kaydedildi.<\/p>\n\n\n\n<p>Orta Do\u011fu&#8217;da kal\u0131c\u0131 bar\u0131\u015f\u0131n ancak \u0130srail-Filistin meselesine adil bir \u00e7\u00f6z\u00fcm bulunmas\u0131yla m\u00fcmk\u00fcn oldu\u011funa dikkati \u00e7ekilerek, ate\u015fkes m\u00fczakerelerinde sa\u011flanan bu ivmenin ilerleyen d\u00f6nemde iki devletli \u00e7\u00f6z\u00fcm\u00fcn hayata ge\u00e7irilmesine de katk\u0131 sa\u011flamas\u0131n\u0131n umuldu\u011fu belirtildi.<\/p>\n\n\n\n<p>Ate\u015fkes m\u00fczakerelerinde arabuluculuk yapan Katar, M\u0131s\u0131r ve ABD&#8217;nin \u00e7abalar\u0131n\u0131n takdirle kar\u015f\u0131land\u0131\u011f\u0131 ifade edilen a\u00e7\u0131klamada, ate\u015fkes anla\u015fmas\u0131n\u0131n uygulanma a\u015famalar\u0131nda da katk\u0131 ve deste\u011fin s\u00fcrd\u00fcr\u00fclece\u011finin alt\u0131 \u00e7izildi.<\/p>\n\n\n\n<p>ABD Ba\u015fkan\u0131 Donald Trump, \u0130srail ile Hamas&#8217;\u0131n, Gazze&#8217;de ate\u015fkes plan\u0131n\u0131n ilk a\u015famas\u0131n\u0131 onaylad\u0131\u011f\u0131n\u0131 duyurmu\u015ftu.<\/p>\n\n\n\n<p>Hamas da Gazze \u015eeridi&#8217;nde ate\u015fkes anla\u015fmas\u0131na var\u0131ld\u0131\u011f\u0131n\u0131 do\u011frulayarak, T\u00fcrkiye, Katar ve M\u0131s\u0131r ile ABD Ba\u015fkan\u0131 Trump\u2019\u0131n \u00e7abalar\u0131n\u0131 takdirle kar\u015f\u0131lad\u0131\u011f\u0131n\u0131 a\u00e7\u0131klam\u0131\u015ft\u0131. \u0130srail Ba\u015fbakan\u0131 Binyamin Netanyahu ise M\u0131s\u0131r&#8217;daki g\u00f6r\u00fc\u015fmelerde Gazze&#8217;de ate\u015fkes anla\u015fmas\u0131na var\u0131lmas\u0131n\u0131n ard\u0131ndan kabineyi toplay\u0131p \u0130srailli esirlerin geri getirilmesi i\u00e7in ate\u015fkes anla\u015fmas\u0131n\u0131 onaylayacaklar\u0131n\u0131 bildirmi\u015fti.<\/p>\n","protected":false},"excerpt":{"rendered":"<p>Cumhurba\u015fkan\u0131 Recep Tayyip Erdo\u011fan, \u015earm El \u015eeyh&#8217;de y\u00fcr\u00fct\u00fclen ve T\u00fcrkiye&#8217;nin de katk\u0131 sa\u011flad\u0131\u011f\u0131 Hamas-\u0130srail g\u00f6r\u00fc\u015fmelerinin Gazze&#8217;de ate\u015fkesle sonu\u00e7lanmas\u0131ndan b\u00fcy\u00fck memnuniyet duydu\u011funu ifade etti. Cumhurba\u015fkan\u0131 Erdo\u011fan, sosyal medya hesab\u0131ndan yapt\u0131\u011f\u0131 a\u00e7\u0131klamada, Hamas ile \u0130srail&#8217;in, Gazze&#8217;de ate\u015fkes plan\u0131n\u0131n ilk a\u015famas\u0131n\u0131 onaylamas\u0131na ili\u015fkin de\u011ferlendirmelerde bulundu. &#8220;\u015earm El \u015eeyh&#8217;de y\u00fcr\u00fct\u00fclen ve T\u00fcrkiye olarak bizim de katk\u0131 sa\u011flad\u0131\u011f\u0131m\u0131z Hamas-\u0130srail g\u00f6r\u00fc\u015fmelerinin [&hellip;]<\/p>\n","protected":false},"author":1,"featured_media":5044,"comment_status":"open","ping_status":"open","sticky":false,"template":"","format":"standard","meta":{"footnotes":""},"categories":[11],"tags":[160,1478,543,894,1103,620,1479],"class_list":["post-5043","post","type-post","status-publish","format-standard","has-post-thumbnail","hentry","category-manset","tag-abd","tag-ateskes","tag-gazze","tag-hamas","tag-israil-2","tag-recep-tayyip-erdogan","tag-sarm-el-seyh"],"_links":{"self":[{"href":"https:\/\/www.trabzonmanset.com\/index.php\/wp-json\/wp\/v2\/posts\/5043","targetHints":{"allow":["GET"]}}],"collection":[{"href":"https:\/\/www.trabzonmanset.com\/index.php\/wp-json\/wp\/v2\/posts"}],"about":[{"href":"https:\/\/www.trabzonmanset.com\/index.php\/wp-json\/wp\/v2\/types\/post"}],"author":[{"embeddable":true,"href":"https:\/\/www.trabzonmanset.com\/index.php\/wp-json\/wp\/v2\/users\/1"}],"replies":[{"embeddable":true,"href":"https:\/\/www.trabzonmanset.com\/index.php\/wp-json\/wp\/v2\/comments?post=5043"}],"version-history":[{"count":1,"href":"https:\/\/www.trabzonmanset.com\/index.php\/wp-json\/wp\/v2\/posts\/5043\/revisions"}],"predecessor-version":[{"id":5045,"href":"https:\/\/www.trabzonmanset.com\/index.php\/wp-json\/wp\/v2\/posts\/5043\/revisions\/5045"}],"wp:featuredmedia":[{"embeddable":true,"href":"https:\/\/www.trabzonmanset.com\/index.php\/wp-json\/wp\/v2\/media\/5044"}],"wp:attachment":[{"href":"https:\/\/www.trabzonmanset.com\/index.php\/wp-json\/wp\/v2\/media?parent=5043"}],"wp:term":[{"taxonomy":"category","embeddable":true,"href":"https:\/\/www.trabzonmanset.com\/index.php\/wp-json\/wp\/v2\/categories?post=5043"},{"taxonomy":"post_tag","embeddable":true,"href":"https:\/\/www.trabzonmanset.com\/index.php\/wp-json\/wp\/v2\/tags?post=5043"}],"curies":[{"name":"wp","href":"https:\/\/api.w.org\/{rel}","templated":true}]}}