{"id":4973,"date":"2025-10-08T19:20:23","date_gmt":"2025-10-08T16:20:23","guid":{"rendered":"https:\/\/www.trabzonmanset.com\/?p=4973"},"modified":"2025-10-08T19:20:25","modified_gmt":"2025-10-08T16:20:25","slug":"bakan-fidan-israil-ve-hamas-bugun-uzlasmaya-varirsa-ateskes-ilan-edilecek","status":"publish","type":"post","link":"https:\/\/www.trabzonmanset.com\/index.php\/2025\/10\/08\/bakan-fidan-israil-ve-hamas-bugun-uzlasmaya-varirsa-ateskes-ilan-edilecek\/","title":{"rendered":"Bakan Fidan: \u0130srail ve Hamas bug\u00fcn uzla\u015fmaya var\u0131rsa, ate\u015fkes ilan edilecek"},"content":{"rendered":"\n<p>D\u0131\u015fi\u015fleri Bakan\u0131 Hakan Fidan, Suriyeli mevkida\u015f\u0131 Esad Hasan \u015eeybani ile Ankara&#8217;da g\u00f6r\u00fc\u015ft\u00fc. ki bakan ger\u00e7ekle\u015ftirdikleri g\u00f6r\u00fc\u015fme sonras\u0131 kameralar kar\u015f\u0131s\u0131na \u00e7\u0131kt\u0131 ve ortak bas\u0131n toplant\u0131s\u0131 d\u00fczenledi.<\/p>\n\n\n\n<h3 class=\"wp-block-heading\">BAKAN F\u0130DAN&#8217;DAN &#8220;GAZZE&#8221; A\u00c7IKLAMASI<\/h3>\n\n\n\n<p>M\u0131s\u0131r&#8217;da \u0130srail ve Hamas heyetlerinin dolayl\u0131 olarak y\u00fcr\u00fctt\u00fc\u011f\u00fc ate\u015fkes g\u00f6r\u00fc\u015fmeleri ile ilgili konu\u015fan Bakan Fidan, uzla\u015fmaya var\u0131l\u0131rsa bug\u00fcn ate\u015fkes ilan edilece\u011fini s\u00f6yledi. Fidan \u015fu ifadeleri kulland\u0131: Ba\u015fta rehinelerin b\u0131rak\u0131lmas\u0131 olmak \u00fczere ad\u0131mlar at\u0131lmas\u0131 gerekir. Gazze plan\u0131 geni\u015f bir plan ve \u00e7ok fazla konuyu i\u00e7eriyor. Birinci \u00f6ncelikli madde, ate\u015fkesin sa\u011flanmas\u0131 ve rehinelerin b\u0131rak\u0131lmas\u0131.<\/p>\n\n\n\n<h3 class=\"wp-block-heading\">&#8220;UZLA\u015eMA \u00c7IKARSA BUG\u00dcN ATE\u015eKES OLACAK&#8221;<\/h3>\n\n\n\n<p>Hamas ile \u0130srail dolay\u0131 olarak M\u0131s\u0131r&#8217;da g\u00f6r\u00fc\u015f\u00fcyorlar. T\u00fcrkiye, ABD, Katar ve M\u0131s\u0131r tafralara gerekli g\u00f6r\u00fc\u015fleri sa\u011fl\u0131yorlar. M\u00fczakere s\u00fcreci, bug\u00fcn olumlu bir tablo \u00e7\u0131kmas\u0131 halinde hedeflenen 4 husus var. Belli maddelerde epey mesafe katedildi, birka\u00e7 husus daha var, \u00f6n\u00fcm\u00fczdeki saatlerde netle\u015febilir. Bu d\u00f6rt madde \u015fu: Ate\u015fkes ilan edilecek, akabinde Hamas&#8217;\u0131n elindeki rehineler ve ceset, \u0130srail hapishanesindeki belli say\u0131daki m\u00fcebbet hapse mahkum olanlar ve belli say\u0131daki 7 Ekimden sonra tutuklananlar serbest b\u0131rak\u0131lacak, insani yard\u0131mlar\u0131n artt\u0131r\u0131lmas\u0131, \u0130srail birliklerinin geri \u00e7ekilme hatlar\u0131na \u00e7ekilmeye y\u00f6nelik s\u00fcrecin ba\u015flat\u0131lmas\u0131.<\/p>\n\n\n\n<p>\u0130yi olan \u015fey taraflar\u0131n rehinelerin sal\u0131nmas\u0131 ve ate\u015fkesin hayata ge\u00e7mesi konusunda ciddi bir irade koyduklar\u0131n\u0131 g\u00f6r\u00fcyoruz. Netanyahu h\u00fck\u00fcmetinin kafas\u0131nda illaki bir bozucu B plan\u0131 oluyor, bunu da dikkate almak gerekiyor. M\u00fczakereye kat\u0131lan \u00fclkeler bunun bilincinde, Netanyahu&#8217;nun da gidecek bir yer yok. Bu maddelerden sonra \u00e7ok fazla konu var, devam eden g\u00f6r\u00fc\u015fmelerin tamamlay\u0131c\u0131 niteli\u011finde ve olay\u0131n siyasi y\u00f6n\u00fcn\u00fcn de g\u00f6r\u00fc\u015f\u00fclece\u011fi bir g\u00f6r\u00fc\u015fme Fransa&#8217;da olacak. Bu toplant\u0131da plan\u0131n ilerletilmesi, sava\u015f\u0131n durmas\u0131, yaralar\u0131n sar\u0131lmas\u0131 ve iki devletli \u00e7\u00f6z\u00fcm\u00fcn hayata ge\u00e7irilmesi konusunda \u00f6nemli olacak.<\/p>\n\n\n\n<h3 class=\"wp-block-heading\">\u0130SRA\u0130L&#8217;\u0130N ALIKOYDU\u011eU T\u00dcRK M\u0130LLETVEK\u0130LLER\u0130<\/h3>\n\n\n\n<p>Sumud Filosunda oldu\u011fu gibi \u00d6zg\u00fcrl\u00fck Filosu da uluslararas\u0131 sularda \u0130srail taraf\u0131ndan sald\u0131r\u0131ya u\u011frad\u0131. Filoda 144 aktivist oldu\u011fu \u00f6ng\u00f6r\u00fcl\u00fcyor ve 21 vatanda\u015f\u0131m\u0131z var ve 3&#8217;\u00fc milletvekilimiz. Konuyu yak\u0131ndan takip ediyoruz. Sumud filosunda da tahliye i\u00e7in \u00e7ok fazla emek ve koordinasyon vard\u0131. \u00d6zg\u00fcrl\u00fck Filosundaki aktivistlerinde burnu kanamadan T\u00fcrkiye&#8217;ye getirilmesi i\u00e7in \u00e7al\u0131\u015f\u0131yoruz. \u0130srail makamlar\u0131yla \u00f6n koordinasyon yap\u0131l\u0131yor.<\/p>\n\n\n\n<h3 class=\"wp-block-heading\">&#8220;KAZASIZ BELASIZ VATANA GET\u0130RECE\u011e\u0130Z&#8221;<\/h3>\n\n\n\n<p>Sabah kar\u015f\u0131 el konulan gemi ve aktivistlerin limana \u00e7ekildi\u011fini g\u00f6r\u00fcyoruz, aktivistlerin bu gece kay\u0131tlar\u0131n\u0131n tamamlanmas\u0131 \u00f6ng\u00f6r\u00fcl\u00fcyor, ard\u0131ndan M\u0131s\u0131r yak\u0131n\u0131ndaki g\u00f6zalt\u0131 merkezine g\u00f6t\u00fcr\u00fclmesi s\u00f6z konusu ve \u0130srail&#8217;de \u00e7\u0131k\u0131\u015f i\u015flemlerinin burada ba\u015flat\u0131lmas\u0131 bekleniyor. \u0130srail&#8217;e ba\u015fka \u00fclke pasaportlar\u0131 ile giren vatanda\u015flar\u0131m\u0131z\u0131n da bilgilerine ula\u015fmaya \u00e7al\u0131\u015f\u0131yoruz. Tahliyelerle ilgili alternatif senaryolar\u0131m\u0131z var. Bu senaryolar\u0131n aras\u0131nda T\u00fcrk Hava Yollar\u0131 u\u00e7a\u011f\u0131 g\u00f6nderilerek toplu tahliye yap\u0131lmas\u0131 da var. Olay\u0131n gidi\u015fat\u0131na g\u00f6re elimizdeki senaryolardan birini uygulayarak karde\u015flerimizi de kazas\u0131z belas\u0131z vatana getirece\u011fiz.&#8221;<\/p>\n","protected":false},"excerpt":{"rendered":"<p>D\u0131\u015fi\u015fleri Bakan\u0131 Hakan Fidan, Suriyeli mevkida\u015f\u0131 Esad Hasan \u015eeybani ile Ankara&#8217;da g\u00f6r\u00fc\u015ft\u00fc. ki bakan ger\u00e7ekle\u015ftirdikleri g\u00f6r\u00fc\u015fme sonras\u0131 kameralar kar\u015f\u0131s\u0131na \u00e7\u0131kt\u0131 ve ortak bas\u0131n toplant\u0131s\u0131 d\u00fczenledi. BAKAN F\u0130DAN&#8217;DAN &#8220;GAZZE&#8221; A\u00c7IKLAMASI M\u0131s\u0131r&#8217;da \u0130srail ve Hamas heyetlerinin dolayl\u0131 olarak y\u00fcr\u00fctt\u00fc\u011f\u00fc ate\u015fkes g\u00f6r\u00fc\u015fmeleri ile ilgili konu\u015fan Bakan Fidan, uzla\u015fmaya var\u0131l\u0131rsa bug\u00fcn ate\u015fkes ilan edilece\u011fini s\u00f6yledi. Fidan \u015fu ifadeleri kulland\u0131: [&hellip;]<\/p>\n","protected":false},"author":1,"featured_media":4974,"comment_status":"open","ping_status":"open","sticky":false,"template":"","format":"standard","meta":{"footnotes":""},"categories":[11],"tags":[230,176,543,545,868,172,1340],"class_list":["post-4973","post","type-post","status-publish","format-standard","has-post-thumbnail","hentry","category-manset","tag-ankara","tag-dunya","tag-gazze","tag-guncel","tag-hakan-fidan","tag-israil","tag-misir"],"_links":{"self":[{"href":"https:\/\/www.trabzonmanset.com\/index.php\/wp-json\/wp\/v2\/posts\/4973","targetHints":{"allow":["GET"]}}],"collection":[{"href":"https:\/\/www.trabzonmanset.com\/index.php\/wp-json\/wp\/v2\/posts"}],"about":[{"href":"https:\/\/www.trabzonmanset.com\/index.php\/wp-json\/wp\/v2\/types\/post"}],"author":[{"embeddable":true,"href":"https:\/\/www.trabzonmanset.com\/index.php\/wp-json\/wp\/v2\/users\/1"}],"replies":[{"embeddable":true,"href":"https:\/\/www.trabzonmanset.com\/index.php\/wp-json\/wp\/v2\/comments?post=4973"}],"version-history":[{"count":1,"href":"https:\/\/www.trabzonmanset.com\/index.php\/wp-json\/wp\/v2\/posts\/4973\/revisions"}],"predecessor-version":[{"id":4975,"href":"https:\/\/www.trabzonmanset.com\/index.php\/wp-json\/wp\/v2\/posts\/4973\/revisions\/4975"}],"wp:featuredmedia":[{"embeddable":true,"href":"https:\/\/www.trabzonmanset.com\/index.php\/wp-json\/wp\/v2\/media\/4974"}],"wp:attachment":[{"href":"https:\/\/www.trabzonmanset.com\/index.php\/wp-json\/wp\/v2\/media?parent=4973"}],"wp:term":[{"taxonomy":"category","embeddable":true,"href":"https:\/\/www.trabzonmanset.com\/index.php\/wp-json\/wp\/v2\/categories?post=4973"},{"taxonomy":"post_tag","embeddable":true,"href":"https:\/\/www.trabzonmanset.com\/index.php\/wp-json\/wp\/v2\/tags?post=4973"}],"curies":[{"name":"wp","href":"https:\/\/api.w.org\/{rel}","templated":true}]}}