{"id":4961,"date":"2025-10-08T18:03:00","date_gmt":"2025-10-08T15:03:00","guid":{"rendered":"https:\/\/www.trabzonmanset.com\/?p=4961"},"modified":"2025-10-08T19:06:57","modified_gmt":"2025-10-08T16:06:57","slug":"yavuz-bingolden-devlet-bahceliye-tesekkur-ziyareti","status":"publish","type":"post","link":"https:\/\/www.trabzonmanset.com\/index.php\/2025\/10\/08\/yavuz-bingolden-devlet-bahceliye-tesekkur-ziyareti\/","title":{"rendered":"Yavuz Bing\u00f6l&#8217;den Devlet Bah\u00e7eli&#8217;ye te\u015fekk\u00fcr ziyareti"},"content":{"rendered":"\n<p>Alevi-Bekta\u015fi k\u00f6kenli sanat\u00e7\u0131 Yavuz Bing\u00f6l, MHP Genel Ba\u015fkan\u0131 Devlet Bah\u00e7eli&#8217;yi makam\u0131nda ziyaret ederek, Hac\u0131 Bekta\u015f&#8217;ta in\u015fa ettirip hibe etti\u011fi d\u00fcnyan\u0131n en b\u00fcy\u00fck Cem Evi K\u00fclliyesi i\u00e7in te\u015fekk\u00fcr etti. Ziyarette Bing\u00f6l, bir Alevi deyi\u015fini seslendirdi ve ba\u011flamas\u0131n\u0131 Bah\u00e7eli&#8217;ye hediye etti.<\/p>\n\n\n\n<p>Sanat\u00e7\u0131 Yavuz Bing\u00f6l, Milliyet\u00e7i Hareket Partisi (MHP) Genel Ba\u015fkan\u0131 Devlet Bah\u00e7eli&#8217;yi makam\u0131nda ziyaret etti. Bing\u00f6l, ziyaretin amac\u0131n\u0131n Bah\u00e7eli&#8217;nin Hac\u0131 Bekta\u015f&#8217;ta yapt\u0131rd\u0131\u011f\u0131 ve hibe etti\u011fi d\u00fcnyan\u0131n en b\u00fcy\u00fck Cem Evi K\u00fclliyesi i\u00e7in te\u015fekk\u00fcr etmek oldu\u011funu a\u00e7\u0131klad\u0131.<\/p>\n\n\n\n<figure class=\"wp-block-image size-full\"><img loading=\"lazy\" decoding=\"async\" width=\"640\" height=\"362\" src=\"https:\/\/www.trabzonmanset.com\/wp-content\/uploads\/2025\/10\/yavuz-bingol-den-devlet-bahceli-ye-tesekkur-19128833_3267_m.png\" alt=\"\" class=\"wp-image-4962\" srcset=\"https:\/\/www.trabzonmanset.com\/wp-content\/uploads\/2025\/10\/yavuz-bingol-den-devlet-bahceli-ye-tesekkur-19128833_3267_m.png 640w, https:\/\/www.trabzonmanset.com\/wp-content\/uploads\/2025\/10\/yavuz-bingol-den-devlet-bahceli-ye-tesekkur-19128833_3267_m-300x170.png 300w\" sizes=\"auto, (max-width: 640px) 100vw, 640px\" \/><\/figure>\n\n\n\n<p>Bing\u00f6l, ziyaretine ili\u015fkin yapt\u0131\u011f\u0131 payla\u015f\u0131mda, &#8220;Milliyet\u00e7i Hareket Partisi Genel Ba\u015fkan\u0131 Say\u0131n Devlet Bah\u00e7eli&#8217;yi makam\u0131nda ziyaret ettim. 11 Ekim&#8217;de Hac\u0131 Bekta\u015f&#8217;ta bulunan, kendi arsas\u0131 \u00fczerine yap\u0131lan, d\u00fcnyan\u0131n en b\u00fcy\u00fck Cem Evi K\u00fclliyesi&#8217;ni in\u015fa ettirdi ve hibe etti.<\/p>\n\n\n\n<p>Sanat\u00e7\u0131 Yavuz Bing\u00f6l, Milliyet\u00e7i Hareket Partisi (MHP) Genel Ba\u015fkan\u0131 Devlet Bah\u00e7eli&#8217;yi makam\u0131nda ziyaret etti. Bing\u00f6l, ziyaretin amac\u0131n\u0131n Bah\u00e7eli&#8217;nin Hac\u0131 Bekta\u015f&#8217;ta yapt\u0131rd\u0131\u011f\u0131 ve hibe etti\u011fi d\u00fcnyan\u0131n en b\u00fcy\u00fck Cem Evi K\u00fclliyesi i\u00e7in te\u015fekk\u00fcr etmek oldu\u011funu a\u00e7\u0131klad\u0131.Bing\u00f6l, ziyaretine ili\u015fkin yapt\u0131\u011f\u0131 payla\u015f\u0131mda, &#8220;Milliyet\u00e7i Hareket Partisi Genel Ba\u015fkan\u0131 Say\u0131n Devlet Bah\u00e7eli&#8217;yi makam\u0131nda ziyaret ettim. 11 Ekim&#8217;de Hac\u0131 Bekta\u015f&#8217;ta bulunan, kendi arsas\u0131 \u00fczerine yap\u0131lan, d\u00fcnyan\u0131n en b\u00fcy\u00fck Cem Evi K\u00fclliyesi&#8217;ni in\u015fa ettirdi ve hibe etti.<\/p>\n\n\n\n<h3 class=\"wp-block-heading\">BA\u011eLAMAYI HED\u0130YE ETT\u0130<\/h3>\n\n\n\n<p>Ben Alevi Bekta\u015fi k\u00f6kenli bir sanat\u00e7\u0131 olarak zat\u0131alilerine te\u015fekk\u00fcr etmek i\u00e7in bu ziyarette bulundum.&#8221; ifadelerini kulland\u0131. Ziyarette Bah\u00e7eli&#8217;ye, daha \u00f6nce haz\u0131rlad\u0131\u011f\u0131 bir Alevi deyi\u015fini seslendiren Yavuz Bing\u00f6l, \u00e7ald\u0131\u011f\u0131 ba\u011flamay\u0131 da genel ba\u015fkana hediye etti.<\/p>\n\n\n\n<figure class=\"wp-block-image size-full\"><img loading=\"lazy\" decoding=\"async\" width=\"640\" height=\"361\" src=\"https:\/\/www.trabzonmanset.com\/wp-content\/uploads\/2025\/10\/yavuz-bingol-den-devlet-bahceli-ye-tesekkur-19128833_256_m.png\" alt=\"\" class=\"wp-image-4963\" srcset=\"https:\/\/www.trabzonmanset.com\/wp-content\/uploads\/2025\/10\/yavuz-bingol-den-devlet-bahceli-ye-tesekkur-19128833_256_m.png 640w, https:\/\/www.trabzonmanset.com\/wp-content\/uploads\/2025\/10\/yavuz-bingol-den-devlet-bahceli-ye-tesekkur-19128833_256_m-300x169.png 300w\" sizes=\"auto, (max-width: 640px) 100vw, 640px\" \/><\/figure>\n\n\n\n<p>Bing\u00f6l payla\u015f\u0131m\u0131n\u0131, &#8220;\u00c7ok g\u00fczel bir sohbetti, \u00e7ok duyguland\u0131. Kendisine tekrar te\u015fekk\u00fcr ediyorum, minnettar\u0131z Alevi Bekta\u015filer olarak&#8221; s\u00f6zleriyle tamamlad\u0131.<\/p>\n\n\n\n<p><\/p>\n","protected":false},"excerpt":{"rendered":"<p>Alevi-Bekta\u015fi k\u00f6kenli sanat\u00e7\u0131 Yavuz Bing\u00f6l, MHP Genel Ba\u015fkan\u0131 Devlet Bah\u00e7eli&#8217;yi makam\u0131nda ziyaret ederek, Hac\u0131 Bekta\u015f&#8217;ta in\u015fa ettirip hibe etti\u011fi d\u00fcnyan\u0131n en b\u00fcy\u00fck Cem Evi K\u00fclliyesi i\u00e7in te\u015fekk\u00fcr etti. Ziyarette Bing\u00f6l, bir Alevi deyi\u015fini seslendirdi ve ba\u011flamas\u0131n\u0131 Bah\u00e7eli&#8217;ye hediye etti. Sanat\u00e7\u0131 Yavuz Bing\u00f6l, Milliyet\u00e7i Hareket Partisi (MHP) Genel Ba\u015fkan\u0131 Devlet Bah\u00e7eli&#8217;yi makam\u0131nda ziyaret etti. Bing\u00f6l, ziyaretin [&hellip;]<\/p>\n","protected":false},"author":1,"featured_media":4962,"comment_status":"open","ping_status":"open","sticky":false,"template":"","format":"standard","meta":{"footnotes":""},"categories":[1405,1349],"tags":[1407,1408,937,935,1406],"class_list":["post-4961","post","type-post","status-publish","format-standard","has-post-thumbnail","hentry","category-magazin","category-yasam","tag-alevi","tag-cem-evi","tag-devlet-bahceli","tag-mhp","tag-yavuz-bingol"],"_links":{"self":[{"href":"https:\/\/www.trabzonmanset.com\/index.php\/wp-json\/wp\/v2\/posts\/4961","targetHints":{"allow":["GET"]}}],"collection":[{"href":"https:\/\/www.trabzonmanset.com\/index.php\/wp-json\/wp\/v2\/posts"}],"about":[{"href":"https:\/\/www.trabzonmanset.com\/index.php\/wp-json\/wp\/v2\/types\/post"}],"author":[{"embeddable":true,"href":"https:\/\/www.trabzonmanset.com\/index.php\/wp-json\/wp\/v2\/users\/1"}],"replies":[{"embeddable":true,"href":"https:\/\/www.trabzonmanset.com\/index.php\/wp-json\/wp\/v2\/comments?post=4961"}],"version-history":[{"count":1,"href":"https:\/\/www.trabzonmanset.com\/index.php\/wp-json\/wp\/v2\/posts\/4961\/revisions"}],"predecessor-version":[{"id":4965,"href":"https:\/\/www.trabzonmanset.com\/index.php\/wp-json\/wp\/v2\/posts\/4961\/revisions\/4965"}],"wp:featuredmedia":[{"embeddable":true,"href":"https:\/\/www.trabzonmanset.com\/index.php\/wp-json\/wp\/v2\/media\/4962"}],"wp:attachment":[{"href":"https:\/\/www.trabzonmanset.com\/index.php\/wp-json\/wp\/v2\/media?parent=4961"}],"wp:term":[{"taxonomy":"category","embeddable":true,"href":"https:\/\/www.trabzonmanset.com\/index.php\/wp-json\/wp\/v2\/categories?post=4961"},{"taxonomy":"post_tag","embeddable":true,"href":"https:\/\/www.trabzonmanset.com\/index.php\/wp-json\/wp\/v2\/tags?post=4961"}],"curies":[{"name":"wp","href":"https:\/\/api.w.org\/{rel}","templated":true}]}}