{"id":4928,"date":"2025-10-07T20:10:00","date_gmt":"2025-10-07T17:10:00","guid":{"rendered":"https:\/\/www.trabzonmanset.com\/?p=4928"},"modified":"2025-10-07T21:57:09","modified_gmt":"2025-10-07T18:57:09","slug":"galatasaraydan-beklenmedik-mauro-icardi-karari","status":"publish","type":"post","link":"https:\/\/www.trabzonmanset.com\/index.php\/2025\/10\/07\/galatasaraydan-beklenmedik-mauro-icardi-karari\/","title":{"rendered":"Galatasaray&#8217;dan beklenmedik Mauro Icardi karar\u0131"},"content":{"rendered":"\n<p>Galatasaray y\u00f6netimi, fiziksel durumu ve saha i\u00e7indeki tav\u0131rlar\u0131 nedeniyle g\u00fcndem olan ve yeni s\u00f6zle\u015fme talebinde bulunan Mauro Icardi&#8217;yi geri \u00e7evirdi. Sar\u0131-k\u0131rm\u0131z\u0131l\u0131lar, Icardi ile yeni s\u00f6zle\u015fme konusunda lig bitimine kadar g\u00f6r\u00fc\u015fme yapmayacak.<\/p>\n\n\n\n<p>Galatasaray&#8217;da uzun s\u00fcren sakatl\u0131\u011f\u0131n\u0131n ard\u0131ndan sahalara geri d\u00f6nen Arjantinli santrfor Mauro Icardi, att\u0131\u011f\u0131 gollerle dikkat \u00e7ekerken, fiziksel durumu ve saha i\u00e7indeki davran\u0131\u015flar\u0131 teknik ekip ve y\u00f6netimin g\u00fcndeminde yer almaya ba\u015flad\u0131.<\/p>\n\n\n\n<h3 class=\"wp-block-heading\">YEDEK KALMA VE S\u00d6ZLE\u015eME BEL\u0130RS\u0130ZL\u0130\u011e\u0130<\/h3>\n\n\n\n<p>32 ya\u015f\u0131ndaki golc\u00fc oyuncu Icardi&#8217;nin, son haftalarda yedek kalmas\u0131 ve bekledi\u011fi yeni s\u00f6zle\u015fmenin hen\u00fcz g\u00fcndeme gelmemesinden dolay\u0131 memnuniyetsizlik ya\u015fad\u0131\u011f\u0131 belirtildi. Bu durumun, sahadaki performans\u0131na ve davran\u0131\u015flar\u0131na da yans\u0131m\u0131\u015f olabilece\u011fi de\u011ferlendirildi.<\/p>\n\n\n\n<h3 class=\"wp-block-heading\">GALATASARAY&#8217;DAN ICARDI KARARI<\/h3>\n\n\n\n<p>Bu geli\u015fmeler do\u011frultusunda Galatasaray y\u00f6netimi, Icardi ile ilgili beklenmedik bir karar ald\u0131. Sar\u0131-k\u0131rm\u0131z\u0131l\u0131 y\u00f6netim, Icardi&#8217;nin yeni s\u00f6zle\u015fme g\u00f6r\u00fc\u015fmeleri talebini \u015fimdilik geri \u00e7evirdi. Dursun \u00d6zbek y\u00f6netiminin Icardi ile yeni s\u00f6zle\u015fme konusunda lig bitimine kadar g\u00f6r\u00fc\u015fme yapmayaca\u011f\u0131 \u00f6\u011frenildi.<\/p>\n","protected":false},"excerpt":{"rendered":"<p>Galatasaray y\u00f6netimi, fiziksel durumu ve saha i\u00e7indeki tav\u0131rlar\u0131 nedeniyle g\u00fcndem olan ve yeni s\u00f6zle\u015fme talebinde bulunan Mauro Icardi&#8217;yi geri \u00e7evirdi. Sar\u0131-k\u0131rm\u0131z\u0131l\u0131lar, Icardi ile yeni s\u00f6zle\u015fme konusunda lig bitimine kadar g\u00f6r\u00fc\u015fme yapmayacak. Galatasaray&#8217;da uzun s\u00fcren sakatl\u0131\u011f\u0131n\u0131n ard\u0131ndan sahalara geri d\u00f6nen Arjantinli santrfor Mauro Icardi, att\u0131\u011f\u0131 gollerle dikkat \u00e7ekerken, fiziksel durumu ve saha i\u00e7indeki davran\u0131\u015flar\u0131 teknik ekip [&hellip;]<\/p>\n","protected":false},"author":1,"featured_media":4929,"comment_status":"open","ping_status":"open","sticky":false,"template":"","format":"standard","meta":{"footnotes":""},"categories":[14],"tags":[1077,451,1385,485],"class_list":["post-4928","post","type-post","status-publish","format-standard","has-post-thumbnail","hentry","category-spor","tag-futbol","tag-galatasaray","tag-mauro-icardi","tag-spor"],"_links":{"self":[{"href":"https:\/\/www.trabzonmanset.com\/index.php\/wp-json\/wp\/v2\/posts\/4928","targetHints":{"allow":["GET"]}}],"collection":[{"href":"https:\/\/www.trabzonmanset.com\/index.php\/wp-json\/wp\/v2\/posts"}],"about":[{"href":"https:\/\/www.trabzonmanset.com\/index.php\/wp-json\/wp\/v2\/types\/post"}],"author":[{"embeddable":true,"href":"https:\/\/www.trabzonmanset.com\/index.php\/wp-json\/wp\/v2\/users\/1"}],"replies":[{"embeddable":true,"href":"https:\/\/www.trabzonmanset.com\/index.php\/wp-json\/wp\/v2\/comments?post=4928"}],"version-history":[{"count":1,"href":"https:\/\/www.trabzonmanset.com\/index.php\/wp-json\/wp\/v2\/posts\/4928\/revisions"}],"predecessor-version":[{"id":4930,"href":"https:\/\/www.trabzonmanset.com\/index.php\/wp-json\/wp\/v2\/posts\/4928\/revisions\/4930"}],"wp:featuredmedia":[{"embeddable":true,"href":"https:\/\/www.trabzonmanset.com\/index.php\/wp-json\/wp\/v2\/media\/4929"}],"wp:attachment":[{"href":"https:\/\/www.trabzonmanset.com\/index.php\/wp-json\/wp\/v2\/media?parent=4928"}],"wp:term":[{"taxonomy":"category","embeddable":true,"href":"https:\/\/www.trabzonmanset.com\/index.php\/wp-json\/wp\/v2\/categories?post=4928"},{"taxonomy":"post_tag","embeddable":true,"href":"https:\/\/www.trabzonmanset.com\/index.php\/wp-json\/wp\/v2\/tags?post=4928"}],"curies":[{"name":"wp","href":"https:\/\/api.w.org\/{rel}","templated":true}]}}