{"id":4925,"date":"2025-10-07T21:49:31","date_gmt":"2025-10-07T18:49:31","guid":{"rendered":"https:\/\/www.trabzonmanset.com\/?p=4925"},"modified":"2025-10-07T21:49:32","modified_gmt":"2025-10-07T18:49:32","slug":"cumhurbaskani-erdogan-azerbaycandaki-temaslarini-tamamladi","status":"publish","type":"post","link":"https:\/\/www.trabzonmanset.com\/index.php\/2025\/10\/07\/cumhurbaskani-erdogan-azerbaycandaki-temaslarini-tamamladi\/","title":{"rendered":"Cumhurba\u015fkan\u0131 Erdo\u011fan, Azerbaycan\u2019daki temaslar\u0131n\u0131 tamamlad\u0131"},"content":{"rendered":"\n<p>Cumhurba\u015fkan\u0131 Recep Tayyip Erdo\u011fan, T\u00fcrk Devletleri Te\u015fkilat\u0131 (TDT) Devlet Ba\u015fkanlar\u0131 Konseyi 12. Zirvesi\u2019nin ard\u0131ndan temaslar\u0131n\u0131 tamamlayarak yurda d\u00f6n\u00fc\u015f i\u00e7in Azerbaycan\u2019dan ayr\u0131ld\u0131.<\/p>\n\n\n\n<p>Cumhurba\u015fkan\u0131 Recep Tayyip Erdo\u011fan, Azerbaycan\u2019daki temaslar\u0131n\u0131 tamamlad\u0131. Azerbaycan Cumhurba\u015fkan\u0131 \u0130lham Aliyev&#8217;in ev sahipli\u011finde &#8220;B\u00f6lgesel Bar\u0131\u015f ve G\u00fcvenlik&#8221; temas\u0131yla d\u00fczenlenen T\u00fcrk Devletleri Te\u015fkilat\u0131 (TDT) Devlet Ba\u015fkanlar\u0131 Konseyi 12. Zirvesi\u2019ne kat\u0131lan Cumhurba\u015fkan\u0131 Erdo\u011fan, temaslar\u0131n\u0131n ard\u0131ndan yurda d\u00f6nmek \u00fczere Azerbaycan\u2019dan ayr\u0131ld\u0131.<\/p>\n\n\n\n<p>Kaynak: \u0130HA<\/p>\n\n\n\n<p><\/p>\n","protected":false},"excerpt":{"rendered":"<p>Cumhurba\u015fkan\u0131 Recep Tayyip Erdo\u011fan, T\u00fcrk Devletleri Te\u015fkilat\u0131 (TDT) Devlet Ba\u015fkanlar\u0131 Konseyi 12. Zirvesi\u2019nin ard\u0131ndan temaslar\u0131n\u0131 tamamlayarak yurda d\u00f6n\u00fc\u015f i\u00e7in Azerbaycan\u2019dan ayr\u0131ld\u0131. Cumhurba\u015fkan\u0131 Recep Tayyip Erdo\u011fan, Azerbaycan\u2019daki temaslar\u0131n\u0131 tamamlad\u0131. Azerbaycan Cumhurba\u015fkan\u0131 \u0130lham Aliyev&#8217;in ev sahipli\u011finde &#8220;B\u00f6lgesel Bar\u0131\u015f ve G\u00fcvenlik&#8221; temas\u0131yla d\u00fczenlenen T\u00fcrk Devletleri Te\u015fkilat\u0131 (TDT) Devlet Ba\u015fkanlar\u0131 Konseyi 12. Zirvesi\u2019ne kat\u0131lan Cumhurba\u015fkan\u0131 Erdo\u011fan, temaslar\u0131n\u0131n ard\u0131ndan yurda [&hellip;]<\/p>\n","protected":false},"author":1,"featured_media":4926,"comment_status":"open","ping_status":"open","sticky":false,"template":"","format":"standard","meta":{"footnotes":""},"categories":[11],"tags":[135,1384,620,1381],"class_list":["post-4925","post","type-post","status-publish","format-standard","has-post-thumbnail","hentry","category-manset","tag-azerbaycan","tag-ilham-aliyev","tag-recep-tayyip-erdogan","tag-turk-devletleri-teskilati"],"_links":{"self":[{"href":"https:\/\/www.trabzonmanset.com\/index.php\/wp-json\/wp\/v2\/posts\/4925","targetHints":{"allow":["GET"]}}],"collection":[{"href":"https:\/\/www.trabzonmanset.com\/index.php\/wp-json\/wp\/v2\/posts"}],"about":[{"href":"https:\/\/www.trabzonmanset.com\/index.php\/wp-json\/wp\/v2\/types\/post"}],"author":[{"embeddable":true,"href":"https:\/\/www.trabzonmanset.com\/index.php\/wp-json\/wp\/v2\/users\/1"}],"replies":[{"embeddable":true,"href":"https:\/\/www.trabzonmanset.com\/index.php\/wp-json\/wp\/v2\/comments?post=4925"}],"version-history":[{"count":1,"href":"https:\/\/www.trabzonmanset.com\/index.php\/wp-json\/wp\/v2\/posts\/4925\/revisions"}],"predecessor-version":[{"id":4927,"href":"https:\/\/www.trabzonmanset.com\/index.php\/wp-json\/wp\/v2\/posts\/4925\/revisions\/4927"}],"wp:featuredmedia":[{"embeddable":true,"href":"https:\/\/www.trabzonmanset.com\/index.php\/wp-json\/wp\/v2\/media\/4926"}],"wp:attachment":[{"href":"https:\/\/www.trabzonmanset.com\/index.php\/wp-json\/wp\/v2\/media?parent=4925"}],"wp:term":[{"taxonomy":"category","embeddable":true,"href":"https:\/\/www.trabzonmanset.com\/index.php\/wp-json\/wp\/v2\/categories?post=4925"},{"taxonomy":"post_tag","embeddable":true,"href":"https:\/\/www.trabzonmanset.com\/index.php\/wp-json\/wp\/v2\/tags?post=4925"}],"curies":[{"name":"wp","href":"https:\/\/api.w.org\/{rel}","templated":true}]}}