{"id":4914,"date":"2025-10-07T16:52:00","date_gmt":"2025-10-07T13:52:00","guid":{"rendered":"https:\/\/www.trabzonmanset.com\/?p=4914"},"modified":"2025-10-07T19:32:18","modified_gmt":"2025-10-07T16:32:18","slug":"cumhurbaskani-erdogan-gebele-zirve-bildirisini-imzaladi","status":"publish","type":"post","link":"https:\/\/www.trabzonmanset.com\/index.php\/2025\/10\/07\/cumhurbaskani-erdogan-gebele-zirve-bildirisini-imzaladi\/","title":{"rendered":"Cumhurba\u015fkan\u0131 Erdo\u011fan, Gebele Zirve Bildirisi&#8217;ni imzalad\u0131"},"content":{"rendered":"\n<p>Cumhurba\u015fkan\u0131 Recep Tayyip Erdo\u011fan, T\u00fcrk Devletleri Te\u015fkilat\u0131 12\u2019nci Zirvesi kapsam\u0131nda, TDT Gebele Zirve Bildirisi, TDT+ Format\u0131 Kurulmas\u0131na Dair Karar ile T\u00dcRKSOY&#8217;un G\u00fc\u00e7lendirilmesi ve Geli\u015ftirilmesine Dair Karar&#8217;a imza att\u0131.<\/p>\n\n\n\n<p>Azerbaycan&#8217;\u0131n Gebele kentindeki Haydar Aliyev Kongre Merkezi&#8217;nde d\u00fczenlenen T\u00fcrk Devletleri Te\u015fkilat\u0131 (TDT) 12\u2019nci Zirvesi&#8217;nde, \u00fcye \u00fclke liderlerinin hitaplar\u0131n\u0131n ard\u0131ndan imza t\u00f6renine ge\u00e7ildi.<\/p>\n\n\n\n<figure class=\"wp-block-image size-full\"><img loading=\"lazy\" decoding=\"async\" width=\"638\" height=\"465\" src=\"https:\/\/www.trabzonmanset.com\/wp-content\/uploads\/2025\/10\/68e50c64a322c59cc783f7ac.webp\" alt=\"\" class=\"wp-image-4915\" srcset=\"https:\/\/www.trabzonmanset.com\/wp-content\/uploads\/2025\/10\/68e50c64a322c59cc783f7ac.webp 638w, https:\/\/www.trabzonmanset.com\/wp-content\/uploads\/2025\/10\/68e50c64a322c59cc783f7ac-300x219.webp 300w\" sizes=\"auto, (max-width: 638px) 100vw, 638px\" \/><\/figure>\n\n\n\n<p>Cumhurba\u015fkan\u0131 Recep Tayyip Erdo\u011fan ve di\u011fer liderler, burada TDT Gebele Zirve Bildirisi, TDT+ Format\u0131 Kurulmas\u0131na Dair Karar ile T\u00dcRKSOY&#8217;un G\u00fc\u00e7lendirilmesi ve Geli\u015ftirilmesine Dair Karar&#8217;a imza att\u0131. T\u00f6renin ard\u0131ndan liderler aile foto\u011fraf\u0131 \u00e7ektirdi.<\/p>\n\n\n\n<figure class=\"wp-block-image size-full\"><img loading=\"lazy\" decoding=\"async\" width=\"660\" height=\"452\" src=\"https:\/\/www.trabzonmanset.com\/wp-content\/uploads\/2025\/10\/68e50c64a322c59cc783f7aa.webp\" alt=\"\" class=\"wp-image-4916\" srcset=\"https:\/\/www.trabzonmanset.com\/wp-content\/uploads\/2025\/10\/68e50c64a322c59cc783f7aa.webp 660w, https:\/\/www.trabzonmanset.com\/wp-content\/uploads\/2025\/10\/68e50c64a322c59cc783f7aa-300x205.webp 300w\" sizes=\"auto, (max-width: 660px) 100vw, 660px\" \/><\/figure>\n\n\n\n<p>\u00dcye \u00fclke liderleri, t\u00f6ren sonras\u0131nda Azerbaycan Cumhurba\u015fkan\u0131 \u0130lham Aliyev taraf\u0131ndan Nohurgol Devlet Konukevi&#8217;nde verilecek resmi yeme\u011fe kat\u0131lmak \u00fczere Haydar Aliyev Kongre Merkezi&#8217;nden ayr\u0131ld\u0131.<\/p>\n\n\n\n<p>Kaynak: \u0130HA<\/p>\n\n\n\n<p><\/p>\n","protected":false},"excerpt":{"rendered":"<p>Cumhurba\u015fkan\u0131 Recep Tayyip Erdo\u011fan, T\u00fcrk Devletleri Te\u015fkilat\u0131 12\u2019nci Zirvesi kapsam\u0131nda, TDT Gebele Zirve Bildirisi, TDT+ Format\u0131 Kurulmas\u0131na Dair Karar ile T\u00dcRKSOY&#8217;un G\u00fc\u00e7lendirilmesi ve Geli\u015ftirilmesine Dair Karar&#8217;a imza att\u0131. Azerbaycan&#8217;\u0131n Gebele kentindeki Haydar Aliyev Kongre Merkezi&#8217;nde d\u00fczenlenen T\u00fcrk Devletleri Te\u015fkilat\u0131 (TDT) 12\u2019nci Zirvesi&#8217;nde, \u00fcye \u00fclke liderlerinin hitaplar\u0131n\u0131n ard\u0131ndan imza t\u00f6renine ge\u00e7ildi. Cumhurba\u015fkan\u0131 Recep Tayyip Erdo\u011fan ve [&hellip;]<\/p>\n","protected":false},"author":1,"featured_media":4919,"comment_status":"open","ping_status":"open","sticky":false,"template":"","format":"standard","meta":{"footnotes":""},"categories":[127,1,11],"tags":[1380,620,1383,1381,1382],"class_list":["post-4914","post","type-post","status-publish","format-standard","has-post-thumbnail","hentry","category-dunya","category-gundem","category-manset","tag-gebele-zirve-bildirisi","tag-recep-tayyip-erdogan","tag-tdt","tag-turk-devletleri-teskilati","tag-turksoy"],"_links":{"self":[{"href":"https:\/\/www.trabzonmanset.com\/index.php\/wp-json\/wp\/v2\/posts\/4914","targetHints":{"allow":["GET"]}}],"collection":[{"href":"https:\/\/www.trabzonmanset.com\/index.php\/wp-json\/wp\/v2\/posts"}],"about":[{"href":"https:\/\/www.trabzonmanset.com\/index.php\/wp-json\/wp\/v2\/types\/post"}],"author":[{"embeddable":true,"href":"https:\/\/www.trabzonmanset.com\/index.php\/wp-json\/wp\/v2\/users\/1"}],"replies":[{"embeddable":true,"href":"https:\/\/www.trabzonmanset.com\/index.php\/wp-json\/wp\/v2\/comments?post=4914"}],"version-history":[{"count":2,"href":"https:\/\/www.trabzonmanset.com\/index.php\/wp-json\/wp\/v2\/posts\/4914\/revisions"}],"predecessor-version":[{"id":4921,"href":"https:\/\/www.trabzonmanset.com\/index.php\/wp-json\/wp\/v2\/posts\/4914\/revisions\/4921"}],"wp:featuredmedia":[{"embeddable":true,"href":"https:\/\/www.trabzonmanset.com\/index.php\/wp-json\/wp\/v2\/media\/4919"}],"wp:attachment":[{"href":"https:\/\/www.trabzonmanset.com\/index.php\/wp-json\/wp\/v2\/media?parent=4914"}],"wp:term":[{"taxonomy":"category","embeddable":true,"href":"https:\/\/www.trabzonmanset.com\/index.php\/wp-json\/wp\/v2\/categories?post=4914"},{"taxonomy":"post_tag","embeddable":true,"href":"https:\/\/www.trabzonmanset.com\/index.php\/wp-json\/wp\/v2\/tags?post=4914"}],"curies":[{"name":"wp","href":"https:\/\/api.w.org\/{rel}","templated":true}]}}