{"id":4905,"date":"2025-10-07T16:20:00","date_gmt":"2025-10-07T13:20:00","guid":{"rendered":"https:\/\/www.trabzonmanset.com\/?p=4905"},"modified":"2025-10-07T19:25:09","modified_gmt":"2025-10-07T16:25:09","slug":"topkapi-sarayinin-dunyaca-unlu-saat-koleksiyonu-ilk-kez-gun-yuzune-cikiyor","status":"publish","type":"post","link":"https:\/\/www.trabzonmanset.com\/index.php\/2025\/10\/07\/topkapi-sarayinin-dunyaca-unlu-saat-koleksiyonu-ilk-kez-gun-yuzune-cikiyor\/","title":{"rendered":"Topkap\u0131 Saray\u0131\u2019n\u0131n d\u00fcnyaca \u00fcnl\u00fc saat koleksiyonu ilk kez g\u00fcn y\u00fcz\u00fcne \u00e7\u0131k\u0131yor"},"content":{"rendered":"\n<p>Topkap\u0131 Saray\u0131&#8217;nda d\u00fcnyan\u0131n say\u0131l\u0131 saat koleksiyonlar\u0131 aras\u0131nda g\u00f6sterilen eserler ilk kez ziyarete a\u00e7\u0131lacak<\/p>\n\n\n\n<p>Milli Saraylar Ba\u015fkanl\u0131\u011f\u0131, Topkap\u0131 Saray\u0131&#8217;n\u0131n d\u00fcnyan\u0131n say\u0131l\u0131 saat koleksiyonlar\u0131 aras\u0131nda g\u00f6sterilen eserlerini ilk kez ziyaret\u00e7iyle bulu\u015fturacak. Osmanl\u0131 saat ustalar\u0131 Ahmed Eflaki Dede ve S\u00fcleyman Leziz&#8217;in eserlerinden Avrupa&#8217;n\u0131n zarif \u00f6rneklerine kadar 300&#8217;\u00fc a\u015fk\u0131n par\u00e7a, Saray&#8217;\u0131n Has Ah\u0131rlar b\u00f6l\u00fcm\u00fcnde olu\u015fturulan Saat M\u00fczesi&#8217;nde g\u00f6r\u00fclebilecek. Topkap\u0131 Saray\u0131&#8217;n\u0131n ikinci avlusunda yer alan Has Ah\u0131rlar b\u00f6l\u00fcm\u00fc, &#8220;Topkap\u0131 Saray\u0131&#8217;nda Zaman ve Sanat&#8221; temas\u0131yla Saat M\u00fczesi&#8217;ne d\u00f6n\u00fc\u015ft\u00fcr\u00fcld\u00fc. Bu alanda Topkap\u0131 Saray\u0131 Saat Koleksiyonu&#8217;nun y\u00fczde 80&#8217;ini olu\u015fturan 300&#8217;\u00fc a\u015fk\u0131n eser, ilk kez geni\u015f kapsam ve b\u00fct\u00fcnl\u00fck i\u00e7inde sanatseverlerin dikkatine sunuldu.<\/p>\n\n\n\n<figure class=\"wp-block-image size-full\"><img loading=\"lazy\" decoding=\"async\" width=\"1000\" height=\"750\" src=\"https:\/\/www.trabzonmanset.com\/wp-content\/uploads\/2025\/10\/aw553831_02.jpg\" alt=\"\" class=\"wp-image-4906\" srcset=\"https:\/\/www.trabzonmanset.com\/wp-content\/uploads\/2025\/10\/aw553831_02.jpg 1000w, https:\/\/www.trabzonmanset.com\/wp-content\/uploads\/2025\/10\/aw553831_02-300x225.jpg 300w, https:\/\/www.trabzonmanset.com\/wp-content\/uploads\/2025\/10\/aw553831_02-768x576.jpg 768w\" sizes=\"auto, (max-width: 1000px) 100vw, 1000px\" \/><\/figure>\n\n\n\n<p><strong>M\u00fcze, hem Osmanl\u0131 hem de Avrupa saat sanat\u0131n\u0131n se\u00e7kin \u00f6rneklerini bir araya getiriyor<\/strong><\/p>\n\n\n\n<p>Saat M\u00fczesi&#8217;nde, Osmanl\u0131 d\u00f6nemi saat ustalar\u0131ndan Ahmed Eflaki Dede ve S\u00fcleyman Leziz&#8217;in imzas\u0131n\u0131 ta\u015f\u0131yan eserlerin yan\u0131 s\u0131ra Sultan 2. Abd\u00fclhamid&#8217;e arma\u011fan edilen Rus yap\u0131m\u0131 &#8216;grifon&#8217; fig\u00fcrl\u00fc masa saati, duvar saatleri, d\u00f6nemin teknolojik yeniliklerini temsil eden oturtma saatler ve d\u00fcnyada benzeri bulunmayan cep saatleri gibi nadide \u00f6rnekler yer al\u0131yor. Bu y\u00f6n\u00fcyle m\u00fcze, hem Osmanl\u0131 hem de Avrupa saat sanat\u0131n\u0131n se\u00e7kin \u00f6rneklerini bir araya getiriyor. Topkap\u0131 Saray\u0131 Saat M\u00fczesi&#8217;nde bir araya getirilen eserler; T\u00fcrk saatleri, boy saatleri, duvar saatleri, cep aatleri, masa saatleri, oturtma saatler, dekoratif formlu saatler, \u00f6l\u00e7\u00fcm aletleri ile at\u00f6lye ve tamir aletleri gibi tematik ba\u015fl\u0131klar alt\u0131nda s\u0131n\u0131fland\u0131r\u0131l\u0131yor.<\/p>\n\n\n\n<figure class=\"wp-block-image size-full\"><img loading=\"lazy\" decoding=\"async\" width=\"1000\" height=\"750\" src=\"https:\/\/www.trabzonmanset.com\/wp-content\/uploads\/2025\/10\/aw553831_03.jpg\" alt=\"\" class=\"wp-image-4907\" srcset=\"https:\/\/www.trabzonmanset.com\/wp-content\/uploads\/2025\/10\/aw553831_03.jpg 1000w, https:\/\/www.trabzonmanset.com\/wp-content\/uploads\/2025\/10\/aw553831_03-300x225.jpg 300w, https:\/\/www.trabzonmanset.com\/wp-content\/uploads\/2025\/10\/aw553831_03-768x576.jpg 768w\" sizes=\"auto, (max-width: 1000px) 100vw, 1000px\" \/><\/figure>\n\n\n\n<p><strong>&#8220;380 saatten olu\u015fan koleksiyonumuzun 300 saatlik k\u0131sm\u0131n\u0131 burada bir b\u00fct\u00fcn halinden sergiliyoruz&#8221;<\/strong><\/p>\n\n\n\n<p>Milli Saraylar&#8217;\u0131n envanterinde Topkap\u0131 Saray\u0131&#8217;n\u0131n saat koleksiyonunun d\u00fcnyaca me\u015fhur bir koleksiyon oldu\u011funu s\u00f6yleyen Milli Saraylar Ba\u015fkan\u0131 Dr. Yasin Y\u0131ld\u0131z, &#8220;Bu m\u00fcze ger\u00e7ekten \u00f6nemli bir ilk niteli\u011fini ta\u015f\u0131yor. \u00c7\u00fcnk\u00fc Milli Saraylar&#8217;\u0131n envanterinde Topkap\u0131 Saray\u0131&#8217;n\u0131n saat koleksiyonu zaten d\u00fcnyaca me\u015fhur bir koleksiyon. 380 adet tarihi saatten olu\u015fan bir koleksiyon bu. Bu koleksiyon asl\u0131nda ge\u00e7mi\u015f y\u0131llarda k\u0131s\u0131tl\u0131 \u00f6l\u00e7\u00fclerde k\u00fc\u00e7\u00fck bir k\u0131sm\u0131 sergilenmi\u015fti. Ancak ilk defa bir b\u00fct\u00fcn olarak bir sarayda m\u00fcze olu\u015fturacak kadar ilk defa ziyaret\u00e7iyle bulu\u015fuyor. Bu y\u00f6n\u00fcyle \u00e7ok \u00f6nemli. Restorasyon \u00e7al\u0131\u015fmalar\u0131 kapsam\u0131nda 3 y\u0131ll\u0131k bir s\u00fcre\u00e7 var. Hasarlar b\u00f6lgesinde bu nitelikli binalar\u0131n 16. y\u00fczy\u0131ldan kalma yap\u0131lar restorasyonu. Ard\u0131ndan koleksiyonda yer alan eserlerin tek tek ta\u015f\u0131nabilir olarak restorasyonlar\u0131 bu 3 y\u0131ll\u0131k s\u00fcre i\u00e7inde tamamland\u0131. Yakla\u015f\u0131k 15. y\u00fczy\u0131ldan 20. y\u00fczy\u0131la kadar \u00e7ok \u00f6nemli bir se\u00e7kiye sahibiz. 380 saatten olu\u015fan koleksiyonumuzun 300 saatlik k\u0131sm\u0131n\u0131 burada bir b\u00fct\u00fcn halinde sergiliyoruz. Bunlar\u0131n 200&#8217;den fazlas\u0131 da depolardan ilk defa \u00e7\u0131kt\u0131&#8221; ifadelerini kulland\u0131.<\/p>\n\n\n\n<figure class=\"wp-block-image size-full\"><img loading=\"lazy\" decoding=\"async\" width=\"1000\" height=\"750\" src=\"https:\/\/www.trabzonmanset.com\/wp-content\/uploads\/2025\/10\/aw553831_04.jpg\" alt=\"\" class=\"wp-image-4908\" srcset=\"https:\/\/www.trabzonmanset.com\/wp-content\/uploads\/2025\/10\/aw553831_04.jpg 1000w, https:\/\/www.trabzonmanset.com\/wp-content\/uploads\/2025\/10\/aw553831_04-300x225.jpg 300w, https:\/\/www.trabzonmanset.com\/wp-content\/uploads\/2025\/10\/aw553831_04-768x576.jpg 768w\" sizes=\"auto, (max-width: 1000px) 100vw, 1000px\" \/><\/figure>\n\n\n\n<p>Kaynak: \u0130HA<\/p>\n","protected":false},"excerpt":{"rendered":"<p>Topkap\u0131 Saray\u0131&#8217;nda d\u00fcnyan\u0131n say\u0131l\u0131 saat koleksiyonlar\u0131 aras\u0131nda g\u00f6sterilen eserler ilk kez ziyarete a\u00e7\u0131lacak Milli Saraylar Ba\u015fkanl\u0131\u011f\u0131, Topkap\u0131 Saray\u0131&#8217;n\u0131n d\u00fcnyan\u0131n say\u0131l\u0131 saat koleksiyonlar\u0131 aras\u0131nda g\u00f6sterilen eserlerini ilk kez ziyaret\u00e7iyle bulu\u015fturacak. Osmanl\u0131 saat ustalar\u0131 Ahmed Eflaki Dede ve S\u00fcleyman Leziz&#8217;in eserlerinden Avrupa&#8217;n\u0131n zarif \u00f6rneklerine kadar 300&#8217;\u00fc a\u015fk\u0131n par\u00e7a, Saray&#8217;\u0131n Has Ah\u0131rlar b\u00f6l\u00fcm\u00fcnde olu\u015fturulan Saat M\u00fczesi&#8217;nde g\u00f6r\u00fclebilecek. Topkap\u0131 [&hellip;]<\/p>\n","protected":false},"author":1,"featured_media":4908,"comment_status":"open","ping_status":"open","sticky":false,"template":"","format":"standard","meta":{"footnotes":""},"categories":[530,1124,1349],"tags":[1377,1378,1379,1376],"class_list":["post-4905","post","type-post","status-publish","format-standard","has-post-thumbnail","hentry","category-cevre","category-turizm","category-yasam","tag-ahmed-eflaki-dede","tag-saat-koleksiyonu","tag-saat-muzesi","tag-topkapi-sarayi"],"_links":{"self":[{"href":"https:\/\/www.trabzonmanset.com\/index.php\/wp-json\/wp\/v2\/posts\/4905","targetHints":{"allow":["GET"]}}],"collection":[{"href":"https:\/\/www.trabzonmanset.com\/index.php\/wp-json\/wp\/v2\/posts"}],"about":[{"href":"https:\/\/www.trabzonmanset.com\/index.php\/wp-json\/wp\/v2\/types\/post"}],"author":[{"embeddable":true,"href":"https:\/\/www.trabzonmanset.com\/index.php\/wp-json\/wp\/v2\/users\/1"}],"replies":[{"embeddable":true,"href":"https:\/\/www.trabzonmanset.com\/index.php\/wp-json\/wp\/v2\/comments?post=4905"}],"version-history":[{"count":1,"href":"https:\/\/www.trabzonmanset.com\/index.php\/wp-json\/wp\/v2\/posts\/4905\/revisions"}],"predecessor-version":[{"id":4913,"href":"https:\/\/www.trabzonmanset.com\/index.php\/wp-json\/wp\/v2\/posts\/4905\/revisions\/4913"}],"wp:featuredmedia":[{"embeddable":true,"href":"https:\/\/www.trabzonmanset.com\/index.php\/wp-json\/wp\/v2\/media\/4908"}],"wp:attachment":[{"href":"https:\/\/www.trabzonmanset.com\/index.php\/wp-json\/wp\/v2\/media?parent=4905"}],"wp:term":[{"taxonomy":"category","embeddable":true,"href":"https:\/\/www.trabzonmanset.com\/index.php\/wp-json\/wp\/v2\/categories?post=4905"},{"taxonomy":"post_tag","embeddable":true,"href":"https:\/\/www.trabzonmanset.com\/index.php\/wp-json\/wp\/v2\/tags?post=4905"}],"curies":[{"name":"wp","href":"https:\/\/api.w.org\/{rel}","templated":true}]}}