{"id":4878,"date":"2025-10-06T21:39:00","date_gmt":"2025-10-06T18:39:00","guid":{"rendered":"https:\/\/www.trabzonmanset.com\/?p=4878"},"modified":"2025-10-06T23:42:54","modified_gmt":"2025-10-06T20:42:54","slug":"trabzonspor-baskani-ertugrul-dogan-paranin-tamami-gelmedi","status":"publish","type":"post","link":"https:\/\/www.trabzonmanset.com\/index.php\/2025\/10\/06\/trabzonspor-baskani-ertugrul-dogan-paranin-tamami-gelmedi\/","title":{"rendered":"Trabzonspor Ba\u015fkan\u0131 Ertu\u011frul Do\u011fan: &#8216;Paran\u0131n tamam\u0131 gelmedi&#8217;"},"content":{"rendered":"\n<p>Trabzonspor Ba\u015fkan\u0131 Ertu\u011frul Do\u011fan kat\u0131ld\u0131\u011f\u0131 programda g\u00fcndeme dair \u00f6nemli a\u00e7\u0131klamalarda bulundu.<\/p>\n\n\n\n<p>Trendyol S\u00fcper Lig&#8217;de sezona iyi bir ba\u015flang\u0131\u00e7 yapan Trabzonspor&#8217;da Ba\u015fkan Ertu\u011frul Do\u011fan HT Spor&#8217;da g\u00fcndeme dair \u00f6nemli a\u00e7\u0131klamalarda bulundu.<\/p>\n\n\n\n<p><strong>&#8220;KARAKTERL\u0130 FUTBOLCULARA SAH\u0130B\u0130Z&#8221;<\/strong><\/p>\n\n\n\n<p>S\u00f6zlerine teknik direkt\u00f6r Fatih Tekke ve tak\u0131mdaki oyuncularla ba\u015flayan Ertu\u011frul Do\u011fan, &#8220;\u00d6ncelikle Fatih hoca ve ekibini tebrik ederim. G\u00fczel bir ba\u015flang\u0131\u00e7 yapt\u0131lar. Herkes motive. Herkese tek tek te\u015fekk\u00fcr ederim. Benim burada 8. y\u0131l\u0131m, \u015funu rahatl\u0131kla s\u00f6yleyebilirim. \u0130nan\u0131lmaz bir emek veriyorlar. Fatih hoca tesislerde kal\u0131yor. \u00c7ok karakterli futbolculara sahibiz.&#8221; diye konu\u015ftu.<\/p>\n\n\n\n<p>Rakiplerinin kendilerinden daha fazla para harcad\u0131\u011f\u0131n\u0131 s\u00f6yleyen Ertu\u011frul Do\u011fan,&nbsp;&#8220;Rakiplerimiz art\u0131k bizim 4-5 kat\u0131m\u0131z b\u00fct\u00e7elerle hareket ediyor. Fark \u00e7ok a\u00e7\u0131ld\u0131. Herkesle her yerde g\u00fc\u00e7 savas\u0131nda olurum. Oyuncu baz\u0131nda fark\u0131n a\u00e7\u0131ld\u0131\u011f\u0131n\u0131 s\u00f6ylemesem olmaz. Rakiplerimizin bor\u00e7lar\u0131n\u0131n. 20-25 milyar oldu\u011fu yerde bizim 2.5 milyar.&#8221; dedi.<\/p>\n\n\n\n<p><strong>&#8220;PARANIN TAMAMI GELMED\u0130&#8221;<\/strong><\/p>\n\n\n\n<p>U\u011furcan transferinde bonservisinin tamamen gelmedi\u011fini belirten Ertu\u011frul Do\u011fan \u015fu s\u00f6zlerle devam etti:<\/p>\n\n\n\n<p>&#8220;U\u011furcan \u00c7ak\u0131r&#8217;\u0131n transferinde paran\u0131n tamam\u0131 gelmedi. Gelen para, oyuncu ve vergi \u00f6demelerinde kullan\u0131l\u0131yor. Gelir-gider dengesini d\u00fczenlemeden ilerleyemeyiz.&#8221;<\/p>\n\n\n\n<p>Gelir gider ile ilgili konu\u015fan Ertu\u011frul Do\u011fan, &#8220;Transferin tam ortas\u0131nda, vergi bor\u00e7lar\u0131ndan kaynakl\u0131 hesaplar\u0131m\u0131za blokaj geldi. Herkes vergi borcunu \u00f6demek durumunda. O d\u00f6nem 1 milyar \u00fczerinde \u00f6deme yapmam\u0131za ra\u011fmen ya\u015fand\u0131. Sonras\u0131nda taksitlendirme yapt\u0131k. Duyurmad\u0131k, kar\u015f\u0131m\u0131zda bakanl\u0131k var, kul\u00fcb\u00fcn borsas\u0131 var. Su\u00e7layamazs\u0131n bu kul\u00fcb\u00fcn problemi, bakanl\u0131\u011f\u0131 de\u011fil. Biz al\u0131\u015fk\u0131n\u0131z dayak yemeye problem de\u011fil. Trabzonspor sevgisi farkl\u0131 boyutta, taraftarlar da \u00f6yle bak\u0131yorlar. Ben hepsine hak veriyorum ama i\u015fin arkas\u0131nda pek \u00e7ok i\u015f var. \u015eampiyonluk olduk ama bir y\u0131l cebimden verdik de olduk. Bunun s\u00fcrd\u00fcrebilirli\u011fi yok.&#8221;<\/p>\n\n\n\n<p><strong>&#8220;HAKEML\u0130\u011e\u0130 B\u0130TT\u0130&#8221;<\/strong><\/p>\n\n\n\n<p>Son olarak Arda Karde\u015fler i\u00e7in konu\u015fan Ertu\u011frul Do\u011fan \u015fu s\u00f6zlerle c\u00fcmlelerini noktalad\u0131:<\/p>\n\n\n\n<p>&#8220;Mevcut MHK\u2019ye g\u00fcven duyan birisiyle konu\u015ftunuz mu? Yok, demek ki bir tuhafl\u0131k var. Arda Karde\u015fler&#8217;in hakemli\u011fi bizce bitti, TFF Ba\u015fkan\u0131 da a\u00e7\u0131klad\u0131. Bir hakemin art niyetinin b\u00f6yle yakalanmas\u0131 g\u00fczel oldu.&nbsp;Top yerde oyun ba\u015flat\u0131yorsun, Visca\u2019y\u0131 g\u00f6rd\u00fc\u011f\u00fcn an geri d\u00f6n\u00fcp oyunu durduruyorsun. Bu hata de\u011fil. TFF Ba\u015fkan\u0131 bence az dedi, birebir de daha fazla s\u00f6ylemi\u015ftir. Baz\u0131 pozisyonlar oluyor, ay\u0131rt etmesi se\u00e7mesi zor. S\u00f6ylemi b\u00f6yle mi d\u00fc\u015f\u00fcnd\u00fc diyorsun, topa bak\u0131p oyunu ba\u015flat\u0131yor, ko\u015fmaya ba\u015fl\u0131yor. Visca\u2019y\u0131 g\u00f6r\u00fcnce durdurup geri ba\u015flat\u0131yor. Burada kas\u0131t var yakaland\u0131.&#8221;<\/p>\n\n\n\n<p><\/p>\n","protected":false},"excerpt":{"rendered":"<p>Trabzonspor Ba\u015fkan\u0131 Ertu\u011frul Do\u011fan kat\u0131ld\u0131\u011f\u0131 programda g\u00fcndeme dair \u00f6nemli a\u00e7\u0131klamalarda bulundu. Trendyol S\u00fcper Lig&#8217;de sezona iyi bir ba\u015flang\u0131\u00e7 yapan Trabzonspor&#8217;da Ba\u015fkan Ertu\u011frul Do\u011fan HT Spor&#8217;da g\u00fcndeme dair \u00f6nemli a\u00e7\u0131klamalarda bulundu. &#8220;KARAKTERL\u0130 FUTBOLCULARA SAH\u0130B\u0130Z&#8221; S\u00f6zlerine teknik direkt\u00f6r Fatih Tekke ve tak\u0131mdaki oyuncularla ba\u015flayan Ertu\u011frul Do\u011fan, &#8220;\u00d6ncelikle Fatih hoca ve ekibini tebrik ederim. G\u00fczel bir ba\u015flang\u0131\u00e7 yapt\u0131lar. [&hellip;]<\/p>\n","protected":false},"author":1,"featured_media":4879,"comment_status":"open","ping_status":"open","sticky":false,"template":"","format":"standard","meta":{"footnotes":""},"categories":[11],"tags":[752,1360,756,746,1228,1361],"class_list":["post-4878","post","type-post","status-publish","format-standard","has-post-thumbnail","hentry","category-manset","tag-ertugrul-dogan","tag-mhk","tag-tff","tag-trendyol-super-lig","tag-ugurcan-cakir","tag-visca"],"_links":{"self":[{"href":"https:\/\/www.trabzonmanset.com\/index.php\/wp-json\/wp\/v2\/posts\/4878","targetHints":{"allow":["GET"]}}],"collection":[{"href":"https:\/\/www.trabzonmanset.com\/index.php\/wp-json\/wp\/v2\/posts"}],"about":[{"href":"https:\/\/www.trabzonmanset.com\/index.php\/wp-json\/wp\/v2\/types\/post"}],"author":[{"embeddable":true,"href":"https:\/\/www.trabzonmanset.com\/index.php\/wp-json\/wp\/v2\/users\/1"}],"replies":[{"embeddable":true,"href":"https:\/\/www.trabzonmanset.com\/index.php\/wp-json\/wp\/v2\/comments?post=4878"}],"version-history":[{"count":1,"href":"https:\/\/www.trabzonmanset.com\/index.php\/wp-json\/wp\/v2\/posts\/4878\/revisions"}],"predecessor-version":[{"id":4880,"href":"https:\/\/www.trabzonmanset.com\/index.php\/wp-json\/wp\/v2\/posts\/4878\/revisions\/4880"}],"wp:featuredmedia":[{"embeddable":true,"href":"https:\/\/www.trabzonmanset.com\/index.php\/wp-json\/wp\/v2\/media\/4879"}],"wp:attachment":[{"href":"https:\/\/www.trabzonmanset.com\/index.php\/wp-json\/wp\/v2\/media?parent=4878"}],"wp:term":[{"taxonomy":"category","embeddable":true,"href":"https:\/\/www.trabzonmanset.com\/index.php\/wp-json\/wp\/v2\/categories?post=4878"},{"taxonomy":"post_tag","embeddable":true,"href":"https:\/\/www.trabzonmanset.com\/index.php\/wp-json\/wp\/v2\/tags?post=4878"}],"curies":[{"name":"wp","href":"https:\/\/api.w.org\/{rel}","templated":true}]}}