{"id":4837,"date":"2025-10-06T13:30:17","date_gmt":"2025-10-06T10:30:17","guid":{"rendered":"https:\/\/www.trabzonmanset.com\/?p=4837"},"modified":"2025-10-06T13:30:18","modified_gmt":"2025-10-06T10:30:18","slug":"cumhurbaskani-erdogan-11inci-enerji-verimliligi-forumunda-konustu","status":"publish","type":"post","link":"https:\/\/www.trabzonmanset.com\/index.php\/2025\/10\/06\/cumhurbaskani-erdogan-11inci-enerji-verimliligi-forumunda-konustu\/","title":{"rendered":"Cumhurba\u015fkan\u0131 Erdo\u011fan 11\u2019inci Enerji Verimlili\u011fi Forumu&#8217;nda konu\u015ftu"},"content":{"rendered":"\n<p>Cumhurba\u015fkan\u0131 Erdo\u011fan, \u2018Enerjimiz Verimli, Gelece\u011fimiz G\u00fcvenli\u2019 temas\u0131yla bu y\u0131l 11\u2019incisi d\u00fczenlenen Enerji Verimlili\u011fi Forumu ve Fuar\u0131\u2019n\u0131n a\u00e7\u0131l\u0131\u015f\u0131na kat\u0131ld\u0131.<\/p>\n\n\n\n<p>11\u2019inci Enerji Verimlili\u011fi Forumu ve Fuar\u0131 a\u00e7\u0131l\u0131\u015f t\u00f6reni L\u00fctfi K\u0131rdar Kongre Merkezi\u2019nde Cumhurba\u015fkan\u0131 Recep Tayyip Erdo\u011fan\u2019\u0131n kat\u0131l\u0131m\u0131yla ba\u015flad\u0131. A\u00e7\u0131l\u0131\u015fa Enerji ve Tabii Kaynaklar Bakan\u0131 Alparslan Bayraktar&#8217;\u0131n yan\u0131 s\u0131ra \u00e7ok say\u0131da davetli kat\u0131ld\u0131.<\/p>\n\n\n\n<p><strong>&#8216;D\u00dcNYANIN ENERJ\u0130 \u0130HT\u0130YACI YILDAN YILA ARTIYOR&#8217;<\/strong><\/p>\n\n\n\n<p>Forumun a\u00e7\u0131l\u0131\u015f\u0131nda konu\u015fan Cumhurba\u015fkan\u0131 Erdo\u011fan, &#8220;Enerjinin, m\u00fcnhas\u0131ran enerji arz g\u00fcvenli\u011finin insanl\u0131\u011f\u0131n en stratejik meselelerinden birisi haline geldi\u011fi bir \u00e7a\u011fda ya\u015f\u0131yoruz. Artan n\u00fcfus ve b\u00fcy\u00fcyen ekonomiye paralel bir \u015fekilde, d\u00fcnyan\u0131n enerji ihtiyac\u0131 da y\u0131ldan y\u0131la art\u0131yor. Dahas\u0131, geli\u015fmekte olan \u00fclkeler, belli bir kalk\u0131nma seviyesine h\u0131zla ula\u015fmak amac\u0131yla d\u00fcnya ortalamas\u0131n\u0131n da \u00fczerinde b\u00fcy\u00fcme i\u00e7in gayret g\u00f6steriyor. Enerji talebi ve arz g\u00fcvenli\u011fi noktas\u0131nda insanl\u0131k olarak bizleri s\u0131namalarla dolu bir gelecek bekliyor. Burada \u015fu hususa da dikkatlerinizi \u00e7ekmek isterim. Enerji, insanl\u0131k tarihinde uzun y\u0131llar i\u015f birli\u011finin de\u011fil, y\u0131k\u0131c\u0131 bir rekabetin konusu olmu\u015ftur. \u00d6zellikle 19. ve 20. y\u00fczy\u0131llar, enerji u\u011fruna nice hayatlar\u0131n kaybedildi\u011fi, nice \u00fclkelerin s\u00f6m\u00fcr\u00fcld\u00fc\u011f\u00fc as\u0131rlar olarak zihinlerde derin yaralar a\u00e7m\u0131\u015ft\u0131r. Merhum Raif Karada\u011f\u2019\u0131n &#8216;Petrol F\u0131rt\u0131nas\u0131&#8217; adl\u0131 kitab\u0131, bu d\u00f6neme \u0131\u015f\u0131k tutan bir ba\u015fucu eseridir. Bir damla petrol\u00fc bir damla kandan daha de\u011ferli g\u00f6ren emperyalist zihniyet, insanl\u0131\u011f\u0131 etkisini halen hissetti\u011fi ac\u0131lara, y\u0131k\u0131mlara ve tart\u0131\u015fmalara s\u00fcr\u00fckledi. Zengin yeralt\u0131 kaynaklar\u0131n\u0131n \u00fczerinde ya\u015fayan milyonlarca insan derin bir yoksullukla bo\u011fu\u015furken, bu kaynaklardan binlerce kilometre \u00f6tede \u00fclkeler b\u00fcy\u00fcd\u00fc, zenginle\u015fti, vatanda\u015flar\u0131na m\u00fcreffeh bir hayat sundu. Bunun yol a\u00e7t\u0131\u011f\u0131 refah ve kalk\u0131nma makas\u0131, aradan ge\u00e7en onca zamana ra\u011fmen hen\u00fcz kapat\u0131lamad\u0131&#8221; diye konu\u015ftu.<\/p>\n","protected":false},"excerpt":{"rendered":"<p>Cumhurba\u015fkan\u0131 Erdo\u011fan, \u2018Enerjimiz Verimli, Gelece\u011fimiz G\u00fcvenli\u2019 temas\u0131yla bu y\u0131l 11\u2019incisi d\u00fczenlenen Enerji Verimlili\u011fi Forumu ve Fuar\u0131\u2019n\u0131n a\u00e7\u0131l\u0131\u015f\u0131na kat\u0131ld\u0131. 11\u2019inci Enerji Verimlili\u011fi Forumu ve Fuar\u0131 a\u00e7\u0131l\u0131\u015f t\u00f6reni L\u00fctfi K\u0131rdar Kongre Merkezi\u2019nde Cumhurba\u015fkan\u0131 Recep Tayyip Erdo\u011fan\u2019\u0131n kat\u0131l\u0131m\u0131yla ba\u015flad\u0131. A\u00e7\u0131l\u0131\u015fa Enerji ve Tabii Kaynaklar Bakan\u0131 Alparslan Bayraktar&#8217;\u0131n yan\u0131 s\u0131ra \u00e7ok say\u0131da davetli kat\u0131ld\u0131. &#8216;D\u00dcNYANIN ENERJ\u0130 \u0130HT\u0130YACI YILDAN YILA [&hellip;]<\/p>\n","protected":false},"author":1,"featured_media":4838,"comment_status":"open","ping_status":"open","sticky":false,"template":"","format":"standard","meta":{"footnotes":""},"categories":[11],"tags":[846,574,1329],"class_list":["post-4837","post","type-post","status-publish","format-standard","has-post-thumbnail","hentry","category-manset","tag-cumhurbaskani-erdogan","tag-enerji","tag-petrol"],"_links":{"self":[{"href":"https:\/\/www.trabzonmanset.com\/index.php\/wp-json\/wp\/v2\/posts\/4837","targetHints":{"allow":["GET"]}}],"collection":[{"href":"https:\/\/www.trabzonmanset.com\/index.php\/wp-json\/wp\/v2\/posts"}],"about":[{"href":"https:\/\/www.trabzonmanset.com\/index.php\/wp-json\/wp\/v2\/types\/post"}],"author":[{"embeddable":true,"href":"https:\/\/www.trabzonmanset.com\/index.php\/wp-json\/wp\/v2\/users\/1"}],"replies":[{"embeddable":true,"href":"https:\/\/www.trabzonmanset.com\/index.php\/wp-json\/wp\/v2\/comments?post=4837"}],"version-history":[{"count":1,"href":"https:\/\/www.trabzonmanset.com\/index.php\/wp-json\/wp\/v2\/posts\/4837\/revisions"}],"predecessor-version":[{"id":4839,"href":"https:\/\/www.trabzonmanset.com\/index.php\/wp-json\/wp\/v2\/posts\/4837\/revisions\/4839"}],"wp:featuredmedia":[{"embeddable":true,"href":"https:\/\/www.trabzonmanset.com\/index.php\/wp-json\/wp\/v2\/media\/4838"}],"wp:attachment":[{"href":"https:\/\/www.trabzonmanset.com\/index.php\/wp-json\/wp\/v2\/media?parent=4837"}],"wp:term":[{"taxonomy":"category","embeddable":true,"href":"https:\/\/www.trabzonmanset.com\/index.php\/wp-json\/wp\/v2\/categories?post=4837"},{"taxonomy":"post_tag","embeddable":true,"href":"https:\/\/www.trabzonmanset.com\/index.php\/wp-json\/wp\/v2\/tags?post=4837"}],"curies":[{"name":"wp","href":"https:\/\/api.w.org\/{rel}","templated":true}]}}