{"id":4702,"date":"2025-10-02T17:59:00","date_gmt":"2025-10-02T14:59:00","guid":{"rendered":"https:\/\/www.trabzonmanset.com\/?p=4702"},"modified":"2025-10-02T19:02:11","modified_gmt":"2025-10-02T16:02:11","slug":"ugurcan-cakir-sampiyonlar-liginde-haftanin-11ine-secildi","status":"publish","type":"post","link":"https:\/\/www.trabzonmanset.com\/index.php\/2025\/10\/02\/ugurcan-cakir-sampiyonlar-liginde-haftanin-11ine-secildi\/","title":{"rendered":"U\u011furcan \u00c7ak\u0131r, \u015eampiyonlar Ligi\u2019nde haftan\u0131n 11\u2019ine se\u00e7ildi"},"content":{"rendered":"\n<h2 class=\"wp-block-heading\" id=\"content\">Galatasaray\u2019\u0131n milli kalecisi U\u011furcan \u00c7ak\u0131r, UEFA \u015eampiyonlar Ligi\u2019nde sergiledi\u011fi performansla haftan\u0131n 11\u2019ine se\u00e7ildi.<\/h2>\n\n\n\n<p>UEFA \u015eampiyonlar Ligi\u2019nin 2. haftas\u0131nda Galatasaray, sahas\u0131nda kar\u015f\u0131la\u015ft\u0131\u011f\u0131 \u0130ngiliz ekibi Liverpool\u2019u 1-0 ma\u011flup ederken, kaleci U\u011furcan \u00c7ak\u0131r da kurtar\u0131\u015flar\u0131yla galibiyette \u00f6nemli rol oynayan isimlerin ba\u015f\u0131nda yer ald\u0131. Devler Ligi\u2019nde 2. haftan\u0131n tamamlanmas\u0131n\u0131n ard\u0131ndan haftan\u0131n 11\u2019i belli oldu. Milli kaleci, performans\u0131yla haftan\u0131n 11\u2019ine se\u00e7ildi.<\/p>\n\n\n\n<figure class=\"wp-block-image size-large\"><img loading=\"lazy\" decoding=\"async\" width=\"1024\" height=\"681\" src=\"https:\/\/www.trabzonmanset.com\/wp-content\/uploads\/2025\/10\/aw550692_02-1024x681.jpg\" alt=\"\" class=\"wp-image-4703\" srcset=\"https:\/\/www.trabzonmanset.com\/wp-content\/uploads\/2025\/10\/aw550692_02-1024x681.jpg 1024w, https:\/\/www.trabzonmanset.com\/wp-content\/uploads\/2025\/10\/aw550692_02-300x200.jpg 300w, https:\/\/www.trabzonmanset.com\/wp-content\/uploads\/2025\/10\/aw550692_02-768x511.jpg 768w, https:\/\/www.trabzonmanset.com\/wp-content\/uploads\/2025\/10\/aw550692_02.jpg 1042w\" sizes=\"auto, (max-width: 1024px) 100vw, 1024px\" \/><\/figure>\n\n\n\n<p>UEFA \u015eampiyonlar Ligi\u2019nde 2. haftan\u0131n 11\u2019inde \u015fu isimler yer ald\u0131:<\/p>\n\n\n\n<p>&#8220;U\u011furcan, Dumfries, Gatti, Dier, Nuno Mendes, Sabitzer, Odegaard, Hauge, Pepe, Hojlund, Mbappe&#8221;<\/p>\n\n\n\n<figure class=\"wp-block-image size-large\"><img loading=\"lazy\" decoding=\"async\" width=\"1024\" height=\"686\" src=\"https:\/\/www.trabzonmanset.com\/wp-content\/uploads\/2025\/10\/aw550692_03-1024x686.jpg\" alt=\"\" class=\"wp-image-4704\" srcset=\"https:\/\/www.trabzonmanset.com\/wp-content\/uploads\/2025\/10\/aw550692_03-1024x686.jpg 1024w, https:\/\/www.trabzonmanset.com\/wp-content\/uploads\/2025\/10\/aw550692_03-300x201.jpg 300w, https:\/\/www.trabzonmanset.com\/wp-content\/uploads\/2025\/10\/aw550692_03-768x514.jpg 768w, https:\/\/www.trabzonmanset.com\/wp-content\/uploads\/2025\/10\/aw550692_03.jpg 1035w\" sizes=\"auto, (max-width: 1024px) 100vw, 1024px\" \/><figcaption class=\"wp-element-caption\">GALATASARAY&#8217;IN M\u0130LL\u0130 KALEC\u0130S\u0130 U\u011eURCAN \u00c7AKIR, UEFA \u015eAMP\u0130YONLAR L\u0130G\u0130&#8217;NDE SERG\u0130LED\u0130\u011e\u0130 PERFORMANSLA HAFTANIN 11&#8217;\u0130NE SE\u00c7\u0130LD\u0130. (SAYCAN SAYIM\/\u0130STANBUL-\u0130HA)\r\nGalatasaray&#8217;\u0131n milli kalecisi U\u011furcan \u00c7ak\u0131r, UEFA \u015eampiyonlar Ligi&#8217;nde sergiledi\u011fi performansla haftan\u0131n 11&#8217;ine se\u00e7ildi.<\/figcaption><\/figure>\n","protected":false},"excerpt":{"rendered":"<p>Galatasaray\u2019\u0131n milli kalecisi U\u011furcan \u00c7ak\u0131r, UEFA \u015eampiyonlar Ligi\u2019nde sergiledi\u011fi performansla haftan\u0131n 11\u2019ine se\u00e7ildi. UEFA \u015eampiyonlar Ligi\u2019nin 2. haftas\u0131nda Galatasaray, sahas\u0131nda kar\u015f\u0131la\u015ft\u0131\u011f\u0131 \u0130ngiliz ekibi Liverpool\u2019u 1-0 ma\u011flup ederken, kaleci U\u011furcan \u00c7ak\u0131r da kurtar\u0131\u015flar\u0131yla galibiyette \u00f6nemli rol oynayan isimlerin ba\u015f\u0131nda yer ald\u0131. Devler Ligi\u2019nde 2. haftan\u0131n tamamlanmas\u0131n\u0131n ard\u0131ndan haftan\u0131n 11\u2019i belli oldu. Milli kaleci, performans\u0131yla haftan\u0131n 11\u2019ine [&hellip;]<\/p>\n","protected":false},"author":1,"featured_media":4705,"comment_status":"open","ping_status":"open","sticky":false,"template":"","format":"standard","meta":{"footnotes":""},"categories":[14],"tags":[1231,1230,1229,1234,1235,1239,1232,1238,1233,1237,1227,1236,1228],"class_list":["post-4702","post","type-post","status-publish","format-standard","has-post-thumbnail","hentry","category-spor","tag-dier","tag-dumfries","tag-gatti","tag-hauge","tag-hojlund","tag-mbappe","tag-nuno-mendes","tag-odegaard","tag-pepe","tag-sabitzer","tag-uefa","tag-ugurcan","tag-ugurcan-cakir"],"_links":{"self":[{"href":"https:\/\/www.trabzonmanset.com\/index.php\/wp-json\/wp\/v2\/posts\/4702","targetHints":{"allow":["GET"]}}],"collection":[{"href":"https:\/\/www.trabzonmanset.com\/index.php\/wp-json\/wp\/v2\/posts"}],"about":[{"href":"https:\/\/www.trabzonmanset.com\/index.php\/wp-json\/wp\/v2\/types\/post"}],"author":[{"embeddable":true,"href":"https:\/\/www.trabzonmanset.com\/index.php\/wp-json\/wp\/v2\/users\/1"}],"replies":[{"embeddable":true,"href":"https:\/\/www.trabzonmanset.com\/index.php\/wp-json\/wp\/v2\/comments?post=4702"}],"version-history":[{"count":1,"href":"https:\/\/www.trabzonmanset.com\/index.php\/wp-json\/wp\/v2\/posts\/4702\/revisions"}],"predecessor-version":[{"id":4706,"href":"https:\/\/www.trabzonmanset.com\/index.php\/wp-json\/wp\/v2\/posts\/4702\/revisions\/4706"}],"wp:featuredmedia":[{"embeddable":true,"href":"https:\/\/www.trabzonmanset.com\/index.php\/wp-json\/wp\/v2\/media\/4705"}],"wp:attachment":[{"href":"https:\/\/www.trabzonmanset.com\/index.php\/wp-json\/wp\/v2\/media?parent=4702"}],"wp:term":[{"taxonomy":"category","embeddable":true,"href":"https:\/\/www.trabzonmanset.com\/index.php\/wp-json\/wp\/v2\/categories?post=4702"},{"taxonomy":"post_tag","embeddable":true,"href":"https:\/\/www.trabzonmanset.com\/index.php\/wp-json\/wp\/v2\/tags?post=4702"}],"curies":[{"name":"wp","href":"https:\/\/api.w.org\/{rel}","templated":true}]}}