{"id":4654,"date":"2025-09-30T21:20:00","date_gmt":"2025-09-30T18:20:00","guid":{"rendered":"https:\/\/www.trabzonmanset.com\/?p=4654"},"modified":"2025-09-30T22:02:53","modified_gmt":"2025-09-30T19:02:53","slug":"bakan-fidan-fransiz-mevkidasi-ile-telefonda-gorustu","status":"publish","type":"post","link":"https:\/\/www.trabzonmanset.com\/index.php\/2025\/09\/30\/bakan-fidan-fransiz-mevkidasi-ile-telefonda-gorustu\/","title":{"rendered":"Bakan Fidan, Frans\u0131z mevkida\u015f\u0131 ile telefonda g\u00f6r\u00fc\u015ft\u00fc"},"content":{"rendered":"\n<p>D\u0131\u015fi\u015fleri Bakan\u0131 Hakan Fidan, Fransa D\u0131\u015fi\u015fleri Bakan\u0131 Jean-Nol Barrot ile telefon g\u00f6r\u00fc\u015fmesi ger\u00e7ekle\u015ftirdi.<\/p>\n\n\n\n<p>D\u0131\u015fi\u015fleri Bakanl\u0131\u011f\u0131 kaynaklar\u0131ndan edinilen bilgilere g\u00f6re, Bakan Fidan ile Fransa D\u0131\u015fi\u015fleri Bakan\u0131 Jean-Nol Barrot\u2019un ger\u00e7ekle\u015ftirdi\u011fi telefon g\u00f6r\u00fc\u015fmesinde, Gazze\u2019de ate\u015fkes ve bar\u0131\u015f sa\u011flanmas\u0131na y\u00f6nelik \u00e7abalar de\u011ferlendirildi.<\/p>\n\n\n\n<p>Kaynak: \u0130HA<\/p>\n","protected":false},"excerpt":{"rendered":"<p>D\u0131\u015fi\u015fleri Bakan\u0131 Hakan Fidan, Fransa D\u0131\u015fi\u015fleri Bakan\u0131 Jean-Nol Barrot ile telefon g\u00f6r\u00fc\u015fmesi ger\u00e7ekle\u015ftirdi. D\u0131\u015fi\u015fleri Bakanl\u0131\u011f\u0131 kaynaklar\u0131ndan edinilen bilgilere g\u00f6re, Bakan Fidan ile Fransa D\u0131\u015fi\u015fleri Bakan\u0131 Jean-Nol Barrot\u2019un ger\u00e7ekle\u015ftirdi\u011fi telefon g\u00f6r\u00fc\u015fmesinde, Gazze\u2019de ate\u015fkes ve bar\u0131\u015f sa\u011flanmas\u0131na y\u00f6nelik \u00e7abalar de\u011ferlendirildi. Kaynak: \u0130HA<\/p>\n","protected":false},"author":1,"featured_media":4655,"comment_status":"open","ping_status":"open","sticky":false,"template":"","format":"standard","meta":{"footnotes":""},"categories":[1],"tags":[1206,1207,922],"class_list":["post-4654","post","type-post","status-publish","format-standard","has-post-thumbnail","hentry","category-gundem","tag-bakan-fidan","tag-jean-nol-barrot","tag-trabzon-manst"],"_links":{"self":[{"href":"https:\/\/www.trabzonmanset.com\/index.php\/wp-json\/wp\/v2\/posts\/4654","targetHints":{"allow":["GET"]}}],"collection":[{"href":"https:\/\/www.trabzonmanset.com\/index.php\/wp-json\/wp\/v2\/posts"}],"about":[{"href":"https:\/\/www.trabzonmanset.com\/index.php\/wp-json\/wp\/v2\/types\/post"}],"author":[{"embeddable":true,"href":"https:\/\/www.trabzonmanset.com\/index.php\/wp-json\/wp\/v2\/users\/1"}],"replies":[{"embeddable":true,"href":"https:\/\/www.trabzonmanset.com\/index.php\/wp-json\/wp\/v2\/comments?post=4654"}],"version-history":[{"count":1,"href":"https:\/\/www.trabzonmanset.com\/index.php\/wp-json\/wp\/v2\/posts\/4654\/revisions"}],"predecessor-version":[{"id":4656,"href":"https:\/\/www.trabzonmanset.com\/index.php\/wp-json\/wp\/v2\/posts\/4654\/revisions\/4656"}],"wp:featuredmedia":[{"embeddable":true,"href":"https:\/\/www.trabzonmanset.com\/index.php\/wp-json\/wp\/v2\/media\/4655"}],"wp:attachment":[{"href":"https:\/\/www.trabzonmanset.com\/index.php\/wp-json\/wp\/v2\/media?parent=4654"}],"wp:term":[{"taxonomy":"category","embeddable":true,"href":"https:\/\/www.trabzonmanset.com\/index.php\/wp-json\/wp\/v2\/categories?post=4654"},{"taxonomy":"post_tag","embeddable":true,"href":"https:\/\/www.trabzonmanset.com\/index.php\/wp-json\/wp\/v2\/tags?post=4654"}],"curies":[{"name":"wp","href":"https:\/\/api.w.org\/{rel}","templated":true}]}}