{"id":4649,"date":"2025-09-30T21:56:50","date_gmt":"2025-09-30T18:56:50","guid":{"rendered":"https:\/\/www.trabzonmanset.com\/?p=4649"},"modified":"2025-09-30T21:58:41","modified_gmt":"2025-09-30T18:58:41","slug":"mgk-bildirisi-terorsuz-turkiye-vurgusu-gazze-ve-bolgesel-gelismeler-masada","status":"publish","type":"post","link":"https:\/\/www.trabzonmanset.com\/index.php\/2025\/09\/30\/mgk-bildirisi-terorsuz-turkiye-vurgusu-gazze-ve-bolgesel-gelismeler-masada\/","title":{"rendered":"MGK Bildirisi: Ter\u00f6rs\u00fcz T\u00fcrkiye vurgusu, Gazze ve b\u00f6lgesel geli\u015fmeler masada"},"content":{"rendered":"\n<p>Cumhurba\u015fkan\u0131 Recep Tayyip Erdo\u011fan ba\u015fkanl\u0131\u011f\u0131ndaki Milli G\u00fcvenlik Kurulu (MGK) Toplant\u0131s\u0131\u2019nda, ter\u00f6r \u00f6rg\u00fctlerine kar\u015f\u0131 y\u00fcr\u00fct\u00fclen kararl\u0131 m\u00fccadelenin yan\u0131 s\u0131ra Suriye\u2019nin toprak b\u00fct\u00fcnl\u00fc\u011f\u00fc, Irak\u2019\u0131n g\u00fcvenli\u011fi, Gazze\u2019deki insani kriz ve K\u0131br\u0131s\u2019ta iki devletli \u00e7\u00f6z\u00fcm s\u00fcreci de\u011ferlendirildi. MGK bildirisinde, &#8220;Milletimizin istikbalinin \u00f6n\u00fcndeki ter\u00f6r duvar\u0131n\u0131n tamamen y\u0131k\u0131larak huzur, refah ve g\u00fcven ikliminin daim k\u0131l\u0131nmas\u0131na y\u00f6nelik g\u00fc\u00e7l\u00fc irade teyit edilmi\u015ftir&#8221; ifadelerine yer verildi.<\/p>\n\n\n\n<figure class=\"wp-block-video\"><video controls src=\"https:\/\/www.trabzonmanset.com\/wp-content\/uploads\/2025\/09\/bf0d6e4f-6b26-4b91-a405-0927424e3cd4.mp4\"><\/video><\/figure>\n\n\n\n<p>Milli G\u00fcvenlik Kurulu (MGK), Cumhurba\u015fkan\u0131 Recep Tayyip Erdo\u011fan ba\u015fkanl\u0131\u011f\u0131nda Be\u015ftepe\u2019de topland\u0131. Yakla\u015f\u0131k 2 saat s\u00fcren toplant\u0131n\u0131n ard\u0131ndan \u0130leti\u015fim Ba\u015fkanl\u0131\u011f\u0131 taraf\u0131ndan MGK Bildirisi yay\u0131mland\u0131.<\/p>\n\n\n\n<p>Bildiride, toplant\u0131da, ba\u015fta PKK\/KCK-PYD\/YPG, FET\u00d6 ve DEA\u015e olmak \u00fczere milli birlik ve beraberli\u011fi tehdit eden t\u00fcm ter\u00f6r \u00f6rg\u00fctlerine kar\u015f\u0131 yurt i\u00e7i ve yurt d\u0131\u015f\u0131nda kararl\u0131l\u0131kla ve ba\u015far\u0131yla y\u00fcr\u00fct\u00fclen operasyonlar ile uluslararas\u0131 geli\u015fmelerin ele al\u0131nd\u0131\u011f\u0131n\u0131, ve kurula bilgi sunuldu\u011funu belirtildi.<\/p>\n\n\n\n<p>&#8220;Ter\u00f6rs\u00fcz T\u00fcrkiye&#8221; hedefi do\u011frultusunda gelinen a\u015faman\u0131n ele al\u0131nd\u0131\u011f\u0131 toplant\u0131da, &#8220;Ter\u00f6rs\u00fcz T\u00fcrkiye&#8221; istikametinde, T\u00fcrkiye B\u00fcy\u00fck Millet Meclisi \u00e7at\u0131s\u0131 alt\u0131ndaki \u00e7al\u0131\u015fmalar\u0131n da katk\u0131s\u0131yla milletin istikbalinin \u00f6n\u00fcndeki ter\u00f6r duvar\u0131n\u0131n tamamen y\u0131k\u0131larak huzur, refah ve g\u00fcven ikliminin daim k\u0131l\u0131nmas\u0131na y\u00f6nelik g\u00fc\u00e7l\u00fc iradenin teyit edildi\u011fi bildirildi.<\/p>\n\n\n\n<p>Bildiride ayr\u0131ca, &#8220;ter\u00f6rs\u00fcz b\u00f6lge&#8221; hedefiyle y\u00fcr\u00fct\u00fclecek s\u00fcre\u00e7 dahilinde kom\u015fu co\u011frafyalarda ter\u00f6r\u00fcn hi\u00e7 bir tezah\u00fcr\u00fcne yer verilmeyece\u011fi ve ter\u00f6r zemininden beslenen yay\u0131lmac\u0131l\u0131\u011fa kati suretle m\u00fcsaade edilmeyece\u011fi vurguland\u0131.<\/p>\n\n\n\n<p>Toplant\u0131da Suriye\u2019nin toprak b\u00fct\u00fcnl\u00fc\u011f\u00fc, Irak\u2019\u0131n g\u00fcvenlik ve istikrar\u0131na y\u00f6nelik tehditlerin g\u00f6r\u00fc\u015f\u00fcld\u00fc\u011f\u00fc belirtilirken, Kom\u015fu \u00fclkeleri b\u00f6lgesel \u00e7at\u0131\u015fmalara \u00e7ekme giri\u015fimlerine kar\u015f\u0131 T\u00fcrkiye\u2019nin deste\u011finin s\u00fcrece\u011fi kaydedildi.<\/p>\n\n\n\n<p>\u0130srail\u2019in Gazze\u2019de yol a\u00e7t\u0131\u011f\u0131 insani felakete dikkat \u00e7ekilen bildiride, soyk\u0131r\u0131m\u0131n durdurulmas\u0131n\u0131n ve sorumlular\u0131n hesap vermesinin insanl\u0131\u011f\u0131n ortak sorumlulu\u011fu oldu\u011fu ifade edildi. Uluslararas\u0131 kamuoyu acilen harekete ge\u00e7meye \u00e7a\u011fr\u0131ld\u0131. T\u00fcrkiye\u2019nin adil ve kal\u0131c\u0131 bar\u0131\u015f i\u00e7in at\u0131lacak her olumlu ad\u0131ma katk\u0131 sunmaya devam edece\u011fi vurguland\u0131.<\/p>\n\n\n\n<p>T\u00fcrkiye\u2019nin milli davas\u0131 olan K\u0131br\u0131s meselesinde, K\u0131br\u0131s T\u00fcrklerinin egemen e\u015fitlik ve e\u015fit uluslararas\u0131 stat\u00fcs\u00fcne dayal\u0131 iki devletli \u00e7\u00f6z\u00fcm modeline verilen destek yinelendi. T\u00fcrkiye\u2019nin Ada\u2019daki bar\u0131\u015f ortam\u0131n\u0131 olumsuz etkileyecek ad\u0131mlara kar\u015f\u0131 kararl\u0131 tutumunu s\u00fcrd\u00fcrece\u011fi bildirildi.<\/p>\n\n\n\n<p>Toplant\u0131da Rusya-Ukrayna Sava\u015f\u0131\u2019na ili\u015fkin geli\u015fmeler masaya yat\u0131r\u0131larak, \u00e7at\u0131\u015fman\u0131n yay\u0131lma riskinden duyulan endi\u015fenin dile getirildi\u011fi bildirildi. T\u00fcrkiye\u2019nin bar\u0131\u015f i\u00e7in daha fazla sorumluluk \u00fcstlenmeye haz\u0131r oldu\u011fu ifade edildi.<\/p>\n\n\n\n<p>Ermenistan ile y\u00fcr\u00fct\u00fclen normalle\u015fme s\u00fcreci kapsam\u0131nda, Azerbaycan ile Nah\u00e7\u0131van aras\u0131nda engelsiz ula\u015f\u0131m\u0131 sa\u011flayacak ula\u015ft\u0131rma hatt\u0131n\u0131n \u00f6nemi vurguland\u0131. Nihai bar\u0131\u015f\u0131n tesisi y\u00f6n\u00fcnde iradenin s\u00fcrd\u00fc\u011f\u00fc dile getirildi.<\/p>\n\n\n\n<p>Ayr\u0131ca, Bosna-Hersek\u2019teki son geli\u015fmeler de g\u00fcndeme al\u0131narak, \u00fclkenin egemenli\u011fi, toprak b\u00fct\u00fcnl\u00fc\u011f\u00fc ve anayasal d\u00fczenine T\u00fcrkiye\u2019nin deste\u011fi bir kez daha teyit edildi.<\/p>\n\n\n\n<p>Kaynak: \u0130HA<\/p>\n\n\n\n<p><\/p>\n","protected":false},"excerpt":{"rendered":"<p>Cumhurba\u015fkan\u0131 Recep Tayyip Erdo\u011fan ba\u015fkanl\u0131\u011f\u0131ndaki Milli G\u00fcvenlik Kurulu (MGK) Toplant\u0131s\u0131\u2019nda, ter\u00f6r \u00f6rg\u00fctlerine kar\u015f\u0131 y\u00fcr\u00fct\u00fclen kararl\u0131 m\u00fccadelenin yan\u0131 s\u0131ra Suriye\u2019nin toprak b\u00fct\u00fcnl\u00fc\u011f\u00fc, Irak\u2019\u0131n g\u00fcvenli\u011fi, Gazze\u2019deki insani kriz ve K\u0131br\u0131s\u2019ta iki devletli \u00e7\u00f6z\u00fcm s\u00fcreci de\u011ferlendirildi. MGK bildirisinde, &#8220;Milletimizin istikbalinin \u00f6n\u00fcndeki ter\u00f6r duvar\u0131n\u0131n tamamen y\u0131k\u0131larak huzur, refah ve g\u00fcven ikliminin daim k\u0131l\u0131nmas\u0131na y\u00f6nelik g\u00fc\u00e7l\u00fc irade teyit edilmi\u015ftir&#8221; ifadelerine [&hellip;]<\/p>\n","protected":false},"author":1,"featured_media":4650,"comment_status":"open","ping_status":"open","sticky":false,"template":"","format":"standard","meta":{"footnotes":""},"categories":[11],"tags":[543,1204,1205,620,922],"class_list":["post-4649","post","type-post","status-publish","format-standard","has-post-thumbnail","hentry","category-manset","tag-gazze","tag-mgk","tag-milli-guvenlik-kurulu","tag-recep-tayyip-erdogan","tag-trabzon-manst"],"_links":{"self":[{"href":"https:\/\/www.trabzonmanset.com\/index.php\/wp-json\/wp\/v2\/posts\/4649","targetHints":{"allow":["GET"]}}],"collection":[{"href":"https:\/\/www.trabzonmanset.com\/index.php\/wp-json\/wp\/v2\/posts"}],"about":[{"href":"https:\/\/www.trabzonmanset.com\/index.php\/wp-json\/wp\/v2\/types\/post"}],"author":[{"embeddable":true,"href":"https:\/\/www.trabzonmanset.com\/index.php\/wp-json\/wp\/v2\/users\/1"}],"replies":[{"embeddable":true,"href":"https:\/\/www.trabzonmanset.com\/index.php\/wp-json\/wp\/v2\/comments?post=4649"}],"version-history":[{"count":2,"href":"https:\/\/www.trabzonmanset.com\/index.php\/wp-json\/wp\/v2\/posts\/4649\/revisions"}],"predecessor-version":[{"id":4653,"href":"https:\/\/www.trabzonmanset.com\/index.php\/wp-json\/wp\/v2\/posts\/4649\/revisions\/4653"}],"wp:featuredmedia":[{"embeddable":true,"href":"https:\/\/www.trabzonmanset.com\/index.php\/wp-json\/wp\/v2\/media\/4650"}],"wp:attachment":[{"href":"https:\/\/www.trabzonmanset.com\/index.php\/wp-json\/wp\/v2\/media?parent=4649"}],"wp:term":[{"taxonomy":"category","embeddable":true,"href":"https:\/\/www.trabzonmanset.com\/index.php\/wp-json\/wp\/v2\/categories?post=4649"},{"taxonomy":"post_tag","embeddable":true,"href":"https:\/\/www.trabzonmanset.com\/index.php\/wp-json\/wp\/v2\/tags?post=4649"}],"curies":[{"name":"wp","href":"https:\/\/api.w.org\/{rel}","templated":true}]}}