{"id":4645,"date":"2025-09-30T12:58:47","date_gmt":"2025-09-30T09:58:47","guid":{"rendered":"https:\/\/www.trabzonmanset.com\/?p=4645"},"modified":"2025-09-30T12:58:47","modified_gmt":"2025-09-30T09:58:47","slug":"trabzonda-bulunan-deniz-araci-icin-flas-aciklama-icinde-bomba-varmis","status":"publish","type":"post","link":"https:\/\/www.trabzonmanset.com\/index.php\/2025\/09\/30\/trabzonda-bulunan-deniz-araci-icin-flas-aciklama-icinde-bomba-varmis\/","title":{"rendered":"Trabzon&#8217;da bulunan deniz arac\u0131 i\u00e7in fla\u015f a\u00e7\u0131klama! &#8220;\u0130\u00e7inde bomba varm\u0131\u015f&#8221;"},"content":{"rendered":"\n<p>Trabzon&#8217;un \u00c7ar\u015f\u0131ba\u015f\u0131 il\u00e7esi a\u00e7\u0131klar\u0131nda gece bal\u0131k\u00e7\u0131lar taraf\u0131ndan men\u015fei belirsiz bir insans\u0131z deniz arac\u0131 bulundu. Bomba y\u00fckl\u00fc olabilece\u011fi \u015f\u00fcphesi \u00fczerinde insans\u0131z deniz arac\u0131 Yoroz Liman\u0131&#8217;na \u00e7ekildi.<\/p>\n\n\n\n<p>Al\u0131nan bilgiye g\u00f6re, \u00c7ar\u015f\u0131ba\u015f\u0131 a\u00e7\u0131klar\u0131nda avlanan bal\u0131k\u00e7\u0131lar denizde \u015fu ana kadar hi\u00e7 g\u00f6rmedikleri bir deniz arac\u0131n\u0131 g\u00f6r\u00fcnce bunu teknelerine ba\u011flayarak k\u0131y\u0131ya \u00e7ekti. Deniz arac\u0131 ile ilgili yap\u0131lan ihbar sonras\u0131 b\u00f6lgeye Sahil G\u00fcvenlik ekipleri gelirken, insans\u0131z deniz arac\u0131 Yoroz Liman\u0131&#8217;na \u00e7ekildi. Yap\u0131lan ilk incelemelerde, bomba y\u00fckl\u00fc olabilece\u011fi tespit edilen insans\u0131z deniz arac\u0131, g\u00fcvenli alana \u00e7ekildi. Uzman SAT ekiplerinin incelemesi insans\u0131z deniz arac\u0131 ile ilgili incelemesi s\u00fcr\u00fcyor.<\/p>\n\n\n\n<p>\u00d6te yandan insans\u0131z deniz arac\u0131n\u0131n Ukrayna&#8217;ya ait olabilece\u011fi \u015f\u00fcphesi \u00fczerinde duruluyor. Birle\u015fik Krall\u0131k taraf\u0131ndan Ukrayna&#8217;n\u0131n Karadeniz&#8217;deki savunma kapasitesini art\u0131rmak amac\u0131yla verilen &#8220;Wasp&#8221; ve &#8220;Snapper&#8221; adl\u0131 kamikaze tipi insans\u0131z deniz ara\u00e7lar\u0131na benzeyen ara\u00e7, Ukrayna&#8217;n\u0131n Rus donanmas\u0131na kar\u015f\u0131 y\u00fcr\u00fctt\u00fc\u011f\u00fc etkili operasyonlar\u0131 desteklemek i\u00e7in tasarland\u0131\u011f\u0131 biliniyor. Ukrayna&#8217;n\u0131n bu insans\u0131z deniz ara\u00e7lar\u0131 ile Rus donanmas\u0131na ait \u00e7ok say\u0131da gemiye zarar vererek veya kullan\u0131lamaz hale getirerek Karadeniz&#8217;deki dengeyi kendi lehine \u00e7evirdi\u011fi belirtiliyor.<\/p>\n\n\n\n<p><strong>\u0130smail Y\u0131lmaz: &#8220;Ukrayna yap\u0131m\u0131 bir bomba varm\u0131\u015f i\u00e7erisinde; Darbeye kar\u015f\u0131 patl\u0131yormu\u015f&#8221;<\/strong><\/p>\n\n\n\n<p>Trabzon&#8217;un \u00c7ar\u015f\u0131ba\u015f\u0131 il\u00e7esi a\u00e7\u0131klar\u0131nda gece bal\u0131k\u00e7\u0131lar taraf\u0131ndan bulunarak k\u0131y\u0131ya getirilen deniz arac\u0131n\u0131n Ukrayna\u2019ya ait bir kamikaze insans\u0131z deniz arac\u0131 oldu\u011fu belirlendi. Bomba y\u00fckl\u00fc olan kamikaze insans\u0131z deniz arac\u0131n\u0131n yan\u0131na kimse yakla\u015ft\u0131r\u0131lmazken, \u0130stanbul\u2019dan gelecek uzman ekipler taraf\u0131ndan incelenece\u011fi \u00f6\u011frenildi.<\/p>\n\n\n\n<p>\u00c7ar\u015f\u0131ba\u015f\u0131 a\u00e7\u0131klar\u0131nda avlanan bal\u0131k\u00e7\u0131lar denizde \u015fu ana kadar hi\u00e7 g\u00f6rmedikleri bir deniz arac\u0131n\u0131 g\u00f6r\u00fcnce bunu teknelerine alarak k\u0131y\u0131ya getirdi. Deniz arac\u0131 ile ilgili yap\u0131lan ihbar sonras\u0131 b\u00f6lgeye Sahil G\u00fcvenlik ekipleri gelirken, \u00c7ar\u015f\u0131ba\u015f\u0131 liman\u0131ndan insans\u0131z deniz arac\u0131 Yoroz Liman\u0131&#8217;na \u00e7ekildi. Yap\u0131lan ilk incelemelerde, bomba y\u00fckl\u00fc olabilece\u011fi tespit edilen insans\u0131z deniz arac\u0131, SAT ekiplerinin incelemesi sonras\u0131 \u0130stanbul\u2019dan insans\u0131z deniz ara\u00e7lar\u0131 ile ilgili uzman ekipler Trabzon\u2019a davet edildi.<\/p>\n\n\n\n<figure class=\"wp-block-image size-full\"><img loading=\"lazy\" decoding=\"async\" width=\"999\" height=\"556\" src=\"https:\/\/www.trabzonmanset.com\/wp-content\/uploads\/2025\/09\/1000201317.jpg\" alt=\"\" class=\"wp-image-4646\" srcset=\"https:\/\/www.trabzonmanset.com\/wp-content\/uploads\/2025\/09\/1000201317.jpg 999w, https:\/\/www.trabzonmanset.com\/wp-content\/uploads\/2025\/09\/1000201317-300x167.jpg 300w, https:\/\/www.trabzonmanset.com\/wp-content\/uploads\/2025\/09\/1000201317-768x427.jpg 768w\" sizes=\"auto, (max-width: 999px) 100vw, 999px\" \/><\/figure>\n\n\n\n<p>Konuyla ilgili bilgi veren Yoroz Su \u00dcr\u00fcnleri Kooperatif Ba\u015fkan\u0131 \u0130smail Y\u0131lmaz, &#8220;Bal\u0131k\u00e7\u0131lar\u0131m\u0131z gece denizde bir fiber bot buldular bunu limana getirdiler. Yetkililer geldi inceleme yapt\u0131. \u0130\u00e7inde bomba oldu\u011fu belirlendi. Tekne liman\u0131m\u0131zda duruyor. Bal\u0131k\u00e7\u0131lar\u0131m\u0131z limana giremiyor liman\u0131 bal\u0131k\u00e7\u0131lara kapatt\u0131k, onun ma\u011fduriyetini ya\u015f\u0131yoruz. Bomba ekibi gelecek. Onlar\u0131 bekliyoruz. Ekipler b\u00fcy\u00fck ihtimalle \u0130stanbul\u2019dan gelecekmi\u015f. Ukrayna yap\u0131m\u0131 bir bomba varm\u0131\u015f i\u00e7erisinde. Bu insans\u0131z bir deniz arac\u0131. Darbeye kar\u015f\u0131 patl\u0131yormu\u015f&#8221; dedi.<\/p>\n\n\n\n<p>\u00d6te yandan insans\u0131z deniz arac\u0131n\u0131n Ukrayna&#8217;ya ait Magura V5 serisi kamikaze tipi insans\u0131z deniz arac\u0131 oldu\u011fu \u00f6\u011frenildi. Ukrayna&#8217;n\u0131n Rus donanmas\u0131na kar\u015f\u0131 y\u00fcr\u00fctt\u00fc\u011f\u00fc etkili operasyonlar\u0131 desteklemek i\u00e7in tasarlanan kamikaze deniz ara\u00e7lar\u0131 Rus donanmas\u0131na ait \u00e7ok say\u0131da sald\u0131r\u0131da kullan\u0131ld\u0131.<\/p>\n\n\n\n<p><strong>Trabzon Valili\u011fi&#8217;nden bal\u0131k\u00e7\u0131lar\u0131n buldu\u011fu insans\u0131z deniz arac\u0131 i\u00e7in &#8220;Yabanc\u0131 men\u015feli cisim&#8221; a\u00e7\u0131klamas\u0131<\/strong><\/p>\n\n\n\n<p>Trabzon&nbsp;Valili\u011fi \u00c7ar\u015f\u0131ba\u015f\u0131 il\u00e7esinde bal\u0131k\u00e7\u0131lar taraf\u0131ndan bulunan insans\u0131z deniz arac\u0131 ile ilgili olarak &#8220;Yabanc\u0131 men\u015feli cisim&#8221; a\u00e7\u0131klamas\u0131nda bulundu.<br>Konuyla ilgili valilikten yap\u0131lan a\u00e7\u0131klamada &#8221;&nbsp;Trabzon&nbsp;ili \u00c7ar\u015f\u0131ba\u015f\u0131 il\u00e7esi Yoroz Liman\u0131 a\u00e7\u0131klar\u0131nda avlanan bal\u0131k\u00e7\u0131lar\u0131m\u0131z\u0131n a\u011f\u0131na yabanc\u0131 men\u015feli oldu\u011fu de\u011ferlendirilen bir cismin tak\u0131ld\u0131\u011f\u0131 tespit edilmi\u015ftir. Bahse konu cisim limana getirilerek gerekli g\u00fcvenlik tedbirleri al\u0131nm\u0131\u015f, olay yerine Deniz Kuvvetleri Komutanl\u0131\u011f\u0131\u2019na ba\u011fl\u0131 (SAS) ekipleri ve di\u011fer g\u00fcvenlik birimlerine haber verilmi\u015ftir. \u0130lgili cisim, uzman ekiplerce incelenmek \u00fczere g\u00fcvenli bir \u015fekilde muhafaza alt\u0131na al\u0131nm\u0131\u015f olup konu ile ilgili detayl\u0131 teknik inceleme ve soru\u015fturma s\u00fcreci devam etmektedir. Vatanda\u015flar\u0131m\u0131z\u0131n benzeri bir durumla kar\u015f\u0131la\u015fmalar\u0131 halinde herhangi bir m\u00fcdahalede bulunmadan g\u00fcvenlik birimlerine haber vermeleri \u00f6nemle rica olunur&#8221; denildi.<\/p>\n","protected":false},"excerpt":{"rendered":"<p>Trabzon&#8217;un \u00c7ar\u015f\u0131ba\u015f\u0131 il\u00e7esi a\u00e7\u0131klar\u0131nda gece bal\u0131k\u00e7\u0131lar taraf\u0131ndan men\u015fei belirsiz bir insans\u0131z deniz arac\u0131 bulundu. Bomba y\u00fckl\u00fc olabilece\u011fi \u015f\u00fcphesi \u00fczerinde insans\u0131z deniz arac\u0131 Yoroz Liman\u0131&#8217;na \u00e7ekildi. Al\u0131nan bilgiye g\u00f6re, \u00c7ar\u015f\u0131ba\u015f\u0131 a\u00e7\u0131klar\u0131nda avlanan bal\u0131k\u00e7\u0131lar denizde \u015fu ana kadar hi\u00e7 g\u00f6rmedikleri bir deniz arac\u0131n\u0131 g\u00f6r\u00fcnce bunu teknelerine ba\u011flayarak k\u0131y\u0131ya \u00e7ekti. Deniz arac\u0131 ile ilgili yap\u0131lan ihbar sonras\u0131 b\u00f6lgeye [&hellip;]<\/p>\n","protected":false},"author":1,"featured_media":4647,"comment_status":"open","ping_status":"open","sticky":false,"template":"","format":"standard","meta":{"footnotes":""},"categories":[1],"tags":[1203,1200,1202,1201],"class_list":["post-4645","post","type-post","status-publish","format-standard","has-post-thumbnail","hentry","category-gundem","tag-carsibasi","tag-trabzon-manset-2","tag-trabzonda-deniz-insansiz-deniz-araci","tag-yoroz"],"_links":{"self":[{"href":"https:\/\/www.trabzonmanset.com\/index.php\/wp-json\/wp\/v2\/posts\/4645","targetHints":{"allow":["GET"]}}],"collection":[{"href":"https:\/\/www.trabzonmanset.com\/index.php\/wp-json\/wp\/v2\/posts"}],"about":[{"href":"https:\/\/www.trabzonmanset.com\/index.php\/wp-json\/wp\/v2\/types\/post"}],"author":[{"embeddable":true,"href":"https:\/\/www.trabzonmanset.com\/index.php\/wp-json\/wp\/v2\/users\/1"}],"replies":[{"embeddable":true,"href":"https:\/\/www.trabzonmanset.com\/index.php\/wp-json\/wp\/v2\/comments?post=4645"}],"version-history":[{"count":1,"href":"https:\/\/www.trabzonmanset.com\/index.php\/wp-json\/wp\/v2\/posts\/4645\/revisions"}],"predecessor-version":[{"id":4648,"href":"https:\/\/www.trabzonmanset.com\/index.php\/wp-json\/wp\/v2\/posts\/4645\/revisions\/4648"}],"wp:featuredmedia":[{"embeddable":true,"href":"https:\/\/www.trabzonmanset.com\/index.php\/wp-json\/wp\/v2\/media\/4647"}],"wp:attachment":[{"href":"https:\/\/www.trabzonmanset.com\/index.php\/wp-json\/wp\/v2\/media?parent=4645"}],"wp:term":[{"taxonomy":"category","embeddable":true,"href":"https:\/\/www.trabzonmanset.com\/index.php\/wp-json\/wp\/v2\/categories?post=4645"},{"taxonomy":"post_tag","embeddable":true,"href":"https:\/\/www.trabzonmanset.com\/index.php\/wp-json\/wp\/v2\/tags?post=4645"}],"curies":[{"name":"wp","href":"https:\/\/api.w.org\/{rel}","templated":true}]}}