{"id":4635,"date":"2025-09-29T22:39:13","date_gmt":"2025-09-29T19:39:13","guid":{"rendered":"https:\/\/www.trabzonmanset.com\/?p=4635"},"modified":"2025-09-29T22:39:14","modified_gmt":"2025-09-29T19:39:14","slug":"cumhurbaskani-erdogandan-500-bin-sosyal-konut-mujdesi","status":"publish","type":"post","link":"https:\/\/www.trabzonmanset.com\/index.php\/2025\/09\/29\/cumhurbaskani-erdogandan-500-bin-sosyal-konut-mujdesi\/","title":{"rendered":"Cumhurba\u015fkan\u0131 Erdo\u011fan&#8217;dan 500 bin sosyal konut m\u00fcjdesi"},"content":{"rendered":"\n<p>Cumhurba\u015fkan\u0131 Recep Tayyip Erdo\u011fan, &#8220;\u00c7evre Bakanl\u0131\u011f\u0131m\u0131z eliyle 81 ilimizin tamam\u0131nda 500 bin sosyal konut in\u015fa etmek i\u00e7in d\u00fc\u011fmeye bas\u0131yoruz&#8221; dedi.<\/p>\n\n\n\n<p>Cumhurba\u015fkan\u0131 Recep Tayyip Erdo\u011fan, Cumhurba\u015fkanl\u0131\u011f\u0131 Kabine Toplant\u0131s\u0131 sonras\u0131 a\u00e7\u0131klamalarda bulundu. Konu\u015fmas\u0131n\u0131n ba\u015f\u0131nda T\u00fcrk edebiyat\u0131n\u0131n usta kalemlerinden Cumhurba\u015fkanl\u0131\u011f\u0131 K\u00fclt\u00fcr ve Sanat B\u00fcy\u00fck \u00d6d\u00fcl\u00fc sahibi, \u015fair, yazar, m\u00fctefekkir Yavuz B\u00fclent Bakiler i\u00e7in rahmet dile\u011finde bulunan Cumhurba\u015fkan\u0131 Erdo\u011fan, 3 haftal\u0131k aradan sonra yapt\u0131klar\u0131 kabine toplant\u0131s\u0131nda g\u00fcndemlerinde i\u00e7 ve d\u0131\u015f politikaya dair kritik konular\u0131n oldu\u011funu kaydetti. 15 Eyl\u00fcl&#8217;de Katar&#8217;\u0131n ba\u015fkenti Doha&#8217;da d\u00fczenlenen \u0130slam \u0130\u015fbirli\u011fi Te\u015fkilat\u0131-Arap Ligi Ola\u011fan\u00fcst\u00fc Zirvesi&#8217;ne kat\u0131ld\u0131klar\u0131n\u0131 hat\u0131rlatan Cumhurba\u015fkan\u0131 Erdo\u011fan, &#8220;Orada Filistin&#8217;in yan\u0131 s\u0131ra L\u00fcbnan, Yemen, \u0130ran, Suriye ve son olarak Katar&#8217;a sald\u0131ran \u0130srail kar\u015f\u0131s\u0131nda ortak tav\u0131r alman\u0131n \u00f6nemine i\u015faret ettik. Ziyaretimiz dostumuz, karde\u015fimiz ve m\u00fcttefikimiz Katar&#8217;la dayan\u0131\u015fmam\u0131z\u0131 g\u00f6stermek a\u00e7\u0131s\u0131ndan da manidard\u0131. 17 Eyl\u00fcl&#8217;de ise D\u0131\u015fi\u015fleri Bakanl\u0131\u011f\u0131m\u0131z\u0131n yeni yerle\u015fkesinin temellerini att\u0131k. \u0130ki y\u0131l i\u00e7inde tamamlanmas\u0131 planlanan projeyle Hariciye Te\u015fkilat\u0131m\u0131z\u0131 334 bin 500 metrekare kapal\u0131 alana sahip modern, i\u015flevsel ve \u00e7evre dostu bir yerle\u015fkeye kavu\u015fturaca\u011f\u0131z&#8221; dedi.<br>18 Eyl\u00fcl&#8217;de \u015fehit yak\u0131nlar\u0131, gazi ve gazi yak\u0131nlar\u0131n\u0131n kamu kurumlar\u0131na yerle\u015ftirilmesi kura t\u00f6renini icra ettiklerini belirten Erdo\u011fan, &#8220;\u00c7ekti\u011fimiz kuralarla 630 karde\u015fimizin daha kamuya atamas\u0131n\u0131 yapt\u0131k. B\u00f6ylece kamu kurumlar\u0131m\u0131zda istihdam etti\u011fimiz \u015fehit yak\u0131n\u0131, gazi ve gazi yak\u0131n\u0131 say\u0131m\u0131z 51 bin 947&#8217;ye y\u00fckseldi. Yeni atamalar\u0131m\u0131z\u0131n bir kez daha hay\u0131rl\u0131 u\u011furlu olmas\u0131n\u0131 temenni ediyor; g\u00f6reve ba\u015flayan karde\u015flerime y\u00fcce Allah&#8217;tan ba\u015far\u0131lar diliyorum. 19 Eyl\u00fcl&#8217;de T\u00fcrkiye Kooperatifler Bulu\u015fmas\u0131&#8217;nda &#8216;2025-2029 T\u00fcrkiye Kooperatif\u00e7ilik Strateji ve Eylem Plan\u0131&#8217;n\u0131n tan\u0131t\u0131m\u0131n\u0131 yapt\u0131k. Bulu\u015fmada kooperatiflerimiz i\u00e7in yeni m\u00fcjdelerimizi payla\u015ft\u0131k. Ge\u00e7ti\u011fimiz y\u0131l kooperatiflerimizin yararlanabilece\u011fi destek kalemlerinde iki kat art\u0131\u015f yapm\u0131\u015ft\u0131k. bu y\u0131l destek tutar\u0131n\u0131 2,5 kat\u0131na \u00e7\u0131kard\u0131k. Ayn\u0131 \u015fekilde makine, ekipman ve demirba\u015f al\u0131m deste\u011fini 400 bin liradan 1 milyon liraya, sergi ve fuar kat\u0131l\u0131m desteklerini 60 bin liradan 150 bin liraya y\u00fckselttik&#8221; a\u00e7\u0131klamas\u0131n\u0131 yapt\u0131.<br><br><strong>&#8220;\u0130\u015eKUR Gen\u00e7lik Program\u0131 kontenjan\u0131n\u0131 150 bine \u00e7\u0131karmay\u0131 kararla\u015ft\u0131rd\u0131k&#8221;<\/strong><\/p>\n\n\n\n<p>Nitelikli personel istihdam\u0131 deste\u011fini 1 ki\u015fi i\u00e7in y\u0131ll\u0131k 204 bin liradan 266 bin liraya, 2 ki\u015fi i\u00e7in 408 bin liradan 532 bin 800 liraya \u00e7\u0131kard\u0131klar\u0131n\u0131 ifade eden Cumhurba\u015fkan\u0131 Erdo\u011fan, &#8220;Bunlar\u0131n da hay\u0131rl\u0131 u\u011furlu olmas\u0131n\u0131 temenni ediyorum. Milli teknoloji hamlesinin en b\u00fcy\u00fck sahnesi TEKNOFEST&#8217;in 13&#8217;\u00fcnc\u00fcs\u00fc 17-21 Eyl\u00fcl tarihleri aras\u0131nda \u0130stanbul Atat\u00fcrk Havaliman\u0131&#8217;nda d\u00fczenlendi. 19 Eyl\u00fcl Cuma g\u00fcn\u00fc TEKNOFEST 2025&#8217;i ziyaret ederek, gen\u00e7lerimizin co\u015fkusuna ortak olduk. Eserleriyle, fikirleriyle, projeleriyle T\u00fcrkiye&#8217;nin istikbal y\u00fcr\u00fcy\u00fc\u015f\u00fcne e\u015flik eden gen\u00e7 arkada\u015flar\u0131m\u0131n tamam\u0131n\u0131 ayr\u0131 ayr\u0131 tebrik ediyorum. \u015eunu da bir kez daha t\u00fcm kalbimle ifade etmek istiyorum: TEKNOFEST nesli, t\u0131pk\u0131 miras\u0131n\u0131 devrald\u0131klar\u0131 Alparslanlar, Fatihler, Yavuzlar, Kanuniler gibi in\u015fallah tarih yazacak, tarihi de\u011fi\u015ftirecek. Biz de bu gen\u00e7li\u011fin hayallerine ula\u015fmas\u0131n\u0131 kolayla\u015ft\u0131rmak i\u00e7in \u00fczerimize ne d\u00fc\u015f\u00fcyorsa ziyadesiyle yap\u0131yoruz. \u00d6rne\u011fin bu y\u0131l ba\u015f\u0131nda \u00fcniversite \u00f6\u011frencilerine y\u00f6nelik geli\u015ftirilen \u0130\u015eKUR Gen\u00e7lik Program\u0131m\u0131zdan ge\u00e7en d\u00f6nem 100 bin \u00f6\u011frencimiz faydaland\u0131. Bu d\u00f6nemki kontenjan\u0131m\u0131z\u0131 yine 100 bin olarak ilan etmi\u015ftik. Ancak gen\u00e7lerimizin programa yo\u011fun tevecc\u00fch\u00fc dolay\u0131s\u0131yla bug\u00fcnk\u00fc kabine toplant\u0131m\u0131zda kontenjan\u0131 150 bine \u00e7\u0131karmay\u0131 kararla\u015ft\u0131rd\u0131k&#8221; a\u00e7\u0131klamas\u0131n\u0131 yapt\u0131.<br><br><strong>&#8220;\u0130srail&#8217;in engelleme \u00e7abalar\u0131na ra\u011fmen 80&#8217;inci Genel Kurul&#8217;a Filistin davas\u0131 damgas\u0131n\u0131 vurmu\u015ftur&#8221;<\/strong><\/p>\n\n\n\n<p>2028 y\u0131l\u0131 sonuna kadar toplam 1 milyon \u00f6\u011frenciyi \u0130\u015eKUR Gen\u00e7lik Program\u0131&#8217;ndan faydaland\u0131rmay\u0131 hedeflediklerini kaydeden Cumhurba\u015fkan\u0131 Erdo\u011fan, &#8220;\u00dcniversiteli gen\u00e7lerimize hay\u0131rl\u0131 u\u011furlu olsun diyorum. Bu sene g\u00fc\u00e7l\u00fc bir heyetle i\u015ftirak etti\u011fimiz Birle\u015fmi\u015f Milletler 80&#8217;inci Genel Kurulu genel g\u00f6r\u00fc\u015fmelerini her a\u00e7\u0131dan en verimli \u015fekilde de\u011ferlendirdik. T\u00fcrk-Amerikan toplumunun \u00f6nc\u00fc isimlerinden Amerikan i\u015f \u00e7evrelerine, d\u00fc\u015f\u00fcnce kurulu\u015flar\u0131ndan uluslararas\u0131 yat\u0131r\u0131mc\u0131lara kadar pek \u00e7ok kesimle bir araya geldik. Bu toplant\u0131larda \u00f6zellikle T\u00fcrkiye&#8217;nin sundu\u011fu yat\u0131r\u0131m ve ticaret f\u0131rsatlar\u0131n\u0131 misafirlerimize anlatt\u0131k. Birle\u015fmi\u015f Milletlerin tam kar\u015f\u0131s\u0131ndaki T\u00fcrkevimiz, diplomasinin kalbinin att\u0131\u011f\u0131 bir merkez olarak yine g\u00f6z doldurdu. Bir di\u011fer dikkat \u00e7ekici husus \u015fudur: \u0130srail&#8217;in engelleme \u00e7abalar\u0131na ra\u011fmen 80&#8217;inci Genel Kurul&#8217;a Filistin davas\u0131 damgas\u0131n\u0131 vurmu\u015ftur&#8221; diye konu\u015ftu.<br>22 Eyl\u00fcl Pazartesi g\u00fcn\u00fc Fransa ve Suudi Arabistan e\u015f ba\u015fkanl\u0131\u011f\u0131nda d\u00fczenlenen iki devletli \u00e7\u00f6z\u00fcm konferans\u0131na ilginin olduk\u00e7a yo\u011fun oldu\u011funu s\u00f6yleyen Cumhurba\u015fkan\u0131 Erdo\u011fan, &#8220;Konferansa kat\u0131larak \u00fclkemizin duru\u015funu \u00e7ok net bi\u00e7imde kayda ge\u00e7irdik. Ertesi g\u00fcn Ba\u015fbakanl\u0131k d\u00f6nemim dahil 13&#8217;\u00fcnc\u00fc defa Genel Kurul&#8217;a hitap ettim. Hitab\u0131m\u0131zda Gazze&#8217;de ya\u015fanan ve art\u0131k soyk\u0131r\u0131m boyutunu a\u015f\u0131p &#8216;toplu k\u0131y\u0131ma&#8217; evrilen vah\u015fete vurgu yapt\u0131k. Gazzeli karde\u015flerimizin 23 ayd\u0131r kesintisiz maruz kald\u0131\u011f\u0131 zulm\u00fc rakamlarla, foto\u011fraflarla ortaya koyduk. Uluslararas\u0131 toplumu \u0130srail&#8217;in Filistin halk\u0131na uygulad\u0131\u011f\u0131 barbarl\u0131klara kar\u015f\u0131 harekete ge\u00e7meye \u00e7a\u011f\u0131rd\u0131k. Gazze&#8217;deki katliam\u0131n yan\u0131 s\u0131ra, Afrika&#8217;dan Asya&#8217;ya, Balkanlardan Latin Amerika&#8217;ya, T\u00fcrkiye&#8217;nin d\u0131\u015f politikas\u0131nda \u00f6zel yer tutan b\u00f6lgelere y\u00f6nelik mesajlar verdik. K\u0131br\u0131s T\u00fcrk\u00fcn\u00fcn hakl\u0131 davas\u0131n\u0131 bir kez daha \u00e7ok g\u00fc\u00e7l\u00fc bi\u00e7imde savunduk. Ada&#8217;da &#8216;iki ayr\u0131 devlet ve iki ayr\u0131 halk&#8217; oldu\u011fu ger\u00e7e\u011finden hareketle Kuzey K\u0131br\u0131s T\u00fcrk Cumhuriyeti&#8217;ni tan\u0131ma \u00e7a\u011fr\u0131m\u0131z\u0131 tekrarlad\u0131k. K\u00fcresel bir harekete d\u00f6n\u00fc\u015fen S\u0131f\u0131r At\u0131k Projemiz ile aile kurumuna y\u00f6nelik sald\u0131r\u0131lar\u0131 yine insanl\u0131\u011f\u0131n g\u00fcndemine ta\u015f\u0131d\u0131k. Hitab\u0131m\u0131z, T\u00fcrkiye&#8217;nin 360 derecelik bak\u0131\u015f a\u00e7\u0131s\u0131yla y\u00fcr\u00fctt\u00fc\u011f\u00fc, do\u011fuya ve bat\u0131ya ayn\u0131 anda bakan \u00e7ift ba\u015fl\u0131 Sel\u00e7uklu kartal\u0131ndan ilham\u0131n\u0131 alan d\u0131\u015f politikas\u0131n\u0131n adeta \u00f6z\u00fc, \u00f6zeti, \u00e7er\u00e7evesi niteli\u011findeydi&#8221; dedi.<\/p>\n\n\n\n<p>ABD Ba\u015fkan\u0131 Trump&#8217;\u0131n ve b\u00f6lge liderlerinin kat\u0131ld\u0131\u011f\u0131 Gazze konulu toplant\u0131n\u0131n son derece verimli ge\u00e7ti\u011fini s\u00f6zlerine ekleyen Cumhurba\u015fkan\u0131 Erdo\u011fan, &#8220;Toplant\u0131da Gazze&#8217;de akan kan\u0131 durdurmak i\u00e7in neler yapabiliriz, liderler olarak bunu masaya yat\u0131rd\u0131k. \u0130klim zirvesinde 2053 Net S\u0131f\u0131r Emisyon hedefimiz do\u011frultusunda devreye ald\u0131\u011f\u0131m\u0131z uygulama ve reformlardan bahsettik. Genel Kurul marj\u0131nda ayr\u0131ca aralar\u0131nda Suriye, Libya, Kuveyt, Endonezya, Fransa, Kanada ve Vietnam&#8217;\u0131n da oldu\u011fu bir\u00e7ok \u00fclkeden muhataplar\u0131m\u0131zla ikili g\u00f6r\u00fc\u015fmelerimiz oldu. Avrupa Birli\u011fi Komisyon Ba\u015fkan\u0131 ve Birle\u015fmi\u015f Milletler Genel Sekreteri de yine g\u00f6r\u00fc\u015ft\u00fc\u011f\u00fcm\u00fcz isimlerdendi&#8221; ifadelerini kulland\u0131.<\/p>\n\n\n\n<p>&#8220;Gerek ikili g\u00f6r\u00fc\u015fmelerimizde gerekse bu toplant\u0131larda \u015funa bir kez daha \u015fahitlik ettik: Yolsuzluk soru\u015fturmalar\u0131ndan dolay\u0131 iyice k\u00f6\u015feye s\u0131k\u0131\u015fan Netanyahu&#8217;nun s\u0131rf koltu\u011funu korumak u\u011fruna b\u00f6lgeyi, hatta d\u00fcnyay\u0131 ate\u015fe s\u00fcr\u00fckledi\u011fini art\u0131k hemen herkes kabul ediyor&#8221; diyen Cumhurba\u015fkan\u0131 Erdo\u011fan, &#8220;Ortada bir devlet akl\u0131n\u0131n de\u011fil, kandan ve kaostan beslenen bir katliam kadrosunun oldu\u011fu \u00e7ok net g\u00f6r\u00fcl\u00fcyor. Bir avu\u00e7 \u00fclke d\u0131\u015f\u0131nda hemen hi\u00e7 kimse \u0130srail&#8217;le ve Netanyahu h\u00fck\u00fcmetiyle yanyana gelmek, foto\u011fraf vermek istemiyor. 80&#8217;inci Birle\u015fmi\u015f Milletler Genel Kurulu bunun bir nevi turnusol\u00fc oldu. Genel Kurul&#8217;da Birle\u015fik Krall\u0131k ve Fransa&#8217;n\u0131n i\u00e7inde yer ald\u0131\u011f\u0131 10 Bat\u0131l\u0131 \u00fclke daha Filistin&#8217;i tan\u0131d\u0131klar\u0131n\u0131 a\u00e7\u0131klad\u0131. Her ne kadar gecikmi\u015f de olsa G\u00fcvenlik Konseyi \u00fcyesi iki \u00fclkenin Filistin devletini tan\u0131mas\u0131 fevkalade \u00f6nemlidir&#8221; de\u011ferlendirmesini yapt\u0131.<br>Filistin&#8217;i tan\u0131yan \u00fclke say\u0131s\u0131n\u0131n 158&#8217;i a\u015fmas\u0131ndan bu m\u00fccadelenin adeta \u00f6nc\u00fcl\u00fc\u011f\u00fcn\u00fc \u00fcstlenen bir \u00fclke olarak b\u00fcy\u00fck memnuniyet duyduklar\u0131n\u0131 kaydeden Cumhurba\u015fkan\u0131 Erdo\u011fan, &#8220;Tan\u0131ma, ilk ad\u0131m olarak elbette takdire \u015fayand\u0131r. Bundan sonra yap\u0131lmas\u0131 gereken ise tan\u0131man\u0131n hakk\u0131n\u0131 vermektir. Bunun yolu da 1967 s\u0131n\u0131rlar\u0131 temelinde ba\u015fkenti Do\u011fu Kud\u00fcs olan ba\u011f\u0131ms\u0131z Filistin Devleti&#8217;nin v\u00fccut bulmas\u0131 i\u00e7in \u00e7aba harcamaktan ge\u00e7iyor. Di\u011fer t\u00fcrl\u00fc, at\u0131lan ad\u0131m eksik kalacakt\u0131r. \u0130srail&#8217;in t\u00fcm gayreti de zaten bunun i\u00e7indir. Bat\u0131 \u015eeria&#8217;y\u0131 ilhak etme ve Gazze&#8217;yi insans\u0131zla\u015ft\u0131rma politikalar\u0131n\u0131n arka plan\u0131nda \u00f6zg\u00fcr Filistin Devleti ihtimalini tamamen yok etme niyeti vard\u0131r. Bunun da maksad\u0131 &#8216;B\u00fcy\u00fck \u0130srail&#8217; projesini hayata ge\u00e7irmektir&#8221; ifadelerini kulland\u0131.<\/p>\n\n\n\n<p>Cumhurba\u015fkan\u0131 Erdo\u011fan, T\u00fcrkiye\u2018nin \u015fu an her iki projenin de kar\u015f\u0131s\u0131ndaki en b\u00fcy\u00fck engellerden biri oldu\u011funun alt\u0131n\u0131 \u00e7izdi. Erdo\u011fan, &#8220;\u00dclkemizin ve \u015fahs\u0131m\u0131z\u0131n son d\u00f6nemde hedefe konulmas\u0131n\u0131n esas sebebi, kararl\u0131 duru\u015fumuzu \u00e7ok net ortaya koymam\u0131zd\u0131r. Ne k\u00fcresel siyonist lobinin bask\u0131lar\u0131na eyvallah ediyoruz ne de onlar\u0131n i\u00e7imizdeki tetik\u00e7ilerinin karalama kampanyalar\u0131na boyun e\u011fiyoruz. Topraklar\u0131n\u0131, \u00f6zg\u00fcrl\u00fcklerini ve onurlar\u0131n\u0131 savunan Filistin halk\u0131n\u0131n yan\u0131nda dimdik duruyoruz&#8221; a\u00e7\u0131klamas\u0131nda bulundu.<br><br><strong>&#8220;Muhalefetin ge\u00e7irdi\u011fi histeri n\u00f6betleri kar\u015f\u0131s\u0131nda bizim tavr\u0131m\u0131z y\u0131llardan beri hi\u00e7 de\u011fi\u015fmemi\u015ftir&#8221;<\/strong><\/p>\n\n\n\n<p>T\u00fcrkiye&#8217;nin bug\u00fcn \u00f6zg\u00fcrl\u00fck i\u00e7in adalet i\u00e7in m\u00fccadele eden mazlumlar\u0131n yan\u0131nda oldu\u011funu dost-d\u00fc\u015fman herkesin \u00e7ok iyi bilmekte oldu\u011funu dile getiren Erdo\u011fan, muhalefete tepki g\u00f6stererek, &#8220;Bunu bilmeyen, bilse bile kabullenemeyen bir tek ana muhalefettir. Daha d\u00fcne kadar Ortado\u011fu&#8217;ya bak\u0131nca sadece batakl\u0131k g\u00f6renlerin, Gazze&#8217;nin kahraman evlatlar\u0131na ter\u00f6rist iftiras\u0131 atanlar\u0131n, &#8216;Bize ne Gazze&#8217;den, bize ne Suriye&#8217;den, Libya&#8217;dan, Somali&#8217;den&#8217; diyen vicdans\u0131zlar\u0131n, bug\u00fcn \u00e7\u0131k\u0131p bizi ele\u015ftirmesinin zerre kadar k\u0131ymeti yoktur. Bunlar d\u00fcn de g\u00f6n\u00fcl co\u011frafyam\u0131za yabanc\u0131yd\u0131, bug\u00fcn de d\u00fcnyada ne olup bitti\u011finden habersizler. Bunlar d\u00fcn de vizyonsuzdu, ufuksuzdu, kifayetsizdi, \u00fclkemizin ba\u015far\u0131lar\u0131n\u0131 \u00e7ekemiyorlard\u0131; bug\u00fcn de haset \u00e7ukurunda debelenip duruyorlar. H\u00fck\u00fcmetimizin uygulad\u0131\u011f\u0131 vicdanl\u0131, ilkeli, itibarl\u0131, cesur ve \u00e7ok boyutlu d\u0131\u015f politikay\u0131 bir t\u00fcrl\u00fc kavrayam\u0131yorlar. B\u00f6yle giderse hi\u00e7 anlamayacaklar. Ne diyelim? Yaz\u0131k, ger\u00e7ekten \u00e7ok yaz\u0131k. Muhalefetin ge\u00e7irdi\u011fi histeri n\u00f6betleri kar\u015f\u0131s\u0131nda bizim tavr\u0131m\u0131z y\u0131llardan beri hi\u00e7 de\u011fi\u015fmemi\u015ftir&#8221; dedi.<\/p>\n\n\n\n<p>86 milyonun emanetini ta\u015f\u0131d\u0131klar\u0131n\u0131, y\u00fcklerinin de, vazifelerinin de \u00e7ok a\u011f\u0131r oldu\u011funu s\u00f6zlerine ekleyen Cumhurba\u015fkan\u0131 Erdo\u011fan, &#8220;Nefesimizi bo\u015f i\u015flerle, bo\u015f tart\u0131\u015fmalarla, bo\u015f siyaset\u00e7ilerle heba edemeyiz. K\u00fc\u00e7\u00fck d\u00fc\u015f\u00fcnen, d\u0131\u015f politikaya s\u0131\u011f bakan, yolsuzluklar\u0131na destek\u00e7i bulmak i\u00e7in Bat\u0131l\u0131 patronlar\u0131na &#8216;sizin \u00e7\u0131kar\u0131n\u0131z\u0131 en iyi biz koruruz&#8217; diye yalvaran zavall\u0131lar\u0131 kale almad\u0131k, bug\u00fcn de onlar\u0131 ademe mahkum ediyoruz. Vars\u0131n g\u00f6z\u00fcn\u00fc kin ve nefret kaplam\u0131\u015f muhterisler idrakinde olmas\u0131n. Bize Filistinli mazlumlar\u0131n duas\u0131 yeter, bize Gazzeli masumlar\u0131n duas\u0131 yeter. Filistin halk\u0131n\u0131n ve milletimizin hay\u0131r duas\u0131na mazhar olabiliyorsak, onlar\u0131n takdirini alabiliyorsak ne mutlu bize. Gerisi bo\u015ftur, laf-\u00fc g\u00fczaft\u0131r. Rabbim bizi \u00f6mr\u00fcm\u00fcz\u00fc adad\u0131\u011f\u0131m\u0131z Filistin davas\u0131n\u0131 hakk\u0131yla savunmaktan geri koymas\u0131n diyorum&#8221; ifadelerini kulland\u0131.<br><br><strong>&#8220;25 Eyl\u00fcl&#8217;de Beyaz Saray&#8217;da Say\u0131n Trump ve heyetiyle kapsaml\u0131, verimli, i\u00e7erikli bir g\u00f6r\u00fc\u015fmemiz oldu&#8221;<\/strong><\/p>\n\n\n\n<p>New York&#8217;taki yo\u011fun temaslar\u0131n\u0131n ard\u0131ndan ABD Ba\u015fkan\u0131 Trump&#8217;\u0131n davetine icabetle Washington&#8217;a bir ziyaret ger\u00e7ekle\u015ftirdiklerini hat\u0131rlatan Cumhurba\u015fkan\u0131 Erdo\u011fan, &#8220;25 Eyl\u00fcl&#8217;de Beyaz Saray&#8217;da Say\u0131n Trump ve heyetiyle kapsaml\u0131, verimli, i\u00e7erikli bir g\u00f6r\u00fc\u015fmemiz oldu. \u0130kili ticaret, yat\u0131r\u0131m, enerji, savunma sanayii konular\u0131 ba\u015fta olmak \u00fczere bir\u00e7ok hususu kendisiyle dostane bir ortamda ele ald\u0131k. Say\u0131n Trump&#8217;\u0131n ilk d\u00f6neminde beraber belirledi\u011fimiz 100 milyar dolarl\u0131k ticaret hedefine ula\u015fmak i\u00e7in at\u0131lacak ad\u0131mlar\u0131 isti\u015fare ettik. Gazze mezalimi, \u0130srail&#8217;in artan sald\u0131rganl\u0131\u011f\u0131, Rusya-Ukrayna sava\u015f\u0131 ve b\u00f6lgemizdeki geli\u015fmeler, g\u00fcndemimizin \u00fcst s\u0131ras\u0131ndayd\u0131. Suriye&#8217;deki istikrar\u0131n muhafazas\u0131 ve Ortado\u011fu&#8217;da bar\u0131\u015f ortam\u0131n\u0131n egemen k\u0131l\u0131nmas\u0131na y\u00f6nelik hususlar\u0131 da ayr\u0131nt\u0131l\u0131 bir \u015fekilde de\u011ferlendirdik. Bir defa \u015funu alt\u0131n\u0131 \u00e7izerek \u00f6zellikle belirtmek isterim: Siyaset\u00e7isiyle, gazetecisiyle, yorumcusuyla muhalefetin tam bir cinnet halinde Amerika ziyaretimizi k\u00f6t\u00fclemeye \u00e7al\u0131\u015fmas\u0131n\u0131n tek nedeni ziyaretin &#8216;fevkaladenin fevkinde ba\u015far\u0131l\u0131&#8217; ge\u00e7mesidir. Onlar ba\u015fka \u015feyler bekliyorlard\u0131, ama hevesleri kursaklar\u0131nda kald\u0131. Hayal k\u0131r\u0131kl\u0131\u011f\u0131na u\u011frad\u0131lar, \u015fimdi bunun \u00f6fkesiyle sa\u011fa sola sald\u0131r\u0131yorlar. Ama ne yapsalar beyhude. G\u00fcne\u015fi bal\u00e7\u0131kla kapatamazlar; hakikatlerin \u00fczerini yalanlarla \u00f6rtemezler. Bizim temel prensibimiz T\u00fcrkiye&#8217;nin menfaatlerini her zeminde en g\u00fc\u00e7l\u00fc \u015fekilde savunmaktad\u0131r&#8221; ifadelerini kulland\u0131.<\/p>\n\n\n\n<p>&#8220;Milletimizin k\u0131sa, orta, uzun vadeli \u00e7\u0131karlar\u0131 neyi gerektiriyorsa, biz 23 y\u0131ld\u0131r hep onu yapt\u0131k; yar\u0131n da ayn\u0131s\u0131n\u0131 yapaca\u011f\u0131z&#8221; diyen Erdo\u011fan, &#8220;\u015eayet biz muhalefetin ne dedi\u011fine baksayd\u0131k T\u00fcrkiye sahip oldu\u011fu altyap\u0131 ve \u00fcstyap\u0131 yat\u0131r\u0131mlar\u0131n\u0131n hi\u00e7birine bug\u00fcn sahip olamazd\u0131. Ne Marmaray olurdu, ne \u0130stanbul Havaliman\u0131 olurdu, ne TOGG olurdu, ne h\u0131zl\u0131 trenler olurdu, ne 785 milyar metrek\u00fcpl\u00fck Karadeniz gaz\u0131n\u0131n ne de Gabar&#8217;daki petrol rezervlerinin ke\u015ffi m\u00fcmk\u00fcn olurdu. Biz, d\u0131\u015f politikadan ula\u015ft\u0131rmaya, enerjiden savunma sanayiine, turizmden sa\u011fl\u0131\u011fa her hamlemizi m\u00fczmin muhalefete ra\u011fmen ba\u015fard\u0131k. Bunlar\u0131n \u00fclkenin ve milletin hayr\u0131na bir c\u00fcmle kurmas\u0131 ontolojik olarak m\u00fcmk\u00fcn de\u011fildir, biz de b\u00f6yle bir beklenti i\u00e7inde de\u011filiz&#8221; \u015feklinde konu\u015ftu.<br><br><strong>&#8220;(ABD ile) Do\u011falgaz ve n\u00fckleer enerjiye dair imzalanan mutabakat, bu y\u00f6nde at\u0131lm\u0131\u015f \u00e7ok stratejik bir ad\u0131m olmu\u015ftur&#8221;<\/strong><\/p>\n\n\n\n<p>T\u00fcrkiye ekonomisi b\u00fcy\u00fcd\u00fck\u00e7e, y\u0131ll\u0131k enerji talebinin de artmakta oldu\u011funa dikkat \u00e7eken Cumhurba\u015fkan\u0131 Erdo\u011fan, &#8220;Enerji sepetimizi geni\u015fletme \u00e7al\u0131\u015fmalar\u0131m\u0131z\u0131 aral\u0131ks\u0131z s\u00fcrd\u00fcr\u00fcyoruz. Bir taraftan arama ve sondaj faaliyetlerimizle kendi yer alt\u0131 kaynaklar\u0131m\u0131z\u0131 ortaya \u00e7\u0131kar\u0131rken, di\u011fer taraftan kaynak \u00e7e\u015fitlendirmesine gidiyoruz. Tek bir gayemiz vard\u0131r; o da T\u00fcrkiye&#8217;nin artan enerji talebinin kesintisiz, sorunsuz ve g\u00fcvenilir bir \u015fekilde kar\u015f\u0131lanmas\u0131d\u0131r. Rusya-Ukrayna sava\u015f\u0131n\u0131n ilk d\u00f6neminde Avrupa&#8217;n\u0131n ya\u015fad\u0131\u011f\u0131 s\u0131k\u0131nt\u0131lar, bu politikam\u0131z\u0131n ne kadar isabetli oldu\u011funu g\u00f6stermi\u015ftir. \u0130mzalad\u0131\u011f\u0131m\u0131z s\u00f6zle\u015fmeler sayesinde hem sanayide \u00e7arklar\u0131n d\u00f6nmesini hem de vatanda\u015flar\u0131m\u0131z\u0131n k\u0131\u015f\u0131 rahat ge\u00e7irmesini sa\u011flad\u0131k. Di\u011fer tedarik\u00e7i \u00fclkeler gibi Amerika&#8217;y\u0131 da \u00f6nemli bir ortak olarak g\u00f6r\u00fcyoruz. Do\u011falgaz ve n\u00fckleer enerjiye dair imzalanan mutabakat, bu y\u00f6nde at\u0131lm\u0131\u015f \u00e7ok stratejik bir ad\u0131m olmu\u015ftur&#8221; de\u011ferlendirmesini yapt\u0131.<br><br><br>T\u00fcrkiye&#8217;nin hava yolu ta\u015f\u0131mac\u0131l\u0131\u011f\u0131nda son y\u0131llarda katetti\u011fi b\u00fcy\u00fck mesafenin herkesin takdirini toplamakta oldu\u011funu vurgulayan Cumhurba\u015fkan\u0131 Erdo\u011fan, &#8220;\u015eu rakamlara, ekranlar\u0131 ba\u015f\u0131nda bizi izleyen vatanda\u015flar\u0131m\u0131z\u0131n dikkat etmesini \u00f6zellikle rica ediyorum. 2002 y\u0131l\u0131nda 10,4 milyon yolcuya hizmet veren T\u00fcrk Hava Yollar\u0131&#8217;n\u0131n filosu sadece 65 u\u00e7aktan, u\u00e7u\u015f a\u011f\u0131 ise 103 destinasyondan olu\u015fuyordu. 2024 sonu itibar\u0131yla y\u0131ll\u0131k yolcu say\u0131s\u0131 85 milyona ula\u015f\u0131rken, filo b\u00fcy\u00fckl\u00fc\u011f\u00fc 470&#8217;in \u00fczerine \u00e7\u0131km\u0131\u015f, u\u00e7u\u015f a\u011f\u0131 ise 350 destinasyona y\u00fckselmi\u015ftir. B\u00f6ylece yolcu say\u0131s\u0131nda 8 kattan fazla, u\u00e7ak say\u0131s\u0131nda 7 kata yak\u0131n, u\u00e7u\u015f noktas\u0131nda ise 3 kat\u0131 a\u015fan bir art\u0131\u015f ya\u015fanm\u0131\u015ft\u0131r. \u015eirketimizin 2025 hedefi ise 90 milyonun \u00fczerinde yolcu ta\u015f\u0131makt\u0131r. Filoya 2006&#8217;ta 100&#8217;\u00fcnc\u00fc, 2012&#8217;de 200&#8217;\u00fcnc\u00fc, 2016&#8217;ta 300&#8217;\u00fcnc\u00fc, 2023 y\u0131l\u0131nda 400&#8217;\u00fcnc\u00fc u\u00e7ak kat\u0131lm\u0131\u015ft\u0131r. 500&#8217;\u00fcnc\u00fc u\u00e7ak da \u00f6n\u00fcm\u00fczdeki aylarda filoya dahil olacakt\u0131r. \u015eirketimizin y\u00fcz\u00fcnc\u00fc y\u0131l\u0131n\u0131 kutlayaca\u011f\u0131 2033 y\u0131l\u0131 filo hedefi ise 813 u\u00e7akt\u0131r. Gerek Airbas&#8217;a 2023&#8217;te verilen 335 u\u00e7ak sipari\u015fi, gerekse Eyl\u00fcl 2025&#8217;te Boeing firmas\u0131na verilen 225 u\u00e7akl\u0131k sipari\u015fi buna y\u00f6nelik haz\u0131rl\u0131klard\u0131r&#8221; ifadelerini kulland\u0131.<br>Cumhurba\u015fkan\u0131 Erdo\u011fan, muhalefetin a\u00e7\u0131klamalar\u0131na tepki g\u00f6stererek, &#8220;U\u00e7ak almak, muhalefetin sand\u0131\u011f\u0131 gibi bakkaldan s\u00fct almaya benzemez. \u0130htiyac\u0131n\u0131z\u0131 belirleyecek, planlamas\u0131n\u0131 yapacak; sonra g\u00f6r\u00fc\u015fecek, pazarl\u0131k edecek ve neticede uzun m\u00fczakereler sonunda anla\u015fmaya varacaks\u0131n\u0131z. Ayn\u0131 yakla\u015f\u0131m, \u00f6zel havac\u0131l\u0131k \u015firketlerimiz i\u00e7in de ge\u00e7erlidir. Yani ortada ana muhalefetin sa\u00e7mal\u0131klar\u0131ndan \u00f6te T\u00fcrk havac\u0131l\u0131\u011f\u0131n\u0131 daha da g\u00fc\u00e7lendirmeyi ama\u00e7layan uzun vadeli bir vizyon bulunuyor. Tabii r\u00fc\u015fvetsiz selam dahi almayanlar\u0131n bunu anlamas\u0131n\u0131 beklemiyoruz. G\u0131rtlaklar\u0131na kadar yolsuzlu\u011fa batanlara tavsiyemiz, ak\u0131llar\u0131n\u0131n ermedi\u011fi konularda b\u00fcy\u00fck laf etmesinler; bizi de l\u00fctfen kendileriyle kar\u0131\u015ft\u0131rmas\u0131nlar. Ana muhalefetin ba\u015f\u0131ndaki zat\u0131n g\u00f6revi \u00f6n\u00fcne gelene \u00e7amur atmak de\u011fil; \u015fayet y\u00fcre\u011fi yetiyorsa genel merkezinin 13&#8217;\u00fcnc\u00fc kat\u0131na kadar ula\u015ft\u0131\u011f\u0131 s\u00f6ylenen r\u00fc\u015fvet \u00e7amurunu temizlemektir. Bunun d\u0131\u015f\u0131nda yapt\u0131\u011f\u0131 her i\u015f bo\u015ftur, havanda su d\u00f6vmekten ibarettir. Say\u0131n Trump&#8217;la yapt\u0131\u011f\u0131m\u0131z g\u00f6r\u00fc\u015fmenin olumlu sonu\u00e7lar\u0131n\u0131 \u00f6n\u00fcm\u00fczdeki d\u00f6nemde hep beraber g\u00f6rece\u011fimize inan\u0131yorum&#8221; a\u00e7\u0131klamas\u0131n\u0131 yapt\u0131.<br><br><strong>&#8220;\u00c7evre Bakanl\u0131\u011f\u0131m\u0131z eliyle 81 ilimizin tamam\u0131nda 500 bin sosyal konut in\u015fa etmek i\u00e7in d\u00fc\u011fmeye bas\u0131yoruz&#8221;<\/strong><\/p>\n\n\n\n<p>Daha \u00f6nceki kabine toplant\u0131s\u0131nda yasad\u0131\u015f\u0131 sanal bahis, \u015fans oyunlar\u0131 ve kumarla m\u00fccadele kararl\u0131l\u0131\u011f\u0131n\u0131 ifade ettiklerini hat\u0131rlatan Cumhurba\u015fkan\u0131 Erdo\u011fan, s\u00f6zlerini \u015f\u00f6yle s\u00fcrd\u00fcrd\u00fc:<br>&#8220;\u0130nternetin ve ak\u0131ll\u0131 cep telefonlar\u0131n\u0131n g\u00fcnl\u00fck hayat\u0131m\u0131z\u0131n vazge\u00e7ilmezleri haline gelmesiyle sanal kumar ve bahis sorunu da b\u00fcy\u00fcmeye ba\u015flad\u0131. G\u00fcvenlik birimlerimiz, yarg\u0131 te\u015fkilat\u0131m\u0131z ve MASAK&#8217;\u0131m\u0131z bu konuyu bir s\u00fcredir zaten mercek alt\u0131na alm\u0131\u015ft\u0131. \u00c7ok say\u0131da insan\u0131m\u0131z\u0131 pen\u00e7esine d\u00fc\u015f\u00fcren, nice oca\u011f\u0131 s\u00f6nd\u00fcren bu bela daha da \u00e7etrefille\u015fmeden k\u00f6k\u00fcn\u00fcn kurutulmas\u0131 gerekti\u011finin bilincindeyiz. Bug\u00fcnk\u00fc kabine toplant\u0131m\u0131zda Cumhurba\u015fkan\u0131 Yard\u0131mc\u0131m\u0131z Cevdet Y\u0131lmaz&#8217;\u0131n riyasetinde haz\u0131rlanan kapsaml\u0131 eylem plan\u0131n\u0131 g\u00f6zden ge\u00e7irdik. Dijital alemin kontrols\u00fczl\u00fc\u011f\u00fc i\u015fimizi zorla\u015ft\u0131rsa da, sanal kumar ve bahis meselesinin \u00fczerine t\u00fcm kapasitemizle gidece\u011fiz. Siyaset \u00fcst\u00fc bir konu olarak g\u00f6rd\u00fc\u011f\u00fcm\u00fcz bu meselede herkesin, toplumun t\u00fcm kesimlerinin deste\u011fini bekliyoruz. Bir di\u011fer g\u00fcndem maddemiz sosyal konut projesiydi. \u00c7evre Bakanl\u0131\u011f\u0131m\u0131z eliyle 81 ilimizin tamam\u0131nda 500 bin sosyal konut in\u015fa etmek i\u00e7in d\u00fc\u011fmeye bas\u0131yoruz. Bu projemizde de \u015fehit ve gazilerimize, emeklilerimize, gen\u00e7lerimize, \u00fc\u00e7 \u00e7ocu\u011fu olan ailelerimize \u00f6zel bir kontenjan ay\u0131raca\u011f\u0131z&#8221; ifadelerini kulland\u0131.<br><br><strong>&#8220;Bin hakim-savc\u0131 yard\u0131mc\u0131s\u0131 al\u0131m s\u00fcrecini ba\u015flat\u0131yoruz&#8221;<\/strong><\/p>\n\n\n\n<p>\u0130lk kez kiral\u0131k konut uygulamas\u0131n\u0131 TOK\u0130 eliyle hayata ge\u00e7ireceklerini bildiren Erdo\u011fan, &#8220;Sosyal konutlar\u0131m\u0131z\u0131n bir k\u0131sm\u0131n\u0131 vatanda\u015flar\u0131m\u0131za uygun \u015fartlarla kiralayacak, dar gelirli ailelerimizi in\u015fallah rahatlataca\u011f\u0131z. 500 bin sosyal konut projemizle vatanda\u015flar\u0131m\u0131z\u0131n konuta ula\u015f\u0131m\u0131n\u0131 \u00e7ok daha uygun maliyetlerle kolayla\u015ft\u0131rm\u0131\u015f olaca\u011f\u0131z. Projemizin detaylar\u0131n\u0131 \u00f6n\u00fcm\u00fczdeki g\u00fcnlerde yapaca\u011f\u0131m\u0131z 500 bin sosyal konut tan\u0131t\u0131m program\u0131nda milletimizle payla\u015faca\u011f\u0131z. \u015eimdiden hay\u0131rl\u0131 u\u011furlu olsun diyorum. 2025 y\u0131l\u0131 i\u00e7in Sa\u011fl\u0131k Bakanl\u0131\u011f\u0131m\u0131za 37 bin yeni personel tahsis etmi\u015f, 19 binin personelin al\u0131m\u0131n\u0131 ger\u00e7ekle\u015ftirmi\u015ftik. \u015eimdi 18 bin personel i\u00e7in daha ilana \u00e7\u0131k\u0131yoruz. Adalet hizmetlerinin iyile\u015ftirilmesi amac\u0131yla farkl\u0131 kategorilerde 20 bin personel al\u0131m s\u00fcrecini ge\u00e7ti\u011fimiz g\u00fcnlerde ba\u015flatm\u0131\u015ft\u0131k. \u015eimdi de bin hakim-savc\u0131 yard\u0131mc\u0131s\u0131 al\u0131m s\u00fcrecini ba\u015flat\u0131yoruz&#8221; a\u00e7\u0131klamas\u0131n\u0131 yapt\u0131.<\/p>\n\n\n\n<p>Kaynak: \u0130HA<\/p>\n\n\n\n<p><\/p>\n","protected":false},"excerpt":{"rendered":"<p>Cumhurba\u015fkan\u0131 Recep Tayyip Erdo\u011fan, &#8220;\u00c7evre Bakanl\u0131\u011f\u0131m\u0131z eliyle 81 ilimizin tamam\u0131nda 500 bin sosyal konut in\u015fa etmek i\u00e7in d\u00fc\u011fmeye bas\u0131yoruz&#8221; dedi. Cumhurba\u015fkan\u0131 Recep Tayyip Erdo\u011fan, Cumhurba\u015fkanl\u0131\u011f\u0131 Kabine Toplant\u0131s\u0131 sonras\u0131 a\u00e7\u0131klamalarda bulundu. Konu\u015fmas\u0131n\u0131n ba\u015f\u0131nda T\u00fcrk edebiyat\u0131n\u0131n usta kalemlerinden Cumhurba\u015fkanl\u0131\u011f\u0131 K\u00fclt\u00fcr ve Sanat B\u00fcy\u00fck \u00d6d\u00fcl\u00fc sahibi, \u015fair, yazar, m\u00fctefekkir Yavuz B\u00fclent Bakiler i\u00e7in rahmet dile\u011finde bulunan Cumhurba\u015fkan\u0131 Erdo\u011fan, [&hellip;]<\/p>\n","protected":false},"author":1,"featured_media":4636,"comment_status":"open","ping_status":"open","sticky":false,"template":"","format":"standard","meta":{"footnotes":""},"categories":[1,11],"tags":[1196,846,1179,712],"class_list":["post-4635","post","type-post","status-publish","format-standard","has-post-thumbnail","hentry","category-gundem","category-manset","tag-500-bin-sosyal-konut","tag-cumhurbaskani-erdogan","tag-iskur","tag-trabzon-manset"],"_links":{"self":[{"href":"https:\/\/www.trabzonmanset.com\/index.php\/wp-json\/wp\/v2\/posts\/4635","targetHints":{"allow":["GET"]}}],"collection":[{"href":"https:\/\/www.trabzonmanset.com\/index.php\/wp-json\/wp\/v2\/posts"}],"about":[{"href":"https:\/\/www.trabzonmanset.com\/index.php\/wp-json\/wp\/v2\/types\/post"}],"author":[{"embeddable":true,"href":"https:\/\/www.trabzonmanset.com\/index.php\/wp-json\/wp\/v2\/users\/1"}],"replies":[{"embeddable":true,"href":"https:\/\/www.trabzonmanset.com\/index.php\/wp-json\/wp\/v2\/comments?post=4635"}],"version-history":[{"count":1,"href":"https:\/\/www.trabzonmanset.com\/index.php\/wp-json\/wp\/v2\/posts\/4635\/revisions"}],"predecessor-version":[{"id":4638,"href":"https:\/\/www.trabzonmanset.com\/index.php\/wp-json\/wp\/v2\/posts\/4635\/revisions\/4638"}],"wp:featuredmedia":[{"embeddable":true,"href":"https:\/\/www.trabzonmanset.com\/index.php\/wp-json\/wp\/v2\/media\/4636"}],"wp:attachment":[{"href":"https:\/\/www.trabzonmanset.com\/index.php\/wp-json\/wp\/v2\/media?parent=4635"}],"wp:term":[{"taxonomy":"category","embeddable":true,"href":"https:\/\/www.trabzonmanset.com\/index.php\/wp-json\/wp\/v2\/categories?post=4635"},{"taxonomy":"post_tag","embeddable":true,"href":"https:\/\/www.trabzonmanset.com\/index.php\/wp-json\/wp\/v2\/tags?post=4635"}],"curies":[{"name":"wp","href":"https:\/\/api.w.org\/{rel}","templated":true}]}}