{"id":4625,"date":"2025-09-29T21:20:00","date_gmt":"2025-09-29T18:20:00","guid":{"rendered":"https:\/\/www.trabzonmanset.com\/?p=4625"},"modified":"2025-09-29T22:18:18","modified_gmt":"2025-09-29T19:18:18","slug":"cumhurbaskani-erdogan-amerika-ziyaretimiz-fevkaladenin-fevkinde-basarili-gecti","status":"publish","type":"post","link":"https:\/\/www.trabzonmanset.com\/index.php\/2025\/09\/29\/cumhurbaskani-erdogan-amerika-ziyaretimiz-fevkaladenin-fevkinde-basarili-gecti\/","title":{"rendered":"Cumhurba\u015fkan\u0131 Erdo\u011fan: Amerika ziyaretimiz fevkaladenin fevkinde ba\u015far\u0131l\u0131 ge\u00e7ti"},"content":{"rendered":"\n<p>Cumhurba\u015fkan\u0131 Recep Tayyip Erdo\u011fan, &#8220;Siyaset\u00e7isiyle, gazetecisiyle, yorumcusuyla muhalefetin tam bir cinnet halinde Amerika ziyaretimizi k\u00f6t\u00fclemeye \u00e7al\u0131\u015fmas\u0131n\u0131n tek nedeni ziyaretin fevkaladenin fevkinde ba\u015far\u0131l\u0131 ge\u00e7mi\u015f olmas\u0131d\u0131r. Onlar ba\u015fka \u015feyler bekliyorlard\u0131 ama hevesleri kursaklar\u0131nda kald\u0131, hayal k\u0131r\u0131kl\u0131\u011f\u0131na u\u011frad\u0131lar. \u015eimdi bunun \u00f6fkesiyle sa\u011fa sola sald\u0131r\u0131yorlar ama ne yapsalar beyhude, g\u00fcne\u015fi bal\u00e7\u0131kla kapatamazlar. Hakikatlerin \u00fczerini yalanlarla \u00f6rtemezler. Bizim temel prensibimiz T\u00fcrkiye&#8217;nin menfaatlerini her zeminde en g\u00fc\u00e7l\u00fc \u015fekilde savunmakt\u0131r&#8221; dedi.<\/p>\n\n\n\n<p>Cumhurba\u015fkan\u0131 Recep Tayyip Erdo\u011fan, Kabine Toplant\u0131s\u0131&#8217;n\u0131n ard\u0131ndan bas\u0131n toplant\u0131s\u0131 d\u00fczenledi. Erdo\u011fan, TEKNOFEST 2025&#8217;in 13&#8217;\u00fcnc\u00fc 17-21 Eyl\u00fcl tarihleri aras\u0131nda \u0130stanbul Atat\u00fcrk Havaliman\u0131nda d\u00fczenlendi\u011fini hat\u0131rlatarak, &#8220;19 Eyl\u00fcl Cuma g\u00fcn\u00fc &#8216;TEKNOFEST 2025&#8217;i ziyaret ederek gen\u00e7lerimizin co\u015fkusuna ortak olduk. Eserleriyle, fikirleriyle, projeleriyle T\u00fcrkiye&#8217;nin istikbal projesine e\u015flik eden gen\u00e7 arkada\u015flar\u0131m\u0131n tamam\u0131n\u0131 ayr\u0131 ayr\u0131 tebrik ediyorum. TEKNOFEST nesli, tepki miras\u0131n\u0131 t\u0131pk\u0131 miras olarak olgunlu\u011fa \u00e7evirecek; Alparslanlar, Fatihler, Yavuzlar, Kanuniler gibi in\u015fallah tarih yazacak, tarihi de\u011fi\u015ftirecek. <\/p>\n\n\n\n<p>Biz de bu gen\u00e7li\u011fin hayallerine ula\u015fmas\u0131n\u0131 kolayla\u015ft\u0131rmak i\u00e7in \u00fczerimize ne d\u00fc\u015f\u00fcyorsa ziyadesiyle yap\u0131yoruz ve yapaca\u011f\u0131z. \u00d6rne\u011fin bu y\u0131lba\u015f\u0131nda \u00fcniversite \u00f6\u011frencilerine y\u00f6nelik geli\u015ftirilen \u0130\u015f- Kur gen\u00e7lik program\u0131m\u0131zdan ge\u00e7en d\u00f6nem 100 bin \u00f6\u011frencimiz faydaland\u0131. Bu d\u00f6nemki kontenjan\u0131m\u0131z\u0131 yine 100 bin olarak ilan etmi\u015ftik ancak gen\u00e7lerimizin programa yo\u011fun tevecc\u00fch\u00fc dolay\u0131s\u0131yla bug\u00fcnk\u00fc kabine toplant\u0131m\u0131zda kontenjan\u0131 150 bine \u00e7\u0131karmay\u0131 kararla\u015ft\u0131rd\u0131k. \u0130n\u015fallah 2028 y\u0131l\u0131 sonuna kadar toplam 1 milyon \u00f6\u011frencimizi \u0130\u015f-Kur Gen\u00e7lik Program\u0131ndan faydaland\u0131rmay\u0131 hedefliyoruz&#8221; ifadelerini kulland\u0131.<\/p>\n\n\n\n<p><strong>&#8216;GENEL KURULA F\u0130L\u0130ST\u0130N DAVASI DAMGASINI VURMU\u015eTUR&#8217;<\/strong><\/p>\n\n\n\n<p>Erdo\u011fan, 80&#8217;inci Birle\u015fmi\u015f Milletler (BM) Genel Kurulu&#8217;na g\u00fc\u00e7l\u00fc bir heyetle i\u015ftirak ettiklerini belirtti ve ziyareti en verimli \u015fekilde de\u011ferlendirdiklerini s\u00f6yledi. Erdo\u011fan, &#8220;T\u00fcrk-Amerikan toplumunun \u00f6nc\u00fc isimlerinden Amerikan i\u015f \u00e7evrelerine, d\u00fc\u015f\u00fcnce kurulu\u015flar\u0131ndan uluslararas\u0131 yat\u0131r\u0131mc\u0131lara kadar pek \u00e7ok kesimle bir araya geldik. Bu toplant\u0131larda \u00f6zellikle T\u00fcrkiye&#8217;nin sundu\u011fu yat\u0131r\u0131m ve ticaret f\u0131rsatlar\u0131n\u0131 misafirlerimize anlatt\u0131k. <\/p>\n\n\n\n<p>Birle\u015fmi\u015f Milletler&#8217;in tam kar\u015f\u0131s\u0131ndaki T\u00fcrk Evi, diplomasinin kalbinin att\u0131\u011f\u0131 bir merkez olarak yine g\u00f6z doldu. Bir di\u011fer dikkat \u00e7ekici husus \u015fudur; \u0130srail&#8217;in engelleme \u00e7abalar\u0131na ra\u011fmen 80&#8217;inci Genel Kurul\u2019a Filistin davas\u0131 damgas\u0131n\u0131 vurmu\u015ftur. 22 Eyl\u00fcl pazartesi g\u00fcn\u00fc Fransa ve Suudi Arabistan e\u015f ba\u015fkanl\u0131\u011f\u0131nda d\u00fczenlenen, &#8216;\u0130ki Devletli \u00c7\u00f6z\u00fcm Konferans\u0131na&#8217; ilgi olduk\u00e7a yo\u011fundu. Konferansa kat\u0131larak \u00fclkemizin duru\u015funu \u00e7ok net bi\u00e7imde kayda ge\u00e7irdik. Ertesi g\u00fcn ba\u015fbakanl\u0131k d\u00f6nemim dahil 13&#8217;ncu defa Genel Kurul\u2019a hitap ettim. Hitab\u0131m\u0131zda Gazze&#8217;de ya\u015fanan ve art\u0131k soyk\u0131r\u0131m boyutunu a\u015f\u0131p toplu k\u0131y\u0131ma evrilen vah\u015fete vurgu yapt\u0131k. <\/p>\n\n\n\n<p>Gazzeli karde\u015flerimizin 23 ayd\u0131r kesintisiz maruz kald\u0131\u011f\u0131 zulm\u00fc; rakamlarla, foto\u011fraflarla ortaya koyduk. Uluslararas\u0131 toplumu \u0130srail&#8217;in Filistin halk\u0131na uygulad\u0131\u011f\u0131 barbarl\u0131klara kar\u015f\u0131 harekete ge\u00e7meye \u00e7a\u011f\u0131rd\u0131k. Gazze&#8217;deki katliam\u0131n yan\u0131 s\u0131ra Afrika&#8217;dan Asya&#8217;ya, Balkanlar&#8217;dan Latin Amerika&#8217;ya T\u00fcrkiye&#8217;nin d\u0131\u015f politikas\u0131nda \u00f6zel yer tutan b\u00f6lgelere y\u00f6nelik mesajlar verdik&#8221; diye konu\u015ftu.<\/p>\n\n\n\n<p><strong>&#8216;T\u00dcRK\u0130YE, B\u00dcY\u00dcK \u0130SRA\u0130L PROJES\u0130 \u00d6N\u00dcNDEK\u0130 EN B\u00dcY\u00dcK ENGELLERDEN B\u0130R\u0130D\u0130R&#8217;<\/strong><\/p>\n\n\n\n<p>Genel Kurul&#8217;da yapt\u0131\u011f\u0131 konu\u015fman\u0131n T\u00fcrk D\u0131\u015f politikas\u0131n\u0131n \u00f6z\u00fc oldu\u011funu ifade eden Erdo\u011fan, Suriye, Libya, Kuveyt, Endonezya, Fransa, Kanada ve Vietnam liderleriyle bir araya geldiklerini kaydetti. Erdo\u011fan, &#8220;Gerek ikili g\u00f6r\u00fc\u015fmelerimizle gerekse bu toplant\u0131larda \u015funa bir kez daha \u015fahitlik ettik; yolsuzluk soru\u015fturmalar\u0131ndan dolay\u0131 iyice k\u00f6\u015feye s\u0131k\u0131\u015fan Netanyahu&#8217;nun s\u0131rf koltu\u011funu korumak u\u011fruna b\u00f6lgeyi hatta d\u00fcnyay\u0131 ate\u015fe s\u00fcr\u00fckledi\u011fini art\u0131k hemen herkes kabul ediyor. Ortada bir devlet akl\u0131n\u0131n de\u011fil kandan ve kaostan beslenen bir katliam kadrosunun oldu\u011fu \u00e7ok net g\u00f6r\u00fcl\u00fcyor. Bir avu\u00e7 \u00fclke d\u0131\u015f\u0131nda hemen hemen hi\u00e7 kimse \u0130srail ve Netanyahu h\u00fck\u00fcmetiyle yan yana gelmek, foto\u011fraf vermek istemiyor. 80&#8217;nci Birle\u015fmi\u015f Milletler Genel Kurulu bunun bir nevi turnasolu oldu. <\/p>\n\n\n\n<p>Genel Kurul\u2019da Birle\u015fik Krall\u0131k ve Fransa&#8217;n\u0131n i\u00e7inde yer ald\u0131\u011f\u0131 10 bat\u0131l\u0131 \u00fclke, &#8216;Filistin&#8217;i tan\u0131d\u0131klar\u0131n\u0131&#8217; a\u00e7\u0131klad\u0131. Her ne kadar gecikmi\u015f de olsa G\u00fcvenlik Konseyi \u00fcyesi \u00fclkenin Filistin Devleti&#8217;ni tan\u0131mas\u0131 fevkalade \u00f6nemlidir. Filistin&#8217;i tan\u0131yan \u00fclke say\u0131s\u0131n\u0131n 158 ula\u015fmas\u0131ndan, bu m\u00fccadelenin adeta \u00f6nc\u00fcl\u00fc\u011f\u00fcn\u00fc \u00fcstlenen bir \u00fclke olarak b\u00fcy\u00fck memnuniyet duyuyoruz. Tan\u0131ma ilk ad\u0131m olarak elbette takdire \u015fayand\u0131r. Bundan sonra yap\u0131lmas\u0131 gereken ise tan\u0131man\u0131n hakk\u0131n\u0131 vermektir. Bunun yolu da 1967 s\u0131n\u0131rlar\u0131 temelinde ba\u015fkenti Do\u011fu Kud\u00fcs olan ba\u011f\u0131ms\u0131z Filistin Devleti&#8217;nin v\u00fccut bulmas\u0131 i\u00e7in \u00e7aba harcamaktan ge\u00e7iyor. Di\u011fer t\u00fcrl\u00fc at\u0131lan ad\u0131m eksik kalacakt\u0131r. \u0130srail&#8217;in t\u00fcm gayreti de zaten bunun i\u00e7indir. Bat\u0131 \u015eeria ilhak etme ve Gazze&#8217;yi insans\u0131zla\u015ft\u0131rma politikalar\u0131n\u0131n arka plan\u0131nda \u00f6zg\u00fcr Filistin Devleti ihtimalini tamamen yok etme niyeti vard\u0131r. <\/p>\n\n\n\n<p>Bunun da maksad\u0131 B\u00fcy\u00fck \u0130srail Projesini hayata ge\u00e7irmektir. Burada \u015funu hi\u00e7 \u00e7ekinmeden a\u00e7\u0131k a\u00e7\u0131k ifade etmek durumunday\u0131m; T\u00fcrkiye \u015fu an her iki projenin de kar\u015f\u0131s\u0131ndaki en b\u00fcy\u00fck engellerden biridir. \u00dclkemizin ve \u015fahs\u0131m\u0131z\u0131n son d\u00f6nemde hedefe konulmas\u0131n\u0131n esas sebebi kararl\u0131 duru\u015fumuzu \u00e7ok net ortaya koymam\u0131zd\u0131r. Ne k\u00fcresel siyonist lobinin bask\u0131lar\u0131na, eyvallah ediyoruz ne de onlar\u0131n i\u00e7imizdeki tetik\u00e7ilerinin karalama kampanyalar\u0131na boyun e\u011fiyoruz. Topraklar\u0131n\u0131 \u00f6zg\u00fcrl\u00fcklerini ve onurlar\u0131n\u0131 savunan Filistin halk\u0131n\u0131n yan\u0131nda dimdik duruyoruz&#8221; de\u011ferlendirmesinde ulundu.<\/p>\n\n\n\n<p><strong>&#8216;H\u00dcK\u00dcMET\u0130M\u0130Z\u0130N \u00c7OK BOYUTLU DI\u015e POL\u0130T\u0130KASINI KAVRAYAMIYORLAR&#8217;<\/strong><\/p>\n\n\n\n<p>Erdo\u011fan, T\u00fcrkiye&#8217;nin \u00f6zg\u00fcrl\u00fck ve adalet i\u00e7in m\u00fccadele eden mazlumlar\u0131n yan\u0131nda oldu\u011funu vurgulayarak, &#8220;Bunu dost-d\u00fc\u015fman herkes de \u00e7ok iyi bilmektedir. Bunu bilmeyen bilse bile kabullenemeyen bir tek ana muhalefettir. Daha d\u00fcne kadar Orta Do\u011fu&#8217;ya bak\u0131nca sadece batakl\u0131k g\u00f6renlerin, Gazze&#8217;nin kahraman evlatlar\u0131na ter\u00f6rist iftiras\u0131 atanlar\u0131n, &#8216;Bize ne Gazze&#8217;den bize ne Suriye&#8217;den Libya&#8217;dan Somali&#8217;den&#8217; diyen vicdans\u0131zlar\u0131n, bug\u00fcn \u00e7\u0131k\u0131p bizi ele\u015ftirmesinin zerre kadar k\u0131ymeti yoktur. Bunlar d\u00fcn de g\u00f6n\u00fcl co\u011frafyam\u0131za yabanc\u0131yd\u0131. Bug\u00fcn de d\u00fcnyan\u0131n ne olup bitti\u011finden habersizler. Bunlar d\u00fcn de vizyonsuzdu, ufuksuzdu, kifayetsizdi, \u00fclkemizin ba\u015far\u0131lar\u0131n\u0131 \u00e7ekemiyorlard\u0131. Bug\u00fcn de haset \u00e7ukurunda debelenip duruyorlar. H\u00fck\u00fcmetimizin uygulad\u0131\u011f\u0131 vicdanl\u0131, ilkeli, itibarl\u0131, cesur ve \u00e7ok boyutlu d\u0131\u015f politikay\u0131 bir t\u00fcrl\u00fc kavrayam\u0131yorlar. B\u00f6yle giderse hi\u00e7 anlamayacaklar. Ne diyelim? Yaz\u0131k, ger\u00e7ekten \u00e7ok yaz\u0131k, muhalefetin ge\u00e7irdi\u011fi histeri n\u00f6betleri kar\u015f\u0131s\u0131nda bizim tavr\u0131m\u0131z y\u0131llardan beri hi\u00e7 de\u011fi\u015fmemi\u015ftir. Biz 86 milyonun emanetini ta\u015f\u0131yoruz, y\u00fck\u00fcm\u00fcz de vazifemiz de \u00e7ok a\u011f\u0131r. Nefesimizi bo\u015f i\u015flerle, bo\u015f tart\u0131\u015fmalarla, bo\u015f siyaset\u00e7ilerle heba edemeyiz. K\u00fc\u00e7\u00fck d\u00fc\u015f\u00fcnen, d\u0131\u015f politikaya s\u0131\u011f bakan, yolsuzluklar\u0131na destek\u00e7i bulmak i\u00e7in bat\u0131l\u0131 patronlar\u0131na, &#8216;Sizin \u00e7\u0131kar\u0131n\u0131z\u0131 en iyi biz koruruz&#8217; diye yalvaran zavall\u0131lar\u0131 kaale almad\u0131k. Vars\u0131n g\u00f6z\u00fcn\u00fc kin ve nefret kaplam\u0131\u015f muhterisler idrakinde olmas\u0131n. Bize Filistinli mazlumlar\u0131n duas\u0131 yeter, bize Gazzeli masumlar\u0131n duas\u0131 yeter. Filistin halk\u0131n\u0131n ve milletimizin hay\u0131r duas\u0131na mazhar olabiliyorsak, onlar\u0131n takdirini alabiliyorsak ne mutlu bize, gerisi bo\u015ftur&#8221; dedi.<\/p>\n\n\n\n<p><strong>&#8216;TEMEL PRENS\u0130B\u0130M\u0130Z T\u00dcRK\u0130YE&#8217;N\u0130N MENFAATLER\u0130N\u0130 EN G\u00dc\u00c7L\u00dc \u015eEK\u0130LDE SAVUNMAKTIR&#8217;<\/strong><\/p>\n\n\n\n<p>ABD Ba\u015fkan\u0131 Donald Trump ile yapt\u0131\u011f\u0131 g\u00f6r\u00fc\u015fmenin verimli ge\u00e7ti\u011fini aktaran Erdo\u011fan, \u015f\u00f6yle devam etti:<\/p>\n\n\n\n<p>&#8220;Bir defa \u015funu alt\u0131n\u0131 \u00e7izerek \u00f6zellikle belirtmek isterim; siyaset\u00e7isiyle, gazetecisiyle, yorumcusuyla muhalefetin tam bir cinnet halinde Amerika ziyaretimizi k\u00f6t\u00fclemeye \u00e7al\u0131\u015fmas\u0131n\u0131n tek nedeni ziyaretin fevkaladenin fevkinde ba\u015far\u0131l\u0131 ge\u00e7mi\u015f olmas\u0131d\u0131r. Onlar ba\u015fka \u015feyler bekliyorlard\u0131 ama hevesleri kursaklar\u0131nda kald\u0131, hayal k\u0131r\u0131kl\u0131\u011f\u0131na u\u011frad\u0131lar. \u015eimdi bunun \u00f6fkesiyle sa\u011fa sola sald\u0131r\u0131yorlar ama ne yapsalar beyhude, g\u00fcne\u015fi bal\u00e7\u0131kla kapatamazlar. Hakikatlerin \u00fczerini yalanlarla \u00f6rtemezler. Bizim temel prensibimiz T\u00fcrkiye&#8217;nin menfaatlerini her zeminde en g\u00fc\u00e7l\u00fc \u015fekilde savunmakt\u0131r. Milletimizin k\u0131sa, orta, uzun vadeli \u00e7\u0131karlar\u0131 neyi gerektiriyorsa biz 23 y\u0131ld\u0131r hep onu yapt\u0131k, yar\u0131n da ayn\u0131s\u0131n\u0131 yapaca\u011f\u0131z. \u015eayet biz muhalefetin ne dedi\u011fine baksayd\u0131k; T\u00fcrkiye sahip oldu\u011fu altyap\u0131 ve \u00fcst yap\u0131 yat\u0131r\u0131mlar\u0131n\u0131n hi\u00e7birine bug\u00fcn sahip olamazd\u0131. Ne Marmaray olurdu, ne \u0130stanbul Havaliman\u0131 olurdu, ne TOGG olurdu, ne h\u0131zl\u0131 trenler olurdu, ne 785 metre k\u00fcpl\u00fck Karadeniz gaz\u0131n\u0131n ne de Gabar&#8217;daki petrol rezervlerinin ke\u015ffi m\u00fcmk\u00fcn olurdu. Biz d\u0131\u015f politikadan ula\u015ft\u0131rmaya, enerjiden savunma sanayine, turizmden sa\u011fl\u0131\u011fa her hamlemizi m\u00fczmin muhalefete ra\u011fmen ba\u015fard\u0131k. Bunlar\u0131n \u00fclkenin ve milletin hayr\u0131na bir c\u00fcmle kurmas\u0131 ontolojik olarak m\u00fcmk\u00fcn de\u011fildir. Biz de b\u00f6yle bir beklenti i\u00e7inde de\u011filiz.&#8221;<\/p>\n\n\n\n<p>Erdo\u011fan, T\u00fcrkiye ile ABD aras\u0131nda imzalanan do\u011falgaz anla\u015fmas\u0131 ile ilgili \u015fu ifadeleri kulland\u0131:<\/p>\n\n\n\n<p>&#8220;T\u00fcrkiye ekonomisi b\u00fcy\u00fcd\u00fck\u00e7e y\u0131ll\u0131k enerji talebi de artmaktad\u0131r. Enerji sepetimizi geni\u015fletme \u00e7al\u0131\u015fmalar\u0131m\u0131z\u0131 aral\u0131ks\u0131z s\u00fcrd\u00fcr\u00fcyoruz. Bir taraftan arama ve sondaj faaliyetlerimizle kendi yeralt\u0131 kaynaklar\u0131m\u0131z\u0131 ortaya \u00e7\u0131kar\u0131rken di\u011fer taraftan kaynak \u00e7e\u015fitlendirmesine gidiyoruz. Tek bir gayemiz vard\u0131r; o da T\u00fcrkiye&#8217;nin artan enerji talebinin kesintisiz, sorunsuz ve g\u00fcvenilir bir \u015fekilde kar\u015f\u0131lanmas\u0131d\u0131r. Rusya- Ukrayna Sava\u015f\u0131&#8217;n\u0131n ilk d\u00f6neminde Avrupa&#8217;n\u0131n ya\u015fad\u0131\u011f\u0131 s\u0131k\u0131nt\u0131lar bu politikam\u0131z\u0131n ne kadar isabetli oldu\u011funu g\u00f6stermi\u015ftir. \u0130mzalad\u0131\u011f\u0131m\u0131z s\u00f6zle\u015fmeler sayesinde hem sanayide \u00e7arklar\u0131n d\u00f6nmesini hem de vatanda\u015flar\u0131m\u0131z\u0131n k\u0131\u015f\u0131 rahat ge\u00e7irmesini sa\u011flad\u0131k. Di\u011fer tedarik\u00e7i \u00fclkeler gibi Amerika&#8217;y\u0131 da \u00f6nemli bir ortak olarak g\u00f6r\u00fcyoruz. Do\u011falgaz ve n\u00fckleer enerjiye dair imzalanan mutabakat bu y\u00f6nde at\u0131lm\u0131\u015f \u00e7ok stratejik bir ad\u0131m olmu\u015ftur.&#8221;<\/p>\n\n\n\n<p><strong>&#8216;ANA MUHALEFET\u0130N SA\u00c7MALIKLARINDAN \u00d6TE T\u00dcRK HAVACILI\u011eINI G\u00dc\u00c7LEND\u0130RECEK V\u0130ZYON BULUNUYOR<\/strong><\/p>\n\n\n\n<p>T\u00fcrkiye&#8217;nin hava yolu ta\u015f\u0131mac\u0131l\u0131\u011f\u0131n b\u00fcy\u00fck bir mesafe kat etti\u011fini vurgulayan Erdo\u011fan, THY&#8217;nin 22 y\u0131l i\u00e7erisinde u\u00e7ak say\u0131s\u0131n\u0131 65&#8217;ten 470&#8217;in \u00fczerine \u00e7\u0131kt\u0131\u011f\u0131n\u0131 aktard\u0131. Erdo\u011fan, &#8220;\u015eirketimizin 2025 y\u0131l\u0131 hedefi ise 90 milyonun \u00fczerinde yolcu ta\u015f\u0131makt\u0131r. Filoya; 2006&#8217;da 100&#8217;nc\u00fc, 2012&#8217;de 200&#8217;nc\u00fc, 2016&#8217;da 300&#8217;nc\u00fc, 2023 y\u0131l\u0131nda 400&#8217;nc\u00fc u\u00e7ak kat\u0131lm\u0131\u015ft\u0131r. 500&#8217;nc\u00fc u\u00e7ak da \u00f6n\u00fcm\u00fczdeki aylarda filoya dahil olacakt\u0131r. \u015eirketimizin 100&#8217;nc\u00fc y\u0131l\u0131n\u0131 kutlayaca\u011f\u0131 2033 y\u0131l\u0131 filo hedefi ise 813 u\u00e7akt\u0131r. Gerek Airbus&#8217;a 2023&#8217;te verilen 335 u\u00e7ak sipari\u015fi gerekse Eyl\u00fcl 2025&#8217;te Boeing firmas\u0131na verilen 225 u\u00e7akl\u0131k sipari\u015fi buna y\u00f6nelik haz\u0131rl\u0131klard\u0131r. U\u00e7ak almak muhalefetin sand\u0131\u011f\u0131 gibi bakkaldan s\u00fct almaya benzemez. \u0130htiyac\u0131n\u0131z\u0131 belirleyecek, planlamas\u0131n\u0131 yapacak, sonra g\u00f6r\u00fc\u015fecek, pazarl\u0131k edecek ve neticede uzun m\u00fczakereler sonunda anla\u015fmaya varacaks\u0131n\u0131z. Ayn\u0131 yakla\u015f\u0131m \u00f6zel havac\u0131l\u0131k \u015firketlerimiz i\u00e7inde ge\u00e7erlidir. Yani ortada ana muhalefetin sa\u00e7mal\u0131klar\u0131ndan \u00f6te T\u00fcrk havac\u0131l\u0131\u011f\u0131n\u0131 daha da g\u00fc\u00e7lendirmeyi ama\u00e7layan uzun vadeli bir vizyon bulunuyor. Tabii r\u00fc\u015fvetsiz selam dahi almayanlar\u0131n bunu anlamas\u0131n\u0131 beklemiyoruz. G\u0131rtlaklar\u0131na kadar yolsuzlu\u011fa batanlara tavsiyemiz ak\u0131llar\u0131n\u0131n ermedi\u011fi konularda b\u00fcy\u00fck laf etmesinler, bizi de l\u00fctfen kendileriyle kar\u0131\u015ft\u0131rmas\u0131nlar. Ana muhalefetin ba\u015f\u0131ndaki zat\u0131n g\u00f6revi \u00f6n\u00fcne gelene \u00e7amur atmak de\u011fil. \u015eayet y\u00fcre\u011fi yetiyorsa genel merkezinin 13&#8217;nc\u00fc kat\u0131na kadar ula\u015ft\u0131\u011f\u0131 s\u00f6ylenen r\u00fc\u015fvet \u00e7amurunu temizlemektir. Bunun d\u0131\u015f\u0131nda yapt\u0131\u011f\u0131 her i\u015f bo\u015ftur. Havanda su d\u00f6vmekten ibarettir. Say\u0131n Trump ile yapt\u0131\u011f\u0131m\u0131z g\u00f6r\u00fc\u015fmenin olumlu sonu\u00e7lar\u0131n\u0131 \u00f6n\u00fcm\u00fczdeki d\u00f6nemde hep beraber g\u00f6rece\u011fimize inan\u0131yorum&#8221; ifadelerini kulland\u0131.<\/p>\n\n\n\n<p><strong>&#8216;500 B\u0130N SOSYAL KONUT \u0130N\u015eA ETMEK \u0130\u00c7\u0130N D\u00dc\u011eMEYE BASIYORUZ&#8217;<\/strong><\/p>\n\n\n\n<p>Sanal bahis ve kumara ili\u015fkin haz\u0131rlanan yol haritas\u0131n\u0131n kabine toplant\u0131s\u0131nda masaya yat\u0131r\u0131ld\u0131\u011f\u0131n\u0131 aktaran Erdo\u011fan, devletin t\u00fcm kapasitesiyle sanal bahis ve kumarla m\u00fccadele edece\u011fini ifade etti. Sosyal Konut Projesi ile ilgili de\u011ferlendirmelerde bulunan Erdo\u011fan, &#8220;\u00c7evre Bakanl\u0131\u011f\u0131m\u0131z eliyle 81 ilimizin tamam\u0131nda 500 bin sosyal konut in\u015fa etmek i\u00e7in d\u00fc\u011fmeye bas\u0131yoruz. Bu projemizde de \u015fehit ve gazilerimize, emeklilerimize, gen\u00e7lerimize, 3 \u00e7ocu\u011fu olan ailelerimize \u00f6zel bir kontenjan ay\u0131raca\u011f\u0131z. Yine bu projemizde ilk kez kiral\u0131k konut uygulamas\u0131n\u0131 TOK\u0130 eliyle hayata ge\u00e7irece\u011fiz. Sosyal konutlar\u0131m\u0131z\u0131n bir k\u0131sm\u0131n\u0131 vatanda\u015flar\u0131m\u0131za uygun \u015fartlarla kiralayacak dar gelirli ailelerimizi in\u015fallah rahatlataca\u011f\u0131z. 500 bin sosyal konut projemizde vatanda\u015flar\u0131m\u0131z\u0131n konuta ula\u015f\u0131m\u0131n\u0131 \u00e7ok daha uygun maliyetlerle kolayla\u015ft\u0131rm\u0131\u015f olaca\u011f\u0131z. Projemizin detaylar\u0131n\u0131 \u00f6n\u00fcm\u00fczdeki g\u00fcnlerde yapaca\u011f\u0131m\u0131z, &#8216;500 bin Sosyal Konut Tan\u0131t\u0131m&#8217; program\u0131nda milletimizle payla\u015faca\u011f\u0131z&#8221; diye konu\u015ftu.<\/p>\n\n\n\n<p>Kaynak: DHA<\/p>\n","protected":false},"excerpt":{"rendered":"<p>Cumhurba\u015fkan\u0131 Recep Tayyip Erdo\u011fan, &#8220;Siyaset\u00e7isiyle, gazetecisiyle, yorumcusuyla muhalefetin tam bir cinnet halinde Amerika ziyaretimizi k\u00f6t\u00fclemeye \u00e7al\u0131\u015fmas\u0131n\u0131n tek nedeni ziyaretin fevkaladenin fevkinde ba\u015far\u0131l\u0131 ge\u00e7mi\u015f olmas\u0131d\u0131r. Onlar ba\u015fka \u015feyler bekliyorlard\u0131 ama hevesleri kursaklar\u0131nda kald\u0131, hayal k\u0131r\u0131kl\u0131\u011f\u0131na u\u011frad\u0131lar. \u015eimdi bunun \u00f6fkesiyle sa\u011fa sola sald\u0131r\u0131yorlar ama ne yapsalar beyhude, g\u00fcne\u015fi bal\u00e7\u0131kla kapatamazlar. Hakikatlerin \u00fczerini yalanlarla \u00f6rtemezler. Bizim temel prensibimiz [&hellip;]<\/p>\n","protected":false},"author":1,"featured_media":4626,"comment_status":"open","ping_status":"open","sticky":false,"template":"","format":"standard","meta":{"footnotes":""},"categories":[11],"tags":[1188,816,846,1190,1191,620,1187,1189],"class_list":["post-4625","post","type-post","status-publish","format-standard","has-post-thumbnail","hentry","category-manset","tag-alparslanlar","tag-bm","tag-cumhurbaskani-erdogan","tag-fatihler","tag-kanuniler","tag-recep-tayyip-erdogan","tag-teknofest-2025","tag-yavuzlar"],"_links":{"self":[{"href":"https:\/\/www.trabzonmanset.com\/index.php\/wp-json\/wp\/v2\/posts\/4625","targetHints":{"allow":["GET"]}}],"collection":[{"href":"https:\/\/www.trabzonmanset.com\/index.php\/wp-json\/wp\/v2\/posts"}],"about":[{"href":"https:\/\/www.trabzonmanset.com\/index.php\/wp-json\/wp\/v2\/types\/post"}],"author":[{"embeddable":true,"href":"https:\/\/www.trabzonmanset.com\/index.php\/wp-json\/wp\/v2\/users\/1"}],"replies":[{"embeddable":true,"href":"https:\/\/www.trabzonmanset.com\/index.php\/wp-json\/wp\/v2\/comments?post=4625"}],"version-history":[{"count":1,"href":"https:\/\/www.trabzonmanset.com\/index.php\/wp-json\/wp\/v2\/posts\/4625\/revisions"}],"predecessor-version":[{"id":4627,"href":"https:\/\/www.trabzonmanset.com\/index.php\/wp-json\/wp\/v2\/posts\/4625\/revisions\/4627"}],"wp:featuredmedia":[{"embeddable":true,"href":"https:\/\/www.trabzonmanset.com\/index.php\/wp-json\/wp\/v2\/media\/4626"}],"wp:attachment":[{"href":"https:\/\/www.trabzonmanset.com\/index.php\/wp-json\/wp\/v2\/media?parent=4625"}],"wp:term":[{"taxonomy":"category","embeddable":true,"href":"https:\/\/www.trabzonmanset.com\/index.php\/wp-json\/wp\/v2\/categories?post=4625"},{"taxonomy":"post_tag","embeddable":true,"href":"https:\/\/www.trabzonmanset.com\/index.php\/wp-json\/wp\/v2\/tags?post=4625"}],"curies":[{"name":"wp","href":"https:\/\/api.w.org\/{rel}","templated":true}]}}