{"id":4506,"date":"2025-09-27T21:44:06","date_gmt":"2025-09-27T18:44:06","guid":{"rendered":"https:\/\/www.trabzonmanset.com\/?p=4506"},"modified":"2025-09-27T21:44:07","modified_gmt":"2025-09-27T18:44:07","slug":"turkiye-turizmde-dunya-liderligine-yuruyor","status":"publish","type":"post","link":"https:\/\/www.trabzonmanset.com\/index.php\/2025\/09\/27\/turkiye-turizmde-dunya-liderligine-yuruyor\/","title":{"rendered":"T\u00fcrkiye turizmde d\u00fcnya liderli\u011fine y\u00fcr\u00fcyor"},"content":{"rendered":"\n<p>K\u00fclt\u00fcr ve Turizm Bakan\u0131 Mehmet Nuri Ersoy, 27 Eyl\u00fcl d\u00fcnya turizm g\u00fcn\u00fc dolay\u0131s\u0131yla bir mesaj yay\u0131mlad\u0131.<\/p>\n\n\n\n<p>Bakan Ersoy, son 20 y\u0131lda yap\u0131lan yat\u0131r\u0131mlar ve stratejik ad\u0131mlar sayesinde T\u00fcrkiye\u2019nin, turizmde d\u00fcnyan\u0131n en h\u0131zl\u0131 y\u00fckselen destinasyonlar\u0131ndan biri haline geldi\u011fini vurgulad\u0131. \u201cK\u00fclt\u00fcrel miras\u0131m\u0131z\u0131 koruyarak, \u00e7evreyi g\u00f6zeterek turizmi 12 aya ve 81 ilimize yayma hedefiyle sekt\u00f6r\u00fcm\u00fczle birlikte kararl\u0131l\u0131kla ilerliyoruz\u201d dedi.<\/p>\n\n\n\n<p>S\u00fcrd\u00fcr\u00fclebilir turizm vizyonunun sadece bug\u00fcn\u00fc de\u011fil, gelecek nesilleri de g\u00fcvence alt\u0131na ald\u0131\u011f\u0131n\u0131 belirten Ersoy, \u201cHer yeni rekor, turizmdeki g\u00fcc\u00fcm\u00fcz\u00fc ve iddiam\u0131z\u0131 bir kez daha ortaya koyuyor. T\u00fcrkiye\u2019nin turizmdeki y\u00fckseli\u015fi, milletimizin ortak ba\u015far\u0131s\u0131d\u0131r\u201d ifadelerini kulland\u0131.<\/p>\n\n\n\n<p>Bakan Ersoy, T\u00fcrkiye\u2019yi d\u00fcnyan\u0131n lider turizm destinasyonlar\u0131 aras\u0131na kal\u0131c\u0131 olarak yerle\u015ftirmekte kararl\u0131 olduklar\u0131n\u0131 da s\u00f6zlerine ekledi.<\/p>\n\n\n\n<p><\/p>\n","protected":false},"excerpt":{"rendered":"<p>K\u00fclt\u00fcr ve Turizm Bakan\u0131 Mehmet Nuri Ersoy, D\u00fcnya Turizm G\u00fcn\u00fc Mesaj\u0131&#8217;nda \u201cT\u00fcrkiye turizmde d\u00fcnya liderli\u011fine y\u00fcr\u00fcyor\u201d dedi.<\/p>\n","protected":false},"author":1,"featured_media":4507,"comment_status":"open","ping_status":"open","sticky":false,"template":"","format":"standard","meta":{"footnotes":""},"categories":[530,1124],"tags":[1127,1125,1126],"class_list":["post-4506","post","type-post","status-publish","format-standard","has-post-thumbnail","hentry","category-cevre","category-turizm","tag-kulturel-mirasimiz","tag-mehmet-nuri-ersoy","tag-turkiye-turizm"],"_links":{"self":[{"href":"https:\/\/www.trabzonmanset.com\/index.php\/wp-json\/wp\/v2\/posts\/4506","targetHints":{"allow":["GET"]}}],"collection":[{"href":"https:\/\/www.trabzonmanset.com\/index.php\/wp-json\/wp\/v2\/posts"}],"about":[{"href":"https:\/\/www.trabzonmanset.com\/index.php\/wp-json\/wp\/v2\/types\/post"}],"author":[{"embeddable":true,"href":"https:\/\/www.trabzonmanset.com\/index.php\/wp-json\/wp\/v2\/users\/1"}],"replies":[{"embeddable":true,"href":"https:\/\/www.trabzonmanset.com\/index.php\/wp-json\/wp\/v2\/comments?post=4506"}],"version-history":[{"count":1,"href":"https:\/\/www.trabzonmanset.com\/index.php\/wp-json\/wp\/v2\/posts\/4506\/revisions"}],"predecessor-version":[{"id":4508,"href":"https:\/\/www.trabzonmanset.com\/index.php\/wp-json\/wp\/v2\/posts\/4506\/revisions\/4508"}],"wp:featuredmedia":[{"embeddable":true,"href":"https:\/\/www.trabzonmanset.com\/index.php\/wp-json\/wp\/v2\/media\/4507"}],"wp:attachment":[{"href":"https:\/\/www.trabzonmanset.com\/index.php\/wp-json\/wp\/v2\/media?parent=4506"}],"wp:term":[{"taxonomy":"category","embeddable":true,"href":"https:\/\/www.trabzonmanset.com\/index.php\/wp-json\/wp\/v2\/categories?post=4506"},{"taxonomy":"post_tag","embeddable":true,"href":"https:\/\/www.trabzonmanset.com\/index.php\/wp-json\/wp\/v2\/tags?post=4506"}],"curies":[{"name":"wp","href":"https:\/\/api.w.org\/{rel}","templated":true}]}}