{"id":4494,"date":"2025-09-27T16:30:00","date_gmt":"2025-09-27T13:30:00","guid":{"rendered":"https:\/\/www.trabzonmanset.com\/?p=4494"},"modified":"2025-09-27T21:11:55","modified_gmt":"2025-09-27T18:11:55","slug":"bakan-uraloglu-acilisi-yapti-15-temmuz-sehidinin-adi-yasatilacak","status":"publish","type":"post","link":"https:\/\/www.trabzonmanset.com\/index.php\/2025\/09\/27\/bakan-uraloglu-acilisi-yapti-15-temmuz-sehidinin-adi-yasatilacak\/","title":{"rendered":"Bakan Uralo\u011flu a\u00e7\u0131l\u0131\u015f\u0131 yapt\u0131! 15 Temmuz \u015fehidinin ad\u0131 ya\u015fat\u0131lacak"},"content":{"rendered":"\n<p>Amasya\u2019da ula\u015f\u0131m altyap\u0131s\u0131n\u0131 g\u00fc\u00e7lendirecek \u00f6nemli bir proje hizmete girdi. Ula\u015ft\u0131rma ve Altyap\u0131 Bakan\u0131 Abdulkadir Uralo\u011flu, bin 10 metre uzunlu\u011fundaki \u015eehit Ahmet \u00d6zsoy T\u00fcneli\u2019nin, 2,8 kilometrelik ba\u011flant\u0131 yollar\u0131 ve 12 metrelik altge\u00e7it k\u00f6pr\u00fcs\u00fcyle birlikte toplam 3,8 kilometrelik bir proje oldu\u011funu belirterek, \u201cMevcut yoldaki keskin viraj\u0131 ortadan kald\u0131rarak yolu daha g\u00fcvenli hale getirdik. Y\u0131ll\u0131k 30,6 milyon lira zaman, 20,1 milyon lira akaryak\u0131t tasarrufu sa\u011flayaca\u011f\u0131z\u201d dedi.<\/p>\n\n\n\n<p><strong>\u201cFERHAT\u2019IN DA\u011eLARI DELME AZM\u0130 B\u0130ZLERE \u0130LHAM OLUYOR\u201d<\/strong><\/p>\n\n\n\n<p>T\u00f6rende konu\u015fan Bakan Uralo\u011flu, Amasya\u2019n\u0131n tarih ve k\u00fclt\u00fcr a\u00e7\u0131s\u0131ndan \u00f6nemine dikkat \u00e7ekerek, \u201cAmasya Genelgesi ile Kurtulu\u015f Sava\u015f\u0131\u2019n\u0131 ba\u015flatan Mustafa Kemal Atat\u00fcrk\u2019ten Fatih Sultan Mehmet\u2019e kadar pek \u00e7ok b\u00fcy\u00fck ismin izi bu topraklarda. \u2018Vur kazmay\u0131 da\u011fa Ferhat\u2019 diyerek ba\u015flatt\u0131\u011f\u0131m\u0131z projelerle Amasya\u2019y\u0131 medeniyet yolunda ileri ta\u015f\u0131yoruz\u201d ifadelerini kulland\u0131.<\/p>\n\n\n\n<p><strong>\u00c7EVREYE VE EKONOM\u0130YE KATKI<\/strong><\/p>\n\n\n\n<p>Uralo\u011flu, projenin \u00e7evre dostu oldu\u011funun alt\u0131n\u0131 \u00e7izerek karbon emisyonunun y\u0131lda 1.178 ton azalt\u0131laca\u011f\u0131n\u0131 s\u00f6yledi. \u201cAyd\u0131nca yerle\u015fkesindeki transit trafi\u011fi d\u0131\u015fa ald\u0131k, zorlu k\u0131\u015f \u015fartlar\u0131nda aksayan ula\u015f\u0131m\u0131 kesintisiz hale getirdik\u201d dedi.<\/p>\n\n\n\n<p><strong>\u201cAHMET \u00d6ZSOY\u2019UN ADINI YA\u015eATIYORUZ\u201d<\/strong><\/p>\n\n\n\n<p>T\u00fcnelin 15 Temmuz hain darbe giri\u015fiminde T\u00dcRKSAT\u2019ta yay\u0131nlar\u0131n kesilmemesi i\u00e7in can\u0131n\u0131 veren \u015fehit Ahmet \u00d6zsoy\u2019un ad\u0131n\u0131 ta\u015f\u0131d\u0131\u011f\u0131n\u0131 vurgulayan Uralo\u011flu, \u201cBu eserde kahraman \u015fehidimizin hat\u0131ras\u0131n\u0131 ya\u015fat\u0131yoruz. Ailesine ve t\u00fcm milletimize hay\u0131rl\u0131 olsun\u201d ifadelerini kulland\u0131.<\/p>\n\n\n\n<p><strong>23 YILDA DEV YATIRIMLAR<\/strong><\/p>\n\n\n\n<p>Uralo\u011flu, son 23 y\u0131lda T\u00fcrkiye genelinde b\u00f6l\u00fcnm\u00fc\u015f yol a\u011f\u0131n\u0131 6 bin kilometreden 29 bin 878 kilometreye \u00e7\u0131kard\u0131klar\u0131n\u0131, 825 kilometre t\u00fcnel in\u015fa ettiklerini hat\u0131rlatarak, \u201cBu yat\u0131r\u0131mlar sayesinde ticaret, turizm ve ula\u015f\u0131m a\u011f\u0131m\u0131z g\u00fc\u00e7lendi\u201d dedi.<\/p>\n\n\n\n<p><strong>BADAL T\u00dcNEL\u0130 VE AMASYA YATIRIMLARI<\/strong><\/p>\n\n\n\n<p>Amasya\u2019daki di\u011fer projelere de de\u011finen Uralo\u011flu, Badal T\u00fcneli\u2019nin kaza riskini ortadan kald\u0131rd\u0131\u011f\u0131n\u0131 ve y\u0131ll\u0131k 113 milyon lira tasarruf sa\u011flad\u0131\u011f\u0131n\u0131 belirtti. Ayr\u0131ca Amasya\u2019n\u0131n ula\u015f\u0131m ve haberle\u015fme altyap\u0131s\u0131na 23 y\u0131lda 52 milyar liral\u0131k yat\u0131r\u0131m yap\u0131ld\u0131\u011f\u0131n\u0131, \u00e7evre yollar\u0131, karayolu projeleri ve Amasya Merzifon Havaliman\u0131 terminalinin \u015fehre kazand\u0131r\u0131ld\u0131\u011f\u0131n\u0131 s\u00f6yledi.<\/p>\n\n\n\n<figure class=\"wp-block-image size-large\"><img loading=\"lazy\" decoding=\"async\" width=\"1024\" height=\"512\" src=\"https:\/\/www.trabzonmanset.com\/wp-content\/uploads\/2025\/09\/bak3-1024x512.webp\" alt=\"\" class=\"wp-image-4495\" srcset=\"https:\/\/www.trabzonmanset.com\/wp-content\/uploads\/2025\/09\/bak3-1024x512.webp 1024w, https:\/\/www.trabzonmanset.com\/wp-content\/uploads\/2025\/09\/bak3-300x150.webp 300w, https:\/\/www.trabzonmanset.com\/wp-content\/uploads\/2025\/09\/bak3-768x384.webp 768w, https:\/\/www.trabzonmanset.com\/wp-content\/uploads\/2025\/09\/bak3.webp 1280w\" sizes=\"auto, (max-width: 1024px) 100vw, 1024px\" \/><\/figure>\n\n\n\n<p><strong>HIZLI TREN \u00c7ALI\u015eMALARI BA\u015eLADI<\/strong><\/p>\n\n\n\n<p>Uralo\u011flu, Ankara-K\u0131r\u0131kkale-\u00c7orum-Amasya-Samsun H\u0131zl\u0131 Tren Hatt\u0131\u2019n\u0131n ilk etab\u0131 olan Delice-\u00c7orum kesiminde yap\u0131m \u00e7al\u0131\u015fmalar\u0131n\u0131n ba\u015flad\u0131\u011f\u0131n\u0131 a\u00e7\u0131klad\u0131. \u00c7orum-Merzifon ve Merzifon-Samsun etaplar\u0131n\u0131n da k\u0131sa s\u00fcrede ba\u015flat\u0131laca\u011f\u0131n\u0131 ifade etti.<\/p>\n\n\n\n<p>Kaynak: \u0130HA<\/p>\n","protected":false},"excerpt":{"rendered":"<p>Ula\u015ft\u0131rma ve Altyap\u0131 Bakan\u0131 Abdulkadir Uralo\u011flu, Amasya\u2019da Ayd\u0131nca Varyant\u0131 ve \u015eehit Ahmet \u00d6zsoy T\u00fcneli\u2019nin a\u00e7\u0131l\u0131\u015f\u0131n\u0131 yapt\u0131. 3,8 kilometrelik projeyle zamandan ve akaryak\u0131ttan y\u0131ll\u0131k 50,7 milyon lira tasarruf sa\u011flanacak.<\/p>\n","protected":false},"author":1,"featured_media":4496,"comment_status":"open","ping_status":"open","sticky":false,"template":"","format":"standard","meta":{"footnotes":""},"categories":[1,11],"tags":[1120,1118,1117,1119],"class_list":["post-4494","post","type-post","status-publish","format-standard","has-post-thumbnail","hentry","category-gundem","category-manset","tag-ahmet-ozsoy","tag-amasya","tag-bakan-uraloglu","tag-sehit-ahmet-ozsoy-tuneli"],"_links":{"self":[{"href":"https:\/\/www.trabzonmanset.com\/index.php\/wp-json\/wp\/v2\/posts\/4494","targetHints":{"allow":["GET"]}}],"collection":[{"href":"https:\/\/www.trabzonmanset.com\/index.php\/wp-json\/wp\/v2\/posts"}],"about":[{"href":"https:\/\/www.trabzonmanset.com\/index.php\/wp-json\/wp\/v2\/types\/post"}],"author":[{"embeddable":true,"href":"https:\/\/www.trabzonmanset.com\/index.php\/wp-json\/wp\/v2\/users\/1"}],"replies":[{"embeddable":true,"href":"https:\/\/www.trabzonmanset.com\/index.php\/wp-json\/wp\/v2\/comments?post=4494"}],"version-history":[{"count":1,"href":"https:\/\/www.trabzonmanset.com\/index.php\/wp-json\/wp\/v2\/posts\/4494\/revisions"}],"predecessor-version":[{"id":4498,"href":"https:\/\/www.trabzonmanset.com\/index.php\/wp-json\/wp\/v2\/posts\/4494\/revisions\/4498"}],"wp:featuredmedia":[{"embeddable":true,"href":"https:\/\/www.trabzonmanset.com\/index.php\/wp-json\/wp\/v2\/media\/4496"}],"wp:attachment":[{"href":"https:\/\/www.trabzonmanset.com\/index.php\/wp-json\/wp\/v2\/media?parent=4494"}],"wp:term":[{"taxonomy":"category","embeddable":true,"href":"https:\/\/www.trabzonmanset.com\/index.php\/wp-json\/wp\/v2\/categories?post=4494"},{"taxonomy":"post_tag","embeddable":true,"href":"https:\/\/www.trabzonmanset.com\/index.php\/wp-json\/wp\/v2\/tags?post=4494"}],"curies":[{"name":"wp","href":"https:\/\/api.w.org\/{rel}","templated":true}]}}