{"id":4487,"date":"2025-09-27T20:27:00","date_gmt":"2025-09-27T17:27:00","guid":{"rendered":"https:\/\/www.trabzonmanset.com\/?p=4487"},"modified":"2025-09-27T21:03:07","modified_gmt":"2025-09-27T18:03:07","slug":"bakan-bolattan-esnafa-mujde-100-milyon-lira-kredi-pazartesi-gonderilecek","status":"publish","type":"post","link":"https:\/\/www.trabzonmanset.com\/index.php\/2025\/09\/27\/bakan-bolattan-esnafa-mujde-100-milyon-lira-kredi-pazartesi-gonderilecek\/","title":{"rendered":"Bakan Bolat\u2019tan esnafa m\u00fcjde: 100 milyon lira kredi pazartesi g\u00f6nderilecek"},"content":{"rendered":"\n<h2 class=\"wp-block-heading\" id=\"content\">Ticaret Bakan\u0131 \u00d6mer Bolat, K\u0131r\u015fehir Cacabey Meydan\u0131\u2019nda d\u00fczenlenen 38. Ahilik Haftas\u0131 kutlamalar\u0131 kapsam\u0131nda esnaf ve vatanda\u015flara hitap etti. Konu\u015fmas\u0131nda T\u00fcrkiye\u2019nin son 22 y\u0131lda bir\u00e7ok alanda b\u00fcy\u00fck geli\u015fmeler kaydetti\u011fini vurgulayan Bakan Bolat, esnafa y\u00f6nelik yeni bir kredi deste\u011fini de duyurdu.<\/h2>\n\n\n\n<p>Ticaret Bakan\u0131 Bolat\u2019\u0131n konu\u015fmas\u0131 \u00f6ncesinde temsili \u015fed ku\u015fanma t\u00f6reni yap\u0131l\u0131rken Ankara seymenler gurubu ve Jandarma Bandosu sahne ald\u0131. Ticaret Bakan\u0131 Bolat, savunma sanayiinden e\u011fitime, sa\u011fl\u0131ktan altyap\u0131ya kadar T\u00fcrkiye\u2019nin b\u00fcy\u00fck bir hamle i\u00e7inde oldu\u011funu belirtti. Bolat a\u00e7\u0131klamas\u0131nda, &#8220;T\u00fcrkiye, Birle\u015fmi\u015f Milletler Genel Kurulu\u2019nda da Cumhurba\u015fkan\u0131m\u0131z\u0131n liderli\u011finde adeta mazlumlar\u0131n y\u0131ld\u0131z\u0131 haline geldi. \u0130n\u015fallah sizlerin deste\u011fiyle bu \u00e7al\u0131\u015fmalar\u0131 s\u00fcrd\u00fcrece\u011fiz&#8221; dedi.<\/p>\n\n\n\n<p><strong>100 milyon lira kredi pazartesi g\u00f6nderiliyor<\/strong><\/p>\n\n\n\n<p>Ahilik Haftas\u0131 dolay\u0131s\u0131yla esnafa \u00f6zel bir m\u00fcjde veren Bakan Bolat, &#8220;Pazartesi sabah\u0131 itibar\u0131yla K\u0131r\u015fehir\u2019deki esnaf\u0131m\u0131z i\u00e7in Halk Bankas\u0131 arac\u0131l\u0131\u011f\u0131yla 100 milyon lira tutar\u0131nda esnaf kredisini g\u00f6ndermi\u015f olaca\u011f\u0131z&#8221; diye konu\u015ftu. Bolat, son 22 y\u0131lda T\u00fcrkiye genelinde 2 milyon 300 bin esnafa toplam 674 milyar lira kredi deste\u011fi sa\u011fland\u0131\u011f\u0131n\u0131 belirterek, &#8220;Bu rakam bug\u00fcnk\u00fc d\u00f6viz kuruyla yakla\u015f\u0131k 17-18 milyar dolara tekab\u00fcl ediyor. T\u00fcrkiye, ge\u00e7mi\u015fte IMF\u2019den 3.2 milyar lira alabiliyordu, \u015fimdi ise sadece bu y\u0131l 754 milyar lira destek sa\u011fland\u0131. Pazartesi g\u00f6nderilecek ek 100 milyon lira ile bu rakam daha da artacak&#8221; ifadelerini kulland\u0131.<\/p>\n\n\n\n<p><strong>&#8220;Faiz oranlar\u0131 daha da d\u00fc\u015fecek&#8221;<\/strong><\/p>\n\n\n\n<p>Ayr\u0131ca Halk Bankas\u0131 arac\u0131l\u0131\u011f\u0131yla y\u0131l sonuna kadar faiz oranlar\u0131nda iyile\u015ftirmeye gidilece\u011fini a\u00e7\u0131klayan Bolat, &#8220;Y\u00fczde 27 olan faiz oranlar\u0131n\u0131 daha da a\u015fa\u011f\u0131 \u00e7ekece\u011fiz. Esnaf\u0131m\u0131z\u0131n y\u00fck\u00fcn\u00fc hafifletmeye devam edece\u011fiz&#8221; diye konu\u015ftu.<\/p>\n\n\n\n<p>Bakan Bolat\u2019\u0131n konu\u015fmas\u0131 sonras\u0131nda T\u00fcrkiye genelinde zanaatlar\u0131nda g\u00f6sterdikleri ustal\u0131klarla K\u0131r\u015fehir\u2019e gelen esnafa \u00f6d\u00fclleri ve ahi beratlar\u0131 verildi.<\/p>\n","protected":false},"excerpt":{"rendered":"<p>Ticaret Bakan\u0131 \u00d6mer Bolat, K\u0131r\u015fehir Cacabey Meydan\u0131\u2019nda d\u00fczenlenen 38. Ahilik Haftas\u0131 kutlamalar\u0131 kapsam\u0131nda esnaf ve vatanda\u015flara hitap etti. Konu\u015fmas\u0131nda T\u00fcrkiye\u2019nin son 22 y\u0131lda bir\u00e7ok alanda b\u00fcy\u00fck geli\u015fmeler kaydetti\u011fini vurgulayan Bakan Bolat, esnafa y\u00f6nelik yeni bir kredi deste\u011fini de duyurdu. Ticaret Bakan\u0131 Bolat\u2019\u0131n konu\u015fmas\u0131 \u00f6ncesinde temsili \u015fed ku\u015fanma t\u00f6reni yap\u0131l\u0131rken Ankara seymenler gurubu ve Jandarma Bandosu [&hellip;]<\/p>\n","protected":false},"author":1,"featured_media":4488,"comment_status":"open","ping_status":"open","sticky":false,"template":"","format":"standard","meta":{"footnotes":""},"categories":[7],"tags":[1111,1109,1113,636,1110,1112],"class_list":["post-4487","post","type-post","status-publish","format-standard","has-post-thumbnail","hentry","category-ekonomi","tag-38-ahilik-haftasi","tag-bakan-bolat","tag-imf","tag-kirsehir","tag-omer-bolat","tag-ticaret-bakani"],"_links":{"self":[{"href":"https:\/\/www.trabzonmanset.com\/index.php\/wp-json\/wp\/v2\/posts\/4487","targetHints":{"allow":["GET"]}}],"collection":[{"href":"https:\/\/www.trabzonmanset.com\/index.php\/wp-json\/wp\/v2\/posts"}],"about":[{"href":"https:\/\/www.trabzonmanset.com\/index.php\/wp-json\/wp\/v2\/types\/post"}],"author":[{"embeddable":true,"href":"https:\/\/www.trabzonmanset.com\/index.php\/wp-json\/wp\/v2\/users\/1"}],"replies":[{"embeddable":true,"href":"https:\/\/www.trabzonmanset.com\/index.php\/wp-json\/wp\/v2\/comments?post=4487"}],"version-history":[{"count":1,"href":"https:\/\/www.trabzonmanset.com\/index.php\/wp-json\/wp\/v2\/posts\/4487\/revisions"}],"predecessor-version":[{"id":4489,"href":"https:\/\/www.trabzonmanset.com\/index.php\/wp-json\/wp\/v2\/posts\/4487\/revisions\/4489"}],"wp:featuredmedia":[{"embeddable":true,"href":"https:\/\/www.trabzonmanset.com\/index.php\/wp-json\/wp\/v2\/media\/4488"}],"wp:attachment":[{"href":"https:\/\/www.trabzonmanset.com\/index.php\/wp-json\/wp\/v2\/media?parent=4487"}],"wp:term":[{"taxonomy":"category","embeddable":true,"href":"https:\/\/www.trabzonmanset.com\/index.php\/wp-json\/wp\/v2\/categories?post=4487"},{"taxonomy":"post_tag","embeddable":true,"href":"https:\/\/www.trabzonmanset.com\/index.php\/wp-json\/wp\/v2\/tags?post=4487"}],"curies":[{"name":"wp","href":"https:\/\/api.w.org\/{rel}","templated":true}]}}