{"id":4475,"date":"2025-09-27T11:32:05","date_gmt":"2025-09-27T08:32:05","guid":{"rendered":"https:\/\/www.trabzonmanset.com\/?p=4475"},"modified":"2025-09-27T11:32:06","modified_gmt":"2025-09-27T08:32:06","slug":"yas-sartsiz-emeklilik-yolda-yeni-duzenlemede-kimler-yararlanacak-iste-detaylar","status":"publish","type":"post","link":"https:\/\/www.trabzonmanset.com\/index.php\/2025\/09\/27\/yas-sartsiz-emeklilik-yolda-yeni-duzenlemede-kimler-yararlanacak-iste-detaylar\/","title":{"rendered":"Ya\u015f \u015farts\u0131z emeklilik yolda: Yeni d\u00fczenlemede kimler yararlanacak? \u0130\u015fte detaylar"},"content":{"rendered":"\n<p>TBMM, engelli ve malulen emeklilik sisteminde tarihi bir d\u00fczenlemeye imza att\u0131. Vergi indirimi \u015fart\u0131 kalkarken SGK raporu esas al\u0131nacak. Malullerde 1800 g\u00fcn prim yeterli olacak, engelliler i\u00e7in ise kademeli erken emeklilik imkan\u0131 sa\u011flanacak<\/p>\n\n\n\n<p>T\u00fcrkiye B\u00fcy\u00fck Millet Meclisi\u2019nde kabul edilen yeni d\u00fczenleme, engelli ve malulen emeklilik sisteminde k\u00f6kl\u00fc de\u011fi\u015fiklikler getiriyor.<\/p>\n\n\n\n<p>Art\u0131k vergi indirimi belgesi alma zorunlulu\u011fu kald\u0131r\u0131larak s\u00fcre\u00e7ler tamamen SGK sa\u011fl\u0131k kurulu raporuna ba\u011flanacak. B\u00f6ylece b\u00fcrokratik i\u015flemler h\u0131zlan\u0131rken, vatanda\u015flar\u0131n emeklilik s\u00fcrecine daha kolay eri\u015fmesi sa\u011flanacak.<\/p>\n\n\n\n<h3 class=\"wp-block-heading\">MALULEN EMEKL\u0130L\u0130KTE YEN\u0130 D\u00d6NEM: 1800 G\u00dcN YETERL\u0130<\/h3>\n\n\n\n<p>Yeni sistemle birlikte \u00e7al\u0131\u015fma g\u00fcc\u00fcn\u00fcn y\u00fczde 60\u2019\u0131n\u0131 kaybeden vatanda\u015flar yaln\u0131zca 1800 g\u00fcn (5 y\u0131l) primle ya\u015f \u015fart\u0131 olmadan emekli olabilecek. Ancak malulen emekli olanlar\u0131n maa\u015flar\u0131, yeniden \u00e7al\u0131\u015fmalar\u0131 halinde kesilecek.<\/p>\n\n\n\n<h3 class=\"wp-block-heading\">ENGELL\u0130 VATANDA\u015eLARA KADEMEL\u0130 ERKEN EMEKL\u0130L\u0130K<\/h3>\n\n\n\n<p>Y\u00fczde 40 ve \u00fczeri engelli raporu bulunan vatanda\u015flar i\u00e7in ise kademeli prim g\u00fcn\u00fc d\u00fczenlemesiyle erken emeklili\u011fin \u00f6n\u00fc a\u00e7\u0131l\u0131yor.<\/p>\n\n\n\n<h3 class=\"wp-block-heading\">SSK, BA\u011e-KUR VE MEMURLAR \u0130\u00c7\u0130N DE\u011e\u0130\u015eEN \u015eARTLAR<\/h3>\n\n\n\n<ul class=\"wp-block-list\">\n<li>SSK\u2019l\u0131lar: 2008 \u00f6ncesi sigorta giri\u015fi olanlar, rapor oran\u0131na g\u00f6re 3700 ile 4100 g\u00fcn aras\u0131nda prim \u00f6deyerek ya\u015fs\u0131z emekli olabilecek.<br>\u00a0<\/li>\n\n\n\n<li>Ba\u011f-Kurlular: Rapor oran\u0131na g\u00f6re 3960 ila 4680 g\u00fcn prim gerekiyor.<br>\u00a0<\/li>\n\n\n\n<li>Memurlar: 1 Ekim 2008 \u00f6ncesi giri\u015f yapan ve y\u00fczde 40 raporu olanlar, 5400 prim g\u00fcn\u00fc ile ya\u015f \u015fart\u0131 olmaks\u0131z\u0131n emekli olabilecek.<br>\u00a0<\/li>\n<\/ul>\n\n\n\n<h3 class=\"wp-block-heading\">ENGELL\u0130 VE MALULEN EMEKL\u0130L\u0130K ARASINDAK\u0130 5 TEMEL FARK<\/h3>\n\n\n\n<p><strong>Rapor oran\u0131: <\/strong>Engellilik i\u00e7in %40, malull\u00fck i\u00e7in %60 \u015fart\u0131.<\/p>\n\n\n\n<p><strong>Rahats\u0131zl\u0131\u011f\u0131n ba\u015flang\u0131c\u0131: <\/strong>Engellilik sigorta \u00f6ncesi olabilir, malull\u00fck mutlaka sigorta sonras\u0131 ba\u015flamal\u0131.<\/p>\n\n\n\n<p><strong>Prim g\u00fcn say\u0131s\u0131: <\/strong>Engellilikte 3700-4680 g\u00fcn, malull\u00fckte yaln\u0131zca 1800 g\u00fcn.<\/p>\n\n\n\n<p><strong>Emeklilik sonras\u0131 \u00e7al\u0131\u015fma:<\/strong> Engelliler \u00e7al\u0131\u015fsa da maa\u015flar\u0131n\u0131 kaybetmezken, malullerin maa\u015f\u0131 kesiliyor.<\/p>\n\n\n\n<p><strong>Sigortal\u0131l\u0131k y\u0131l\u0131: <\/strong>Engellilikte 15-20 y\u0131l aran\u0131rken, malull\u00fckte y\u0131l \u015fart\u0131 yok.<\/p>\n\n\n\n<h3 class=\"wp-block-heading\">HANG\u0130 HASTALIKLAR EMEKL\u0130L\u0130K HAKKI SA\u011eLIYOR?<\/h3>\n\n\n\n<p>Takvim&#8217;in haberine g\u00f6re, Kanser t\u00fcrleri, epilepsi, demans, Parkinson, beyin t\u00fcm\u00f6rleri, MS, \u015fizofreni ve bipolar bozukluk gibi a\u011f\u0131r psikiyatrik hastal\u0131klar, organ nakilleri, AIDS, ileri evre siroz, fel\u00e7, g\u00f6rme kay\u0131plar\u0131 ve baz\u0131 kal\u0131c\u0131 hastal\u0131klar malulen emeklilik kapsam\u0131na giriyor.<\/p>\n","protected":false},"excerpt":{"rendered":"<p>TBMM, engelli ve malulen emeklilik sisteminde tarihi bir d\u00fczenlemeye imza att\u0131. Vergi indirimi \u015fart\u0131 kalkarken SGK raporu esas al\u0131nacak. Malullerde 1800 g\u00fcn prim yeterli olacak, engelliler i\u00e7in ise kademeli erken emeklilik imkan\u0131 sa\u011flanacak T\u00fcrkiye B\u00fcy\u00fck Millet Meclisi\u2019nde kabul edilen yeni d\u00fczenleme, engelli ve malulen emeklilik sisteminde k\u00f6kl\u00fc de\u011fi\u015fiklikler getiriyor. Art\u0131k vergi indirimi belgesi alma zorunlulu\u011fu [&hellip;]<\/p>\n","protected":false},"author":1,"featured_media":4476,"comment_status":"open","ping_status":"open","sticky":false,"template":"","format":"standard","meta":{"footnotes":""},"categories":[7],"tags":[971,208,1101,965,1102],"class_list":["post-4475","post","type-post","status-publish","format-standard","has-post-thumbnail","hentry","category-ekonomi","tag-bag-kur","tag-emeklilik","tag-malulen-emekli","tag-ssk","tag-ssk-emeklilik"],"_links":{"self":[{"href":"https:\/\/www.trabzonmanset.com\/index.php\/wp-json\/wp\/v2\/posts\/4475","targetHints":{"allow":["GET"]}}],"collection":[{"href":"https:\/\/www.trabzonmanset.com\/index.php\/wp-json\/wp\/v2\/posts"}],"about":[{"href":"https:\/\/www.trabzonmanset.com\/index.php\/wp-json\/wp\/v2\/types\/post"}],"author":[{"embeddable":true,"href":"https:\/\/www.trabzonmanset.com\/index.php\/wp-json\/wp\/v2\/users\/1"}],"replies":[{"embeddable":true,"href":"https:\/\/www.trabzonmanset.com\/index.php\/wp-json\/wp\/v2\/comments?post=4475"}],"version-history":[{"count":1,"href":"https:\/\/www.trabzonmanset.com\/index.php\/wp-json\/wp\/v2\/posts\/4475\/revisions"}],"predecessor-version":[{"id":4477,"href":"https:\/\/www.trabzonmanset.com\/index.php\/wp-json\/wp\/v2\/posts\/4475\/revisions\/4477"}],"wp:featuredmedia":[{"embeddable":true,"href":"https:\/\/www.trabzonmanset.com\/index.php\/wp-json\/wp\/v2\/media\/4476"}],"wp:attachment":[{"href":"https:\/\/www.trabzonmanset.com\/index.php\/wp-json\/wp\/v2\/media?parent=4475"}],"wp:term":[{"taxonomy":"category","embeddable":true,"href":"https:\/\/www.trabzonmanset.com\/index.php\/wp-json\/wp\/v2\/categories?post=4475"},{"taxonomy":"post_tag","embeddable":true,"href":"https:\/\/www.trabzonmanset.com\/index.php\/wp-json\/wp\/v2\/tags?post=4475"}],"curies":[{"name":"wp","href":"https:\/\/api.w.org\/{rel}","templated":true}]}}