{"id":4471,"date":"2025-09-27T07:05:00","date_gmt":"2025-09-27T04:05:00","guid":{"rendered":"https:\/\/www.trabzonmanset.com\/?p=4471"},"modified":"2025-09-27T11:26:33","modified_gmt":"2025-09-27T08:26:33","slug":"trabzonda-heyelan","status":"publish","type":"post","link":"https:\/\/www.trabzonmanset.com\/index.php\/2025\/09\/27\/trabzonda-heyelan\/","title":{"rendered":"Trabzon&#8217;da heyelan!"},"content":{"rendered":"\n<p>Trabzon\u2019un Arsin il\u00e7esinde \u015fiddetli ya\u011f\u0131\u015flar\u0131n ard\u0131ndan meydana gelen heyelan, Atayurt-Santa grup yolunu ula\u015f\u0131ma kapatt\u0131. Gece boyu s\u00fcren \u00e7al\u0131\u015fmalar\u0131n ard\u0131ndan yol kontroll\u00fc olarak yeniden trafi\u011fe a\u00e7\u0131ld\u0131.<\/p>\n\n\n\n<p>Trabzon\u2019un Arsin il\u00e7esinde d\u00fcn ak\u015fam saatlerinden itibaren etkili olan sa\u011fanak ya\u011f\u0131\u015f, b\u00f6lgede hayat\u0131 olumsuz etkiledi. Ya\u011f\u0131\u015flar\u0131n ard\u0131ndan Atayurt-Santa grup yolunda heyelan meydana geldi ve karayolu ula\u015f\u0131ma kapand\u0131.<\/p>\n\n\n\n<p>\u0130hbar \u00fczerine b\u00f6lgeye sevk edilen jandarma ekipleri g\u00fcvenlik \u00f6nlemleri al\u0131rken, DS\u0130, Karayollar\u0131 ve Arsin Belediyesi ekipleri de sahada \u00e7al\u0131\u015fma y\u00fcr\u00fctt\u00fc. Yolun a\u00e7\u0131lmas\u0131 i\u00e7in i\u015f makineleriyle gece boyunca yo\u011fun bir m\u00fcdahale yap\u0131ld\u0131.<\/p>\n\n\n\n<p>Ekiplerin h\u0131zl\u0131 \u00e7al\u0131\u015fmas\u0131 sayesinde bir s\u00fcre ula\u015f\u0131ma kapanan yol, sabah saatlerinde kontroll\u00fc \u015fekilde yeniden trafi\u011fe a\u00e7\u0131ld\u0131.<\/p>\n\n\n\n<p>\u00d6te yandan Meteoroloji\u2019den yap\u0131lan uyar\u0131da, Do\u011fu Karadeniz\u2019de devam eden ya\u011f\u0131\u015flar\u0131n bug\u00fcn \u00f6\u011fle saatlerine kadar Trabzon\u2019un do\u011fusu ile Rize \u00e7evrelerinde kuvvetli ve yer yer \u00e7ok kuvvetli olmas\u0131n\u0131n beklendi\u011fi bildirildi. A\u00e7\u0131klamada, sel, su bask\u0131n\u0131, heyelan ve ula\u015f\u0131mda aksamalara kar\u015f\u0131 vatanda\u015flar\u0131n dikkatli ve tedbirli olmas\u0131 gerekti\u011fi vurguland\u0131.<\/p>\n","protected":false},"excerpt":{"rendered":"<p>Trabzon\u2019un Arsin il\u00e7esinde \u015fiddetli ya\u011f\u0131\u015flar\u0131n ard\u0131ndan meydana gelen heyelan, Atayurt-Santa grup yolunu ula\u015f\u0131ma kapatt\u0131. Gece boyu s\u00fcren \u00e7al\u0131\u015fmalar\u0131n ard\u0131ndan yol kontroll\u00fc olarak yeniden trafi\u011fe a\u00e7\u0131ld\u0131. Trabzon\u2019un Arsin il\u00e7esinde d\u00fcn ak\u015fam saatlerinden itibaren etkili olan sa\u011fanak ya\u011f\u0131\u015f, b\u00f6lgede hayat\u0131 olumsuz etkiledi. Ya\u011f\u0131\u015flar\u0131n ard\u0131ndan Atayurt-Santa grup yolunda heyelan meydana geldi ve karayolu ula\u015f\u0131ma kapand\u0131. \u0130hbar \u00fczerine b\u00f6lgeye [&hellip;]<\/p>\n","protected":false},"author":1,"featured_media":4473,"comment_status":"open","ping_status":"open","sticky":false,"template":"","format":"standard","meta":{"footnotes":""},"categories":[530,1],"tags":[1100,1099,552,1098,712],"class_list":["post-4471","post","type-post","status-publish","format-standard","has-post-thumbnail","hentry","category-cevre","category-gundem","tag-arsinhaber","tag-dsi","tag-trabzon-haber","tag-trabzon-heyelan","tag-trabzon-manset"],"_links":{"self":[{"href":"https:\/\/www.trabzonmanset.com\/index.php\/wp-json\/wp\/v2\/posts\/4471","targetHints":{"allow":["GET"]}}],"collection":[{"href":"https:\/\/www.trabzonmanset.com\/index.php\/wp-json\/wp\/v2\/posts"}],"about":[{"href":"https:\/\/www.trabzonmanset.com\/index.php\/wp-json\/wp\/v2\/types\/post"}],"author":[{"embeddable":true,"href":"https:\/\/www.trabzonmanset.com\/index.php\/wp-json\/wp\/v2\/users\/1"}],"replies":[{"embeddable":true,"href":"https:\/\/www.trabzonmanset.com\/index.php\/wp-json\/wp\/v2\/comments?post=4471"}],"version-history":[{"count":1,"href":"https:\/\/www.trabzonmanset.com\/index.php\/wp-json\/wp\/v2\/posts\/4471\/revisions"}],"predecessor-version":[{"id":4474,"href":"https:\/\/www.trabzonmanset.com\/index.php\/wp-json\/wp\/v2\/posts\/4471\/revisions\/4474"}],"wp:featuredmedia":[{"embeddable":true,"href":"https:\/\/www.trabzonmanset.com\/index.php\/wp-json\/wp\/v2\/media\/4473"}],"wp:attachment":[{"href":"https:\/\/www.trabzonmanset.com\/index.php\/wp-json\/wp\/v2\/media?parent=4471"}],"wp:term":[{"taxonomy":"category","embeddable":true,"href":"https:\/\/www.trabzonmanset.com\/index.php\/wp-json\/wp\/v2\/categories?post=4471"},{"taxonomy":"post_tag","embeddable":true,"href":"https:\/\/www.trabzonmanset.com\/index.php\/wp-json\/wp\/v2\/tags?post=4471"}],"curies":[{"name":"wp","href":"https:\/\/api.w.org\/{rel}","templated":true}]}}