{"id":4289,"date":"2025-09-24T18:05:00","date_gmt":"2025-09-24T15:05:00","guid":{"rendered":"https:\/\/www.trabzonmanset.com\/?p=4289"},"modified":"2025-09-24T19:40:29","modified_gmt":"2025-09-24T16:40:29","slug":"galatasaray-daikine-ilkin-aydindan-kotu-haber","status":"publish","type":"post","link":"https:\/\/www.trabzonmanset.com\/index.php\/2025\/09\/24\/galatasaray-daikine-ilkin-aydindan-kotu-haber\/","title":{"rendered":"Galatasaray Daikin&#8217;e \u0130lkin Ayd\u0131n&#8217;dan k\u00f6t\u00fc haber"},"content":{"rendered":"\n<h2 class=\"wp-block-heading\">Galatasaray Daikin&#8217;de \u0130lkin Ayd\u0131n, sa\u011f ayak bile\u011finde ya\u015fad\u0131\u011f\u0131 burkulmadan dolay\u0131 2 hafta sahalardan uzak kalacak.<\/h2>\n\n\n\n<p><strong>Galatasaray<\/strong> Daikin Kad\u0131n Voleybol Tak\u0131m\u0131&#8217;na milli oyuncusu \u0130lkin Ayd\u0131n&#8217;dan k\u00f6t\u00fc <strong>haber<\/strong> geldi.<\/p>\n\n\n\n<h3 class=\"wp-block-heading\">2 HAFTA SAHALARDAN UZAK KALACAK<\/h3>\n\n\n\n<p><strong>Galatasaray<\/strong> Daikin Kad\u0131n Voleybol Tak\u0131m\u0131, milli sma\u00e7\u00f6r \u0130lkin Ayd\u0131n&#8217;\u0131n sa\u011f ayak bile\u011finde ya\u015fad\u0131\u011f\u0131 burkulmadan dolay\u0131 2 hafta sahalardan uzak kalaca\u011f\u0131n\u0131 a\u00e7\u0131klad\u0131.<\/p>\n\n\n\n<p>Sar\u0131-k\u0131rm\u0131z\u0131l\u0131 kul\u00fcpten yap\u0131lan a\u00e7\u0131klamada, \u015fu ifadelere yer verildi:<\/p>\n\n\n\n<p>&#8220;Galatasaray Daikin Kad\u0131n Voleybol Tak\u0131m\u0131 kaptan\u0131 \u0130lkin Ayd\u0131n&#8217;\u0131n yeni sezon haz\u0131rl\u0131klar\u0131 kapsam\u0131nda bug\u00fcn ger\u00e7ekle\u015ftirilen haz\u0131rl\u0131k ma\u00e7\u0131nda sa\u011f ayak bile\u011finde burkulma meydana gelmi\u015ftir. Sponsor hastanemiz Ac\u0131badem&#8217;de yap\u0131lan doktor kontrol\u00fcn\u00fcn ard\u0131ndan oyuncumuzun 2 hafta sahalardan uzak kalaca\u011f\u0131 belirtilmi\u015ftir. Kaptan\u0131m\u0131z \u0130lkin Ayd\u0131n&#8217;a ge\u00e7mi\u015f olsun dileklerimizi iletiyoruz.&#8221;<\/p>\n\n\n\n<p><\/p>\n","protected":false},"excerpt":{"rendered":"<p>Galatasaray Daikin&#8217;de \u0130lkin Ayd\u0131n, sa\u011f ayak bile\u011finde ya\u015fad\u0131\u011f\u0131 burkulmadan dolay\u0131 2 hafta sahalardan uzak kalacak. Galatasaray Daikin Kad\u0131n Voleybol Tak\u0131m\u0131&#8217;na milli oyuncusu \u0130lkin Ayd\u0131n&#8217;dan k\u00f6t\u00fc haber geldi. 2 HAFTA SAHALARDAN UZAK KALACAK Galatasaray Daikin Kad\u0131n Voleybol Tak\u0131m\u0131, milli sma\u00e7\u00f6r \u0130lkin Ayd\u0131n&#8217;\u0131n sa\u011f ayak bile\u011finde ya\u015fad\u0131\u011f\u0131 burkulmadan dolay\u0131 2 hafta sahalardan uzak kalaca\u011f\u0131n\u0131 a\u00e7\u0131klad\u0131. Sar\u0131-k\u0131rm\u0131z\u0131l\u0131 kul\u00fcpten [&hellip;]<\/p>\n","protected":false},"author":1,"featured_media":4291,"comment_status":"open","ping_status":"open","sticky":false,"template":"","format":"standard","meta":{"footnotes":""},"categories":[14],"tags":[988,451,987,986],"class_list":["post-4289","post","type-post","status-publish","format-standard","has-post-thumbnail","hentry","category-spor","tag-daikin","tag-galatasaray","tag-galatasaray-daikin-kadin-voleybol-takimi","tag-ilkin-aydin"],"_links":{"self":[{"href":"https:\/\/www.trabzonmanset.com\/index.php\/wp-json\/wp\/v2\/posts\/4289","targetHints":{"allow":["GET"]}}],"collection":[{"href":"https:\/\/www.trabzonmanset.com\/index.php\/wp-json\/wp\/v2\/posts"}],"about":[{"href":"https:\/\/www.trabzonmanset.com\/index.php\/wp-json\/wp\/v2\/types\/post"}],"author":[{"embeddable":true,"href":"https:\/\/www.trabzonmanset.com\/index.php\/wp-json\/wp\/v2\/users\/1"}],"replies":[{"embeddable":true,"href":"https:\/\/www.trabzonmanset.com\/index.php\/wp-json\/wp\/v2\/comments?post=4289"}],"version-history":[{"count":1,"href":"https:\/\/www.trabzonmanset.com\/index.php\/wp-json\/wp\/v2\/posts\/4289\/revisions"}],"predecessor-version":[{"id":4293,"href":"https:\/\/www.trabzonmanset.com\/index.php\/wp-json\/wp\/v2\/posts\/4289\/revisions\/4293"}],"wp:featuredmedia":[{"embeddable":true,"href":"https:\/\/www.trabzonmanset.com\/index.php\/wp-json\/wp\/v2\/media\/4291"}],"wp:attachment":[{"href":"https:\/\/www.trabzonmanset.com\/index.php\/wp-json\/wp\/v2\/media?parent=4289"}],"wp:term":[{"taxonomy":"category","embeddable":true,"href":"https:\/\/www.trabzonmanset.com\/index.php\/wp-json\/wp\/v2\/categories?post=4289"},{"taxonomy":"post_tag","embeddable":true,"href":"https:\/\/www.trabzonmanset.com\/index.php\/wp-json\/wp\/v2\/tags?post=4289"}],"curies":[{"name":"wp","href":"https:\/\/api.w.org\/{rel}","templated":true}]}}