{"id":4244,"date":"2025-09-23T22:01:00","date_gmt":"2025-09-23T19:01:00","guid":{"rendered":"https:\/\/www.trabzonmanset.com\/?p=4244"},"modified":"2025-09-23T22:56:07","modified_gmt":"2025-09-23T19:56:07","slug":"macrona-new-yorkta-soguk-dus-hemen-trumpi-aradi","status":"publish","type":"post","link":"https:\/\/www.trabzonmanset.com\/index.php\/2025\/09\/23\/macrona-new-yorkta-soguk-dus-hemen-trumpi-aradi\/","title":{"rendered":"Macron&#8217;a New York&#8217;ta so\u011fuk du\u015f! Hemen Trump&#8217;\u0131 arad\u0131"},"content":{"rendered":"\n<p>Fransa Cumhurba\u015fkan\u0131 Emmanuel Macron, New York&#8217;ta ABD Ba\u015fkan\u0131 Donald Trump&#8217;\u0131n konvoyu i\u00e7in yollar\u0131n kapat\u0131lmas\u0131 nedeniyle bir s\u00fcre arac\u0131yla trafikte mahsur kald\u0131.<\/p>\n\n\n\n<p>Frans\u0131z bas\u0131n\u0131ndaki haberlere g\u00f6re, New York polisinin, ABD Ba\u015fkan\u0131 Trump&#8217;\u0131n konvoyu i\u00e7in yollar\u0131 kapatmas\u0131 nedeniyle Frans\u0131z B\u00fcy\u00fckel\u00e7ili\u011fi&#8217;ne gitmek isteyen Macron arac\u0131yla trafikte mahsur kald\u0131.<\/p>\n\n\n\n<p>Yollar\u0131n neden kapal\u0131 oldu\u011funu bir polis memurunun yan\u0131na giderek bizzat kendisi \u00f6\u011frenen Macron, Trump&#8217;\u0131 telefonla arayarak &#8220;Nas\u0131ls\u0131n\u0131z? Tahmin edin ne oldu? Sokakta bekliyorum \u00e7\u00fcnk\u00fc her \u015fey sizin i\u00e7in kapat\u0131ld\u0131.&#8221; \u015feklinde konu\u015ftu.<\/p>\n\n\n\n<figure class=\"wp-block-embed is-type-video is-provider-youtube wp-block-embed-youtube wp-embed-aspect-9-16 wp-has-aspect-ratio\"><div class=\"wp-block-embed__wrapper\">\n<iframe loading=\"lazy\" title=\"ABD&#039;de arac\u0131 durdurulan Macron, telefona sar\u0131l\u0131p Trump&#039;\u0131 arad\u0131\" width=\"261\" height=\"464\" src=\"https:\/\/www.youtube.com\/embed\/NAInVAFSzGo?feature=oembed\" frameborder=\"0\" allow=\"accelerometer; autoplay; clipboard-write; encrypted-media; gyroscope; picture-in-picture; web-share\" referrerpolicy=\"strict-origin-when-cross-origin\" allowfullscreen><\/iframe>\n<\/div><\/figure>\n\n\n\n<p>Macron, birka\u00e7 dakika sonra yaya olarak B\u00fcy\u00fckel\u00e7ili\u011fe gitmek \u00fczere yoluna devam ederken, Trump&#8217;la telefonda g\u00f6r\u00fc\u015fmesini s\u00fcrd\u00fcrd\u00fc.<\/p>\n\n\n\n<p>New York sokaklar\u0131nda yakla\u015f\u0131k 30 dakika y\u00fcr\u00fcyen Macron, isteyenlerle foto\u011fraf \u00e7ektirdi.<\/p>\n\n\n\n<p>Fransa Cumhurba\u015fkan\u0131 ile foto\u011fraf \u00e7ektiren bir ki\u015fi, Macron&#8217;u aln\u0131ndan \u00f6pt\u00fc.<\/p>\n\n\n\n<p>Olay, Fransa Cumhurba\u015fkan\u0131&#8217;n\u0131n Filistin Devleti&#8217;ni tan\u0131mas\u0131n\u0131n ard\u0131ndan ya\u015fand\u0131.<\/p>\n\n\n\n<p><\/p>\n","protected":false},"excerpt":{"rendered":"<p>Fransa Cumhurba\u015fkan\u0131 Emmanuel Macron, New York&#8217;ta ABD Ba\u015fkan\u0131 Donald Trump&#8217;\u0131n konvoyu i\u00e7in yollar\u0131n kapat\u0131lmas\u0131 nedeniyle bir s\u00fcre arac\u0131yla trafikte mahsur kald\u0131. Frans\u0131z bas\u0131n\u0131ndaki haberlere g\u00f6re, New York polisinin, ABD Ba\u015fkan\u0131 Trump&#8217;\u0131n konvoyu i\u00e7in yollar\u0131 kapatmas\u0131 nedeniyle Frans\u0131z B\u00fcy\u00fckel\u00e7ili\u011fi&#8217;ne gitmek isteyen Macron arac\u0131yla trafikte mahsur kald\u0131. Yollar\u0131n neden kapal\u0131 oldu\u011funu bir polis memurunun yan\u0131na giderek bizzat [&hellip;]<\/p>\n","protected":false},"author":1,"featured_media":4245,"comment_status":"open","ping_status":"open","sticky":false,"template":"","format":"standard","meta":{"footnotes":""},"categories":[127],"tags":[924,954,470,955],"class_list":["post-4244","post","type-post","status-publish","format-standard","has-post-thumbnail","hentry","category-dunya","tag-donald-trump","tag-macron","tag-new-york","tag-new-york-polisi"],"_links":{"self":[{"href":"https:\/\/www.trabzonmanset.com\/index.php\/wp-json\/wp\/v2\/posts\/4244","targetHints":{"allow":["GET"]}}],"collection":[{"href":"https:\/\/www.trabzonmanset.com\/index.php\/wp-json\/wp\/v2\/posts"}],"about":[{"href":"https:\/\/www.trabzonmanset.com\/index.php\/wp-json\/wp\/v2\/types\/post"}],"author":[{"embeddable":true,"href":"https:\/\/www.trabzonmanset.com\/index.php\/wp-json\/wp\/v2\/users\/1"}],"replies":[{"embeddable":true,"href":"https:\/\/www.trabzonmanset.com\/index.php\/wp-json\/wp\/v2\/comments?post=4244"}],"version-history":[{"count":2,"href":"https:\/\/www.trabzonmanset.com\/index.php\/wp-json\/wp\/v2\/posts\/4244\/revisions"}],"predecessor-version":[{"id":4249,"href":"https:\/\/www.trabzonmanset.com\/index.php\/wp-json\/wp\/v2\/posts\/4244\/revisions\/4249"}],"wp:featuredmedia":[{"embeddable":true,"href":"https:\/\/www.trabzonmanset.com\/index.php\/wp-json\/wp\/v2\/media\/4245"}],"wp:attachment":[{"href":"https:\/\/www.trabzonmanset.com\/index.php\/wp-json\/wp\/v2\/media?parent=4244"}],"wp:term":[{"taxonomy":"category","embeddable":true,"href":"https:\/\/www.trabzonmanset.com\/index.php\/wp-json\/wp\/v2\/categories?post=4244"},{"taxonomy":"post_tag","embeddable":true,"href":"https:\/\/www.trabzonmanset.com\/index.php\/wp-json\/wp\/v2\/tags?post=4244"}],"curies":[{"name":"wp","href":"https:\/\/api.w.org\/{rel}","templated":true}]}}