{"id":4241,"date":"2025-09-23T21:21:00","date_gmt":"2025-09-23T18:21:00","guid":{"rendered":"https:\/\/www.trabzonmanset.com\/?p=4241"},"modified":"2025-09-23T22:23:41","modified_gmt":"2025-09-23T19:23:41","slug":"trabzonsporda-karagumruk-mesaisi-tam-gaz","status":"publish","type":"post","link":"https:\/\/www.trabzonmanset.com\/index.php\/2025\/09\/23\/trabzonsporda-karagumruk-mesaisi-tam-gaz\/","title":{"rendered":"Trabzonspor\u2019da Karag\u00fcmr\u00fck mesaisi tam gaz!"},"content":{"rendered":"\n<p>Trendyol S\u00fcper Lig\u2019in 7. haftas\u0131nda deplasmanda Fatih Karag\u00fcmr\u00fck\u2019e konuk olacak Trabzonspor, Mehmet Ali Y\u0131lmaz Tesisleri\u2019nde ger\u00e7ekle\u015ftirdi\u011fi antrenmanda pas ve taktik \u00e7al\u0131\u015fmalar\u0131na a\u011f\u0131rl\u0131k verdi.<\/p>\n\n\n\n<p>Trabzonspor,M\u0131s\u0131rl\u0131.com.tr Fatih Karag\u00fcmr\u00fck ma\u00e7\u0131 haz\u0131rl\u0131klar\u0131m\u0131z devam ediyor<\/p>\n\n\n\n<p>Trabzonspor, Trendyol S\u00fcper Lig Mehmet Ali Y\u0131lmaz Sezonu\u2019nun 7. haftas\u0131nda deplasmanda oynayaca\u011f\u0131 M\u0131s\u0131rl\u0131.com.tr Fatih Karag\u00fcmr\u00fck ma\u00e7\u0131 haz\u0131rl\u0131klar\u0131na bug\u00fcn 18.00\u2019de yapt\u0131\u011f\u0131 antrenmanla devam etti.<\/p>\n\n\n\n<p>Teknik Direkt\u00f6r Fatih Tekke y\u00f6netiminde Mehmet Ali Y\u0131lmaz Tesisleri\u2019nde yap\u0131lan antrenman\u0131n ilk b\u00f6l\u00fcm\u00fcnde \u0131s\u0131nma \u00e7al\u0131\u015fmas\u0131 ger\u00e7ekle\u015ftirildi.<\/p>\n\n\n\n<p>Pas \u00e7al\u0131\u015fmas\u0131 ile devam eden antrenman, dar alanda oyun ve taktik \u00e7al\u0131\u015fmas\u0131yla sona erdi.<\/p>\n","protected":false},"excerpt":{"rendered":"<p>Trendyol S\u00fcper Lig\u2019in 7. haftas\u0131nda deplasmanda Fatih Karag\u00fcmr\u00fck\u2019e konuk olacak Trabzonspor, Mehmet Ali Y\u0131lmaz Tesisleri\u2019nde ger\u00e7ekle\u015ftirdi\u011fi antrenmanda pas ve taktik \u00e7al\u0131\u015fmalar\u0131na a\u011f\u0131rl\u0131k verdi. Trabzonspor,M\u0131s\u0131rl\u0131.com.tr Fatih Karag\u00fcmr\u00fck ma\u00e7\u0131 haz\u0131rl\u0131klar\u0131m\u0131z devam ediyor Trabzonspor, Trendyol S\u00fcper Lig Mehmet Ali Y\u0131lmaz Sezonu\u2019nun 7. haftas\u0131nda deplasmanda oynayaca\u011f\u0131 M\u0131s\u0131rl\u0131.com.tr Fatih Karag\u00fcmr\u00fck ma\u00e7\u0131 haz\u0131rl\u0131klar\u0131na bug\u00fcn 18.00\u2019de yapt\u0131\u011f\u0131 antrenmanla devam etti. Teknik Direkt\u00f6r [&hellip;]<\/p>\n","protected":false},"author":1,"featured_media":4242,"comment_status":"open","ping_status":"open","sticky":false,"template":"","format":"standard","meta":{"footnotes":""},"categories":[14],"tags":[952,953,448,746],"class_list":["post-4241","post","type-post","status-publish","format-standard","has-post-thumbnail","hentry","category-spor","tag-karagumruk-mac-bilet","tag-mehmet-ali-yilmaz-tesisleri","tag-trabzonspor","tag-trendyol-super-lig"],"_links":{"self":[{"href":"https:\/\/www.trabzonmanset.com\/index.php\/wp-json\/wp\/v2\/posts\/4241","targetHints":{"allow":["GET"]}}],"collection":[{"href":"https:\/\/www.trabzonmanset.com\/index.php\/wp-json\/wp\/v2\/posts"}],"about":[{"href":"https:\/\/www.trabzonmanset.com\/index.php\/wp-json\/wp\/v2\/types\/post"}],"author":[{"embeddable":true,"href":"https:\/\/www.trabzonmanset.com\/index.php\/wp-json\/wp\/v2\/users\/1"}],"replies":[{"embeddable":true,"href":"https:\/\/www.trabzonmanset.com\/index.php\/wp-json\/wp\/v2\/comments?post=4241"}],"version-history":[{"count":1,"href":"https:\/\/www.trabzonmanset.com\/index.php\/wp-json\/wp\/v2\/posts\/4241\/revisions"}],"predecessor-version":[{"id":4243,"href":"https:\/\/www.trabzonmanset.com\/index.php\/wp-json\/wp\/v2\/posts\/4241\/revisions\/4243"}],"wp:featuredmedia":[{"embeddable":true,"href":"https:\/\/www.trabzonmanset.com\/index.php\/wp-json\/wp\/v2\/media\/4242"}],"wp:attachment":[{"href":"https:\/\/www.trabzonmanset.com\/index.php\/wp-json\/wp\/v2\/media?parent=4241"}],"wp:term":[{"taxonomy":"category","embeddable":true,"href":"https:\/\/www.trabzonmanset.com\/index.php\/wp-json\/wp\/v2\/categories?post=4241"},{"taxonomy":"post_tag","embeddable":true,"href":"https:\/\/www.trabzonmanset.com\/index.php\/wp-json\/wp\/v2\/tags?post=4241"}],"curies":[{"name":"wp","href":"https:\/\/api.w.org\/{rel}","templated":true}]}}