{"id":4198,"date":"2025-09-23T16:55:00","date_gmt":"2025-09-23T13:55:00","guid":{"rendered":"https:\/\/www.trabzonmanset.com\/?p=4198"},"modified":"2025-09-23T20:59:51","modified_gmt":"2025-09-23T17:59:51","slug":"danistay-bassavcisi-cevdet-erkan-trabzonda-cenaze-torenine-katildi","status":"publish","type":"post","link":"https:\/\/www.trabzonmanset.com\/index.php\/2025\/09\/23\/danistay-bassavcisi-cevdet-erkan-trabzonda-cenaze-torenine-katildi\/","title":{"rendered":"Dan\u0131\u015ftay Ba\u015fsavc\u0131s\u0131 Cevdet Erkan Trabzon&#8217;da cenaze t\u00f6renine kat\u0131ld\u0131!"},"content":{"rendered":"\n<p>Dan\u0131\u015ftay Ba\u015fsavc\u0131s\u0131 Cevdet Erkan, 51 ya\u015f\u0131nda hayat\u0131n\u0131 kaybeden halas\u0131n\u0131n o\u011flu Muammer Olgun&#8217;un\u00a0<a href=\"https:\/\/www.trabzonmanset.com\">Trabzon<\/a>&#8216;daki cenaze t\u00f6renine kat\u0131ld\u0131.<\/p>\n\n\n\n<p>Trabzon&#8217;un <a href=\"https:\/\/www.trabzonmanset.com\">Vakf\u0131kebir<\/a> il\u00e7esinde tedavi g\u00f6rd\u00fc\u011f\u00fc hastanede hayat\u0131n\u0131 kaybeden Karada\u011f Yayla Camisi imam hatibi Olgun&#8217;un cenazesi il\u00e7edeki Merkez Eski Camisi&#8217;nde k\u0131l\u0131nan cenaze namaz\u0131n\u0131n ard\u0131ndan topra\u011fa verildi.<\/p>\n\n\n\n<p>Cenaze t\u00f6renine Olgun&#8217;un ailesi ve yak\u0131nlar\u0131n\u0131n yan\u0131 s\u0131ra Dan\u0131\u015ftay Ba\u015fsavc\u0131s\u0131 Cevdet Erkan, Vakf\u0131kebir Kaymakam\u0131 Hac\u0131 Arslan Uzan, Vakf\u0131kebir Belediye Ba\u015fkan\u0131 Fuat Ko\u00e7al, AK Parti \u0130l Ba\u015fkan\u0131 Sezgin Mumcu da kat\u0131ld\u0131.<\/p>\n\n\n\n<p><\/p>\n","protected":false},"excerpt":{"rendered":"<p>Dan\u0131\u015ftay Ba\u015fsavc\u0131s\u0131 Cevdet Erkan Trabzon&#8217;un Vakf\u0131kebir il\u00e7esinde tedavi g\u00f6rd\u00fc\u011f\u00fc hastanede hayat\u0131n\u0131 kaybeden Karada\u011f Yayla Camisi imam hatibi Olgun&#8217;un cenaze t\u00f6renine kat\u0131ld\u0131!<\/p>\n","protected":false},"author":1,"featured_media":4199,"comment_status":"open","ping_status":"open","sticky":false,"template":"","format":"standard","meta":{"footnotes":""},"categories":[1],"tags":[910,907,909,552,712,908],"class_list":["post-4198","post","type-post","status-publish","format-standard","has-post-thumbnail","hentry","category-gundem","tag-ak-parti-il-baskani-sezgin-mumcu","tag-cevdet-erkan","tag-fuat-kocal","tag-trabzon-haber","tag-trabzon-manset","tag-vakfikebir"],"_links":{"self":[{"href":"https:\/\/www.trabzonmanset.com\/index.php\/wp-json\/wp\/v2\/posts\/4198","targetHints":{"allow":["GET"]}}],"collection":[{"href":"https:\/\/www.trabzonmanset.com\/index.php\/wp-json\/wp\/v2\/posts"}],"about":[{"href":"https:\/\/www.trabzonmanset.com\/index.php\/wp-json\/wp\/v2\/types\/post"}],"author":[{"embeddable":true,"href":"https:\/\/www.trabzonmanset.com\/index.php\/wp-json\/wp\/v2\/users\/1"}],"replies":[{"embeddable":true,"href":"https:\/\/www.trabzonmanset.com\/index.php\/wp-json\/wp\/v2\/comments?post=4198"}],"version-history":[{"count":1,"href":"https:\/\/www.trabzonmanset.com\/index.php\/wp-json\/wp\/v2\/posts\/4198\/revisions"}],"predecessor-version":[{"id":4201,"href":"https:\/\/www.trabzonmanset.com\/index.php\/wp-json\/wp\/v2\/posts\/4198\/revisions\/4201"}],"wp:featuredmedia":[{"embeddable":true,"href":"https:\/\/www.trabzonmanset.com\/index.php\/wp-json\/wp\/v2\/media\/4199"}],"wp:attachment":[{"href":"https:\/\/www.trabzonmanset.com\/index.php\/wp-json\/wp\/v2\/media?parent=4198"}],"wp:term":[{"taxonomy":"category","embeddable":true,"href":"https:\/\/www.trabzonmanset.com\/index.php\/wp-json\/wp\/v2\/categories?post=4198"},{"taxonomy":"post_tag","embeddable":true,"href":"https:\/\/www.trabzonmanset.com\/index.php\/wp-json\/wp\/v2\/tags?post=4198"}],"curies":[{"name":"wp","href":"https:\/\/api.w.org\/{rel}","templated":true}]}}