{"id":4132,"date":"2025-09-21T21:42:00","date_gmt":"2025-09-21T18:42:00","guid":{"rendered":"https:\/\/www.trabzonmanset.com\/?p=4132"},"modified":"2025-09-21T22:45:34","modified_gmt":"2025-09-21T19:45:34","slug":"giresunda-maden-sahasinda-atik-havuzunun-tastigi-iddia-edildi","status":"publish","type":"post","link":"https:\/\/www.trabzonmanset.com\/index.php\/2025\/09\/21\/giresunda-maden-sahasinda-atik-havuzunun-tastigi-iddia-edildi\/","title":{"rendered":"Giresun\u2019da maden sahas\u0131nda at\u0131k havuzunun ta\u015ft\u0131\u011f\u0131 iddia edildi"},"content":{"rendered":"\n<h3 class=\"wp-block-heading\"><strong>Edinilen bilgilere g\u00f6re, b\u00f6lgede g\u00fcnlerdir etkili olan sa\u011fanak ya\u011f\u0131\u015f\u0131n ard\u0131ndan dolan at\u0131k havuzu ta\u015ft\u0131. \u0130\u00e7erisinde s\u00fclf\u00fcrl\u00fc mineral kal\u0131nt\u0131lar\u0131, flotasyon reaktifleri ve asidik maden drenajlar\u0131 gibi \u00e7\u00f6km\u00fc\u015f at\u0131klar\u0131n bulundu\u011fu belirtilen havuzun, ya\u011fmur sular\u0131yla tamamen dolarak ta\u015ft\u0131\u011f\u0131, k\u00f6y i\u00e7inden ge\u00e7en derelere ve \u00e7evredeki tar\u0131m arazilerine yay\u0131ld\u0131\u011f\u0131, bu derelerin ise Har\u015fit \u00c7ay\u0131\u2019na kar\u0131\u015farak Karadeniz\u2019e ula\u015ft\u0131\u011f\u0131 \u00f6ne s\u00fcr\u00fcld\u00fc.<\/strong><\/h3>\n\n\n\n<p>Maden oca\u011f\u0131, &#8220;daha \u00f6nce de \u00c7ED (\u00c7evresel Etki De\u011ferlendirmesi) s\u00fcreci tamamlanmadan at\u0131k havuzu in\u015fa etti\u011fi ve s\u0131z\u0131nt\u0131lar yoluyla \u00e7evreye zarar verdi\u011fi&#8221; iddialar\u0131yla g\u00fcndeme gelmi\u015fti. \u00c7evre, \u015eehircilik ve \u0130klim De\u011fi\u015fikli\u011fi Bakanl\u0131\u011f\u0131 taraf\u0131ndan yap\u0131lan denetimlerde s\u0131n\u0131r de\u011ferleri a\u015fan kirlilik tespit edilmi\u015f, \u015firkete idari para cezalar\u0131 uygulanm\u0131\u015ft\u0131.<\/p>\n\n\n\n<p><strong>K\u00f6yl\u00fcler ve \u00e7evre \u00f6rg\u00fctleri, yetkilileri acil \u00f6nlem almaya \u00e7a\u011f\u0131rd\u0131<\/strong><\/p>\n\n\n\n<p>K\u00f6yl\u00fcler ve \u00e7evre \u00f6rg\u00fctleri, ta\u015fk\u0131n nedeniyle tar\u0131m alanlar\u0131, i\u00e7me suyu kaynaklar\u0131 ve hayvanc\u0131l\u0131\u011f\u0131n risk alt\u0131nda oldu\u011funu belirterek, yetkilileri acil \u00f6nlem almaya \u00e7a\u011f\u0131rd\u0131. Uzmanlar, \u00f6zellikle yo\u011fun ya\u011f\u0131\u015f alan ve dik e\u011fimli b\u00f6lgelerdeki at\u0131k havuzlar\u0131n\u0131n, ya\u011fmurlar\u0131n ard\u0131ndan ya\u015fanabilecek toprak kaymalar\u0131 ve heyelanlarla \u00e7\u00f6kme riski ta\u015f\u0131d\u0131\u011f\u0131 uyar\u0131s\u0131nda bulundu.&nbsp;<\/p>\n\n\n\n<p>Olayla ilgili resmi makamlar taraf\u0131ndan hen\u00fcz bir a\u00e7\u0131klama yap\u0131lmazken, Giresun \u00c7evre, \u015eehircilik ve \u0130klim De\u011fi\u015fikli\u011fi \u0130l M\u00fcd\u00fcrl\u00fc\u011f\u00fc taraf\u0131ndan 2872 say\u0131l\u0131 \u00c7evre Kanunu uyar\u0131nca gerekli incelemelerin ba\u015flat\u0131ld\u0131\u011f\u0131 \u00f6\u011frenildi.<\/p>\n","protected":false},"excerpt":{"rendered":"<p>Giresun\u2019un Do\u011fankent il\u00e7esine ba\u011fl\u0131 \u00c7atala\u011fa\u00e7 k\u00f6y\u00fcnde, Alag\u00f6z Madencilik\u2019e ait maden sahas\u0131nda yo\u011fun ya\u011f\u0131\u015f sonras\u0131 at\u0131k havuzunun ta\u015ft\u0131\u011f\u0131 ve buradaki tonlarca kirli suyun dere ve topra\u011fa kar\u0131\u015ft\u0131\u011f\u0131 ileri s\u00fcr\u00fcld\u00fc. Konuya ili\u015fkin Giresun \u00c7evre, \u015eehircilik ve \u0130klim De\u011fi\u015fikli\u011fi \u0130l M\u00fcd\u00fcrl\u00fc\u011f\u00fc taraf\u0131ndan 2872 say\u0131l\u0131 \u00c7evre Kanunu uyar\u0131nca gerekli incelemelerin ba\u015flat\u0131ld\u0131\u011f\u0131 \u00f6\u011frenildi.<\/p>\n","protected":false},"author":1,"featured_media":4133,"comment_status":"open","ping_status":"open","sticky":false,"template":"","format":"standard","meta":{"footnotes":""},"categories":[530],"tags":[857,821,855,856],"class_list":["post-4132","post","type-post","status-publish","format-standard","has-post-thumbnail","hentry","category-cevre","tag-ced","tag-giresun","tag-giresun-haber","tag-harsit-cayi"],"_links":{"self":[{"href":"https:\/\/www.trabzonmanset.com\/index.php\/wp-json\/wp\/v2\/posts\/4132","targetHints":{"allow":["GET"]}}],"collection":[{"href":"https:\/\/www.trabzonmanset.com\/index.php\/wp-json\/wp\/v2\/posts"}],"about":[{"href":"https:\/\/www.trabzonmanset.com\/index.php\/wp-json\/wp\/v2\/types\/post"}],"author":[{"embeddable":true,"href":"https:\/\/www.trabzonmanset.com\/index.php\/wp-json\/wp\/v2\/users\/1"}],"replies":[{"embeddable":true,"href":"https:\/\/www.trabzonmanset.com\/index.php\/wp-json\/wp\/v2\/comments?post=4132"}],"version-history":[{"count":1,"href":"https:\/\/www.trabzonmanset.com\/index.php\/wp-json\/wp\/v2\/posts\/4132\/revisions"}],"predecessor-version":[{"id":4134,"href":"https:\/\/www.trabzonmanset.com\/index.php\/wp-json\/wp\/v2\/posts\/4132\/revisions\/4134"}],"wp:featuredmedia":[{"embeddable":true,"href":"https:\/\/www.trabzonmanset.com\/index.php\/wp-json\/wp\/v2\/media\/4133"}],"wp:attachment":[{"href":"https:\/\/www.trabzonmanset.com\/index.php\/wp-json\/wp\/v2\/media?parent=4132"}],"wp:term":[{"taxonomy":"category","embeddable":true,"href":"https:\/\/www.trabzonmanset.com\/index.php\/wp-json\/wp\/v2\/categories?post=4132"},{"taxonomy":"post_tag","embeddable":true,"href":"https:\/\/www.trabzonmanset.com\/index.php\/wp-json\/wp\/v2\/tags?post=4132"}],"curies":[{"name":"wp","href":"https:\/\/api.w.org\/{rel}","templated":true}]}}