{"id":4027,"date":"2025-09-21T10:53:00","date_gmt":"2025-09-21T07:53:00","guid":{"rendered":"https:\/\/www.trabzonmanset.com\/?p=4027"},"modified":"2025-09-21T14:01:31","modified_gmt":"2025-09-21T11:01:31","slug":"kahvalti-sofralarina-3-bin-rakimdan-gelen-lezzet-erzincan-tulum-peyniri","status":"publish","type":"post","link":"https:\/\/www.trabzonmanset.com\/index.php\/2025\/09\/21\/kahvalti-sofralarina-3-bin-rakimdan-gelen-lezzet-erzincan-tulum-peyniri\/","title":{"rendered":"Kahvalt\u0131 sofralar\u0131na 3 bin rak\u0131mdan gelen lezzet: Erzincan Tulum Peyniri"},"content":{"rendered":"\n<h2 class=\"wp-block-heading\" id=\"content\"><strong>G\u00fcn do\u011fmadan ba\u015flayan \u00fcretim mesaisi, gece yar\u0131lar\u0131na dek s\u00fcr\u00fcyor. Y\u00fcksek rak\u0131ml\u0131 yaylalarda beslenen akkaraman koyunu ile k\u0131l ke\u00e7isinin s\u00fct\u00fcnden \u00fcretilen co\u011frafi i\u015faretli Erzincan Tulum Peyniri, 3-4 ayl\u0131k olgunla\u015fma s\u00fcrecinin ard\u0131ndan sat\u0131\u015fa sunulmaya ba\u015fland\u0131.<\/strong><\/h2>\n\n\n\n<p>\u015eavak A\u015fireti\u2019nin yaylalardaki zorlu mesaisi g\u00fcn\u00fcn ilk \u0131\u015f\u0131klar\u0131yla ba\u015fl\u0131yor. K\u00fc\u00e7\u00fc\u011f\u00fcnden b\u00fcy\u00fc\u011f\u00fcne herkesin omuz omuza verdi\u011fi bu \u00fcretim s\u00fcreci, sadece ge\u00e7im kayna\u011f\u0131 de\u011fil, ayn\u0131 zamanda bir k\u00fclt\u00fcr miras\u0131 olarak ya\u015fat\u0131l\u0131yor. Sabah ve \u00f6\u011fleden sonra olmak \u00fczere iki kez sa\u011f\u0131m\u0131 yap\u0131lan koyun s\u00fct\u00fc, \u015firdan maya ile mayalan\u0131yor. Tulum peyniri, geleneksel usullerle peynir \u00e7ad\u0131rlar\u0131na ta\u015f\u0131n\u0131yor ve burada ilk olgunla\u015fma a\u015famas\u0131na b\u0131rak\u0131l\u0131yor.<\/p>\n\n\n\n<p>\u00dcretici Mustafa G\u00fcn s\u00fcreci \u015fu s\u00f6zlerle anlatt\u0131:<\/p>\n\n\n\n<p>&#8220;Sabah saat 10.00 ve 16.00\u2019da sa\u011f\u0131mlar\u0131m\u0131z oluyor. S\u00fctleri \u015firdan maya ile mayal\u0131yoruz. Atlarla yaylalardan peynirleri \u00e7ad\u0131rlara getiriyoruz. Burada \u00e7uvallara koyup 15 g\u00fcn bekletiyoruz. Sonra Kemah tuzu ile bask\u0131 yap\u0131yoruz ve 4 ila 7 g\u00fcn dinlendirdikten sonra so\u011fuk hava depolar\u0131na g\u00f6nderiyoruz.&#8221;<\/p>\n\n\n\n<figure class=\"wp-block-video\"><video controls src=\"https:\/\/www.trabzonmanset.com\/wp-content\/uploads\/2025\/09\/erzincan.mp4\"><\/video><\/figure>\n\n\n\n<p>Erzincan merkezdeki tesislerde ise peynire son dokunu\u015flar yap\u0131l\u0131yor. So\u011fuk hava deposu sahibi Nihat Baydil, &#8220;Yayladan gelen taze peyniri 10 g\u00fcn bekletip tuzluyoruz. Sonra bez \u00e7uvallara koyup bir hafta on g\u00fcn daha dinlendiriyoruz. 120 g\u00fcn olgunla\u015ft\u0131rd\u0131ktan sonra 25 kiloluk, 5 kiloluk ve 1 kiloluk paketler halinde T\u00fcrkiye\u2019nin d\u00f6rt bir yan\u0131na g\u00f6nderiyoruz&#8221; dedi.<\/p>\n\n\n\n<p>\u015eark\u00fcteri esnaf\u0131 ise Erzincan Tulum Peynirinin g\u00f6rd\u00fc\u011f\u00fc ilgiden memnun. &#8220;Bu peynir hem lezzeti hem do\u011fall\u0131\u011f\u0131yla halk\u0131m\u0131z\u0131n sofras\u0131nda aranan bir \u00fcr\u00fcn. Erzincan\u2019dan T\u00fcrkiye\u2019nin her k\u00f6\u015fesine g\u00fcvenle ula\u015ft\u0131r\u0131yoruz&#8221; ifadelerini kulland\u0131.<\/p>\n\n\n\n<p>Erzincan Tulum Peyniri, zorlu ama bir o kadar da gurur verici bir eme\u011fin eseri olarak sofralarda yerini al\u0131yor ve b\u00f6lgenin k\u00fclt\u00fcrel zenginli\u011fini her lokmada hissettiriyor.<\/p>\n","protected":false},"excerpt":{"rendered":"<p>Erzincan\u2019da ya\u015fayan \u015eavak A\u015fireti mensuplar\u0131, as\u0131rlard\u0131r s\u00fcregelen geleneksel y\u00f6ntemlerle \u00fcrettikleri Erzincan Tulum Peyniriyle hem b\u00f6lge ekonomisine katk\u0131 sa\u011fl\u0131yor hem de e\u015fsiz bir lezzeti ya\u015fatmaya devam ediyor.<\/p>\n","protected":false},"author":1,"featured_media":4028,"comment_status":"open","ping_status":"open","sticky":false,"template":"","format":"standard","meta":{"footnotes":""},"categories":[530,1,9],"tags":[765,766,768,767],"class_list":["post-4027","post","type-post","status-publish","format-standard","has-post-thumbnail","hentry","category-cevre","category-gundem","category-video-galeri","tag-erzincan","tag-erzincan-haber","tag-erzincan-tulum-peyniri","tag-savak-asireti"],"_links":{"self":[{"href":"https:\/\/www.trabzonmanset.com\/index.php\/wp-json\/wp\/v2\/posts\/4027","targetHints":{"allow":["GET"]}}],"collection":[{"href":"https:\/\/www.trabzonmanset.com\/index.php\/wp-json\/wp\/v2\/posts"}],"about":[{"href":"https:\/\/www.trabzonmanset.com\/index.php\/wp-json\/wp\/v2\/types\/post"}],"author":[{"embeddable":true,"href":"https:\/\/www.trabzonmanset.com\/index.php\/wp-json\/wp\/v2\/users\/1"}],"replies":[{"embeddable":true,"href":"https:\/\/www.trabzonmanset.com\/index.php\/wp-json\/wp\/v2\/comments?post=4027"}],"version-history":[{"count":2,"href":"https:\/\/www.trabzonmanset.com\/index.php\/wp-json\/wp\/v2\/posts\/4027\/revisions"}],"predecessor-version":[{"id":4033,"href":"https:\/\/www.trabzonmanset.com\/index.php\/wp-json\/wp\/v2\/posts\/4027\/revisions\/4033"}],"wp:featuredmedia":[{"embeddable":true,"href":"https:\/\/www.trabzonmanset.com\/index.php\/wp-json\/wp\/v2\/media\/4028"}],"wp:attachment":[{"href":"https:\/\/www.trabzonmanset.com\/index.php\/wp-json\/wp\/v2\/media?parent=4027"}],"wp:term":[{"taxonomy":"category","embeddable":true,"href":"https:\/\/www.trabzonmanset.com\/index.php\/wp-json\/wp\/v2\/categories?post=4027"},{"taxonomy":"post_tag","embeddable":true,"href":"https:\/\/www.trabzonmanset.com\/index.php\/wp-json\/wp\/v2\/tags?post=4027"}],"curies":[{"name":"wp","href":"https:\/\/api.w.org\/{rel}","templated":true}]}}