{"id":3955,"date":"2025-09-20T20:17:00","date_gmt":"2025-09-20T17:17:00","guid":{"rendered":"https:\/\/www.trabzonmanset.com\/?p=3955"},"modified":"2025-09-20T21:21:22","modified_gmt":"2025-09-20T18:21:22","slug":"rizede-sel-boyle-geldi","status":"publish","type":"post","link":"https:\/\/www.trabzonmanset.com\/index.php\/2025\/09\/20\/rizede-sel-boyle-geldi\/","title":{"rendered":"Rize&#8217;de sel b\u00f6yle geldi"},"content":{"rendered":"\n<p>Arde\u015fen il\u00e7esinin Tunca beldesinde \u015fiddetli ya\u011f\u0131\u015f sel ve su bask\u0131nlar\u0131na yol a\u00e7t\u0131. Tunca beldesi Ada Mahallesinde evlerinde mahsur kalan vatanda\u015flar i\u015f makineleri ile kurtar\u0131larak g\u00fcvenli noktalara ta\u015f\u0131nd\u0131.<\/p>\n\n\n\n<p>\u00d6zel \u0130dare ve belediye ekipleri gece boyunca su bask\u0131n\u0131, sel ve heyelan ihbarlar\u0131na m\u00fcdahale etti. Tunca Belediyesi&#8217;ne ait Derea\u011fz\u0131 sosyal tesisi ve restoran tamamen su alt\u0131nda kald\u0131.<\/p>\n\n\n\n<p>Selin saat 00.33&#8217;deki geli\u015f an\u0131 tesisin g\u00fcvenlik kameralar\u0131na saniye saniye yans\u0131d\u0131.<\/p>\n\n\n\n<p>G\u00f6r\u00fcnt\u00fclerde selin geli\u015f an\u0131 ve i\u015f yerinin dakikalar i\u00e7inde sular alt\u0131nda b\u0131rakt\u0131\u011f\u0131 o anlar dikkat \u00e7ekti.<\/p>\n\n\n\n<figure class=\"wp-block-embed is-type-video is-provider-youtube wp-block-embed-youtube wp-embed-aspect-16-9 wp-has-aspect-ratio\"><div class=\"wp-block-embed__wrapper\">\n<iframe loading=\"lazy\" title=\"Rize&#039;de sel b\u00f6yle geldi\" width=\"825\" height=\"464\" src=\"https:\/\/www.youtube.com\/embed\/SpVfsQvG2lQ?feature=oembed\" frameborder=\"0\" allow=\"accelerometer; autoplay; clipboard-write; encrypted-media; gyroscope; picture-in-picture; web-share\" referrerpolicy=\"strict-origin-when-cross-origin\" allowfullscreen><\/iframe>\n<\/div><\/figure>\n","protected":false},"excerpt":{"rendered":"<p>Do\u011fu Karadeniz\u2019de etkili olan ya\u011f\u0131\u015flar Rize&#8217;de d\u00fcn gece etkisini artt\u0131rarak sel, su bask\u0131nlar\u0131 ve heyelanlara neden oldu. Arde\u015fen il\u00e7esi Tunca beldesinde d\u00fcn gece saatlerinde selin ilk geli\u015f an\u0131 g\u00fcvenlik kameralar\u0131na yans\u0131d\u0131.<\/p>\n","protected":false},"author":1,"featured_media":3956,"comment_status":"open","ping_status":"open","sticky":false,"template":"","format":"standard","meta":{"footnotes":""},"categories":[1],"tags":[736,737,738],"class_list":["post-3955","post","type-post","status-publish","format-standard","has-post-thumbnail","hentry","category-gundem","tag-rize-heyelan","tag-rize-sel-haber","tag-rize-son-dakika"],"_links":{"self":[{"href":"https:\/\/www.trabzonmanset.com\/index.php\/wp-json\/wp\/v2\/posts\/3955","targetHints":{"allow":["GET"]}}],"collection":[{"href":"https:\/\/www.trabzonmanset.com\/index.php\/wp-json\/wp\/v2\/posts"}],"about":[{"href":"https:\/\/www.trabzonmanset.com\/index.php\/wp-json\/wp\/v2\/types\/post"}],"author":[{"embeddable":true,"href":"https:\/\/www.trabzonmanset.com\/index.php\/wp-json\/wp\/v2\/users\/1"}],"replies":[{"embeddable":true,"href":"https:\/\/www.trabzonmanset.com\/index.php\/wp-json\/wp\/v2\/comments?post=3955"}],"version-history":[{"count":1,"href":"https:\/\/www.trabzonmanset.com\/index.php\/wp-json\/wp\/v2\/posts\/3955\/revisions"}],"predecessor-version":[{"id":3957,"href":"https:\/\/www.trabzonmanset.com\/index.php\/wp-json\/wp\/v2\/posts\/3955\/revisions\/3957"}],"wp:featuredmedia":[{"embeddable":true,"href":"https:\/\/www.trabzonmanset.com\/index.php\/wp-json\/wp\/v2\/media\/3956"}],"wp:attachment":[{"href":"https:\/\/www.trabzonmanset.com\/index.php\/wp-json\/wp\/v2\/media?parent=3955"}],"wp:term":[{"taxonomy":"category","embeddable":true,"href":"https:\/\/www.trabzonmanset.com\/index.php\/wp-json\/wp\/v2\/categories?post=3955"},{"taxonomy":"post_tag","embeddable":true,"href":"https:\/\/www.trabzonmanset.com\/index.php\/wp-json\/wp\/v2\/tags?post=3955"}],"curies":[{"name":"wp","href":"https:\/\/api.w.org\/{rel}","templated":true}]}}