{"id":3900,"date":"2025-09-18T15:08:00","date_gmt":"2025-09-18T12:08:00","guid":{"rendered":"https:\/\/www.trabzonmanset.com\/?p=3900"},"modified":"2025-09-18T21:11:07","modified_gmt":"2025-09-18T18:11:07","slug":"ktu-ile-yomra-vakfi-arasinda-onemli-isbirligi","status":"publish","type":"post","link":"https:\/\/www.trabzonmanset.com\/index.php\/2025\/09\/18\/ktu-ile-yomra-vakfi-arasinda-onemli-isbirligi\/","title":{"rendered":"KT\u00dc ile Yomra Vakf\u0131 Aras\u0131nda \u00d6nemli \u0130\u015fbirli\u011fi"},"content":{"rendered":"\n<p>Karadeniz Teknik \u00dcniversitesi (KT\u00dc) ile Yomra Vakf\u0131 aras\u0131nda toplum sa\u011fl\u0131\u011f\u0131n\u0131 ve \u00e7evre bilincini art\u0131rmaya y\u00f6nelik iki \u00f6nemli protokol imzaland\u0131. \u201cDaha Bilin\u00e7li, Daha Sa\u011fl\u0131kl\u0131 ve Daha A\u011fr\u0131s\u0131z Bir Ya\u015fam \u0130\u00e7in Fark\u0131ndal\u0131k \u0130\u015fbirli\u011fi Protokol\u00fc\u201d ve \u201cS\u0131f\u0131r At\u0131k Projesi Sergisi\u201d kapsam\u0131nda taraflar ortak \u00e7al\u0131\u015fmalar y\u00fcr\u00fctecek.<\/p>\n\n\n\n<p>Protokollerle birlikte toplumda sa\u011fl\u0131k bilincinin geli\u015ftirilmesi, sa\u011fl\u0131kl\u0131 ya\u015fam al\u0131\u015fkanl\u0131klar\u0131n\u0131n yayg\u0131nla\u015ft\u0131r\u0131lmas\u0131 ve ya\u015fam kalitesinin y\u00fckseltilmesi hedefleniyor. Bu kapsamda \u00fcniversite ve vak\u0131f i\u015f birli\u011fiyle seminerler, e\u011fitimler, fark\u0131ndal\u0131k programlar\u0131 ve sosyal sorumluluk projeleri d\u00fczenlenecek.<br>\u0130mza t\u00f6reninde konu\u015fan Yomra Vakf\u0131 Ba\u015fkan\u0131 Y\u00fcksel Ayaz, \u201cToplumumuzun sa\u011fl\u0131kl\u0131 ya\u015fam konusunda bilin\u00e7lenmesine katk\u0131 sunacak bu i\u015fbirli\u011fi bizim i\u00e7in \u00e7ok k\u0131ymetli. \u00dcniversitemiz ile birlikte g\u00fczel projelere imza ataca\u011f\u0131z.\u201d dedi.<\/p>\n\n\n\n<p>KT\u00dc Meslek Y\u00fcksekokulu M\u00fcd\u00fcr\u00fc Prof. Dr. Nurhan G\u00fcmr\u00fck\u00e7\u00fco\u011flu ise, \u201c\u00dcniversiteler sadece bilim \u00fcreten de\u011fil, ayn\u0131 zamanda topluma dokunan kurumlard\u0131r. Vakf\u0131m\u0131z ile yap\u0131lan bu i\u015fbirli\u011fi, b\u00f6lge insan\u0131na fayda sa\u011flayacak \u00f6nemli bir ad\u0131md\u0131r.\u201d ifadelerini kulland\u0131.<\/p>\n","protected":false},"excerpt":{"rendered":"<p>Karadeniz Teknik \u00dcniversitesi (KT\u00dc) ile Yomra Vakf\u0131 aras\u0131nda toplum sa\u011fl\u0131\u011f\u0131n\u0131 ve \u00e7evre bilincini art\u0131rmaya y\u00f6nelik iki \u00f6nemli protokol imzaland\u0131. \u201cDaha Bilin\u00e7li, Daha Sa\u011fl\u0131kl\u0131 ve Daha A\u011fr\u0131s\u0131z Bir Ya\u015fam \u0130\u00e7in Fark\u0131ndal\u0131k \u0130\u015fbirli\u011fi Protokol\u00fc\u201d ve \u201cS\u0131f\u0131r At\u0131k Projesi Sergisi\u201d kapsam\u0131nda taraflar ortak \u00e7al\u0131\u015fmalar y\u00fcr\u00fctecek. Protokollerle birlikte toplumda sa\u011fl\u0131k bilincinin geli\u015ftirilmesi, sa\u011fl\u0131kl\u0131 ya\u015fam al\u0131\u015fkanl\u0131klar\u0131n\u0131n yayg\u0131nla\u015ft\u0131r\u0131lmas\u0131 ve ya\u015fam kalitesinin [&hellip;]<\/p>\n","protected":false},"author":1,"featured_media":3901,"comment_status":"open","ping_status":"open","sticky":false,"template":"","format":"standard","meta":{"footnotes":""},"categories":[1],"tags":[685,689,686,687,688],"class_list":["post-3900","post","type-post","status-publish","format-standard","has-post-thumbnail","hentry","category-gundem","tag-ktu","tag-prof-dr-nurhan-gumrukcuoglu","tag-sifir-atik-projesi-sergisi","tag-yomra-vakfi","tag-yuksel-ayaz"],"_links":{"self":[{"href":"https:\/\/www.trabzonmanset.com\/index.php\/wp-json\/wp\/v2\/posts\/3900","targetHints":{"allow":["GET"]}}],"collection":[{"href":"https:\/\/www.trabzonmanset.com\/index.php\/wp-json\/wp\/v2\/posts"}],"about":[{"href":"https:\/\/www.trabzonmanset.com\/index.php\/wp-json\/wp\/v2\/types\/post"}],"author":[{"embeddable":true,"href":"https:\/\/www.trabzonmanset.com\/index.php\/wp-json\/wp\/v2\/users\/1"}],"replies":[{"embeddable":true,"href":"https:\/\/www.trabzonmanset.com\/index.php\/wp-json\/wp\/v2\/comments?post=3900"}],"version-history":[{"count":1,"href":"https:\/\/www.trabzonmanset.com\/index.php\/wp-json\/wp\/v2\/posts\/3900\/revisions"}],"predecessor-version":[{"id":3902,"href":"https:\/\/www.trabzonmanset.com\/index.php\/wp-json\/wp\/v2\/posts\/3900\/revisions\/3902"}],"wp:featuredmedia":[{"embeddable":true,"href":"https:\/\/www.trabzonmanset.com\/index.php\/wp-json\/wp\/v2\/media\/3901"}],"wp:attachment":[{"href":"https:\/\/www.trabzonmanset.com\/index.php\/wp-json\/wp\/v2\/media?parent=3900"}],"wp:term":[{"taxonomy":"category","embeddable":true,"href":"https:\/\/www.trabzonmanset.com\/index.php\/wp-json\/wp\/v2\/categories?post=3900"},{"taxonomy":"post_tag","embeddable":true,"href":"https:\/\/www.trabzonmanset.com\/index.php\/wp-json\/wp\/v2\/tags?post=3900"}],"curies":[{"name":"wp","href":"https:\/\/api.w.org\/{rel}","templated":true}]}}