{"id":3873,"date":"2025-09-18T15:17:16","date_gmt":"2025-09-18T12:17:16","guid":{"rendered":"https:\/\/www.trabzonmanset.com\/?p=3873"},"modified":"2025-09-18T15:17:18","modified_gmt":"2025-09-18T12:17:18","slug":"trabzonda-avm-yanginin-gorgu-tanigi-sanki-bomba-patladi","status":"publish","type":"post","link":"https:\/\/www.trabzonmanset.com\/index.php\/2025\/09\/18\/trabzonda-avm-yanginin-gorgu-tanigi-sanki-bomba-patladi\/","title":{"rendered":"Trabzon\u2019da AVM yang\u0131n\u0131n g\u00f6rg\u00fc tan\u0131\u011f\u0131: \u201cSanki bomba patlad\u0131\u201d"},"content":{"rendered":"\n<p>Trabzon\u2019da AVM yang\u0131n\u0131n ilk \u00e7\u0131kt\u0131\u011f\u0131 andaki g\u00f6rg\u00fc tan\u0131\u011f\u0131, &#8220;Sanki sava\u015fta bomba at\u0131l\u0131r gibi patlama sesi duydum&#8221; dedi.<\/p>\n\n\n\n<p>Trabzon&#8217;un\u00a0Ak\u00e7aabat\u00a0il\u00e7esinin Dar\u0131ca mahallesinde &#8216;Deppo&#8217; isimli al\u0131\u015fveri\u015f merkezindeki yang\u0131n\u0131n \u00e7\u0131k\u0131\u015f an\u0131ndaki g\u00f6rg\u00fc tan\u0131\u011f\u0131 Mehmet Ayd\u0131n, &#8220;B\u00fcy\u00fck bir patlama sesiydi. Sanki sava\u015fta bomba at\u0131l\u0131r gibi ses. Geri ka\u00e7t\u0131m&#8221; dedi.<\/p>\n\n\n\n<p>Trabzon\u2019un Ak\u00e7aabat il\u00e7esine ba\u011fl\u0131 Dar\u0131ca mahallesindeki \u2018Deppo&#8217; isimli al\u0131\u015fveri\u015f merkezinin depo k\u0131sm\u0131nda bilinmeyen bir nedenle yang\u0131n \u00e7\u0131kt\u0131. Yang\u0131n nedeniyle yo\u011fun siyah dumanlar g\u00f6ky\u00fcz\u00fcn\u00fc kaplarken, yang\u0131na B\u00fcy\u00fck\u015fehir Belediyesi \u0130tfaiye Dairesi Ba\u015fkanl\u0131\u011f\u0131\u2019na ba\u011fl\u0131 15 ara\u00e7 ve 55\u00a0personel\u00a0m\u00fcdahale etti.<\/p>\n","protected":false},"excerpt":{"rendered":"<p>Trabzon\u2019da AVM yang\u0131n\u0131n ilk \u00e7\u0131kt\u0131\u011f\u0131 andaki g\u00f6rg\u00fc tan\u0131\u011f\u0131, &#8220;Sanki sava\u015fta bomba at\u0131l\u0131r gibi patlama sesi duydum&#8221; dedi. Trabzon&#8217;un\u00a0Ak\u00e7aabat\u00a0il\u00e7esinin Dar\u0131ca mahallesinde &#8216;Deppo&#8217; isimli al\u0131\u015fveri\u015f merkezindeki yang\u0131n\u0131n \u00e7\u0131k\u0131\u015f an\u0131ndaki g\u00f6rg\u00fc tan\u0131\u011f\u0131 Mehmet Ayd\u0131n, &#8220;B\u00fcy\u00fck bir patlama sesiydi. Sanki sava\u015fta bomba at\u0131l\u0131r gibi ses. Geri ka\u00e7t\u0131m&#8221; dedi. Trabzon\u2019un Ak\u00e7aabat il\u00e7esine ba\u011fl\u0131 Dar\u0131ca mahallesindeki \u2018Deppo&#8217; isimli al\u0131\u015fveri\u015f merkezinin depo [&hellip;]<\/p>\n","protected":false},"author":1,"featured_media":3874,"comment_status":"open","ping_status":"open","sticky":false,"template":"","format":"standard","meta":{"footnotes":""},"categories":[11],"tags":[658,657],"class_list":["post-3873","post","type-post","status-publish","format-standard","has-post-thumbnail","hentry","category-manset","tag-akcaabat-yangin","tag-trabzon-yangin"],"_links":{"self":[{"href":"https:\/\/www.trabzonmanset.com\/index.php\/wp-json\/wp\/v2\/posts\/3873","targetHints":{"allow":["GET"]}}],"collection":[{"href":"https:\/\/www.trabzonmanset.com\/index.php\/wp-json\/wp\/v2\/posts"}],"about":[{"href":"https:\/\/www.trabzonmanset.com\/index.php\/wp-json\/wp\/v2\/types\/post"}],"author":[{"embeddable":true,"href":"https:\/\/www.trabzonmanset.com\/index.php\/wp-json\/wp\/v2\/users\/1"}],"replies":[{"embeddable":true,"href":"https:\/\/www.trabzonmanset.com\/index.php\/wp-json\/wp\/v2\/comments?post=3873"}],"version-history":[{"count":1,"href":"https:\/\/www.trabzonmanset.com\/index.php\/wp-json\/wp\/v2\/posts\/3873\/revisions"}],"predecessor-version":[{"id":3875,"href":"https:\/\/www.trabzonmanset.com\/index.php\/wp-json\/wp\/v2\/posts\/3873\/revisions\/3875"}],"wp:featuredmedia":[{"embeddable":true,"href":"https:\/\/www.trabzonmanset.com\/index.php\/wp-json\/wp\/v2\/media\/3874"}],"wp:attachment":[{"href":"https:\/\/www.trabzonmanset.com\/index.php\/wp-json\/wp\/v2\/media?parent=3873"}],"wp:term":[{"taxonomy":"category","embeddable":true,"href":"https:\/\/www.trabzonmanset.com\/index.php\/wp-json\/wp\/v2\/categories?post=3873"},{"taxonomy":"post_tag","embeddable":true,"href":"https:\/\/www.trabzonmanset.com\/index.php\/wp-json\/wp\/v2\/tags?post=3873"}],"curies":[{"name":"wp","href":"https:\/\/api.w.org\/{rel}","templated":true}]}}