{"id":3843,"date":"2025-09-17T20:50:40","date_gmt":"2025-09-17T17:50:40","guid":{"rendered":"https:\/\/www.trabzonmanset.com\/?p=3843"},"modified":"2025-09-17T20:50:41","modified_gmt":"2025-09-17T17:50:41","slug":"mit-baskani-kalin-suriye-cumhurbaskani-sara-ile-gorustu","status":"publish","type":"post","link":"https:\/\/www.trabzonmanset.com\/index.php\/2025\/09\/17\/mit-baskani-kalin-suriye-cumhurbaskani-sara-ile-gorustu\/","title":{"rendered":"M\u0130T Ba\u015fkan\u0131 Kal\u0131n,\u00a0Suriye\u00a0Cumhurba\u015fkan\u0131 \u015eara ile g\u00f6r\u00fc\u015ft\u00fc"},"content":{"rendered":"\n<p>Milli \u0130stihbarat Te\u015fkilat\u0131 Ba\u015fkan\u0131 \u0130brahim Kal\u0131n, Suriye&#8217;nin ba\u015fkenti \u015eam&#8217;da Cumhurba\u015fkan\u0131 Ahmed \u015eara taraf\u0131ndan kabul edildi.<\/p>\n\n\n\n<p>Suriye Cumhurba\u015fkanl\u0131\u011f\u0131n\u0131n sosyal medya hesab\u0131ndan yap\u0131lan a\u00e7\u0131klamaya g\u00f6re, g\u00f6r\u00fc\u015fmede, b\u00f6lgesel geli\u015fmeler ve SDG liderli\u011fiyle 10 Mart 2025&#8217;te var\u0131lan mutabakat ele al\u0131n\u0131rken, Suriye topraklar\u0131n\u0131n birli\u011fi ve b\u00fct\u00fcnl\u00fc\u011f\u00fc vurguland\u0131.<\/p>\n","protected":false},"excerpt":{"rendered":"<p>Milli \u0130stihbarat Te\u015fkilat\u0131 Ba\u015fkan\u0131 \u0130brahim Kal\u0131n, Suriye&#8217;nin ba\u015fkenti \u015eam&#8217;da Cumhurba\u015fkan\u0131 Ahmed \u015eara taraf\u0131ndan kabul edildi. Suriye Cumhurba\u015fkanl\u0131\u011f\u0131n\u0131n sosyal medya hesab\u0131ndan yap\u0131lan a\u00e7\u0131klamaya g\u00f6re, g\u00f6r\u00fc\u015fmede, b\u00f6lgesel geli\u015fmeler ve SDG liderli\u011fiyle 10 Mart 2025&#8217;te var\u0131lan mutabakat ele al\u0131n\u0131rken, Suriye topraklar\u0131n\u0131n birli\u011fi ve b\u00fct\u00fcnl\u00fc\u011f\u00fc vurguland\u0131.<\/p>\n","protected":false},"author":1,"featured_media":3844,"comment_status":"open","ping_status":"open","sticky":false,"template":"","format":"standard","meta":{"footnotes":""},"categories":[1],"tags":[642,641,644,643],"class_list":["post-3843","post","type-post","status-publish","format-standard","has-post-thumbnail","hentry","category-gundem","tag-ahmed-sara","tag-ibrahim-kalin","tag-sdg","tag-suriye-cumhurbaskani"],"_links":{"self":[{"href":"https:\/\/www.trabzonmanset.com\/index.php\/wp-json\/wp\/v2\/posts\/3843","targetHints":{"allow":["GET"]}}],"collection":[{"href":"https:\/\/www.trabzonmanset.com\/index.php\/wp-json\/wp\/v2\/posts"}],"about":[{"href":"https:\/\/www.trabzonmanset.com\/index.php\/wp-json\/wp\/v2\/types\/post"}],"author":[{"embeddable":true,"href":"https:\/\/www.trabzonmanset.com\/index.php\/wp-json\/wp\/v2\/users\/1"}],"replies":[{"embeddable":true,"href":"https:\/\/www.trabzonmanset.com\/index.php\/wp-json\/wp\/v2\/comments?post=3843"}],"version-history":[{"count":1,"href":"https:\/\/www.trabzonmanset.com\/index.php\/wp-json\/wp\/v2\/posts\/3843\/revisions"}],"predecessor-version":[{"id":3845,"href":"https:\/\/www.trabzonmanset.com\/index.php\/wp-json\/wp\/v2\/posts\/3843\/revisions\/3845"}],"wp:featuredmedia":[{"embeddable":true,"href":"https:\/\/www.trabzonmanset.com\/index.php\/wp-json\/wp\/v2\/media\/3844"}],"wp:attachment":[{"href":"https:\/\/www.trabzonmanset.com\/index.php\/wp-json\/wp\/v2\/media?parent=3843"}],"wp:term":[{"taxonomy":"category","embeddable":true,"href":"https:\/\/www.trabzonmanset.com\/index.php\/wp-json\/wp\/v2\/categories?post=3843"},{"taxonomy":"post_tag","embeddable":true,"href":"https:\/\/www.trabzonmanset.com\/index.php\/wp-json\/wp\/v2\/tags?post=3843"}],"curies":[{"name":"wp","href":"https:\/\/api.w.org\/{rel}","templated":true}]}}