{"id":3840,"date":"2025-09-17T20:40:13","date_gmt":"2025-09-17T17:40:13","guid":{"rendered":"https:\/\/www.trabzonmanset.com\/?p=3840"},"modified":"2025-09-17T20:40:14","modified_gmt":"2025-09-17T17:40:14","slug":"henuz-1-aylik-evliydi-evde-tamir-yaparken-dustu-cebindeki-bicak-canina-mal-oldu","status":"publish","type":"post","link":"https:\/\/www.trabzonmanset.com\/index.php\/2025\/09\/17\/henuz-1-aylik-evliydi-evde-tamir-yaparken-dustu-cebindeki-bicak-canina-mal-oldu\/","title":{"rendered":"Hen\u00fcz 1 ayl\u0131k evliydi: Evde tamir yaparken d\u00fc\u015ft\u00fc, cebindeki b\u0131\u00e7ak can\u0131na mal oldu!"},"content":{"rendered":"\n<p>K\u0131r\u015fehir&#8217;deki kahreden olay, d\u00fcn ak\u015fam saatlerinde Mucur il\u00e7esinde meydana geldi. \u0130ddiaya g\u00f6re; evinde kablo tamiri yapan \u0130sa \u00c7etin, \u00e7\u0131kt\u0131\u011f\u0131 yerden inerken dengesini kaybederek d\u00fc\u015ft\u00fc.<\/p>\n\n\n\n<p>Bu s\u0131rada cebinde bulunan b\u0131\u00e7a\u011f\u0131n karn\u0131na saplanmas\u0131yla \u00c7etin, a\u011f\u0131r yaraland\u0131. Ailesinin ihbar\u0131yla olay yerine sa\u011fl\u0131k ekipleri sevk edildi.<\/p>\n\n\n\n<p>\u00c7etin, K\u0131r\u015fehir E\u011fitim ve Ara\u015ft\u0131rma Hastanesi\u2019ne kald\u0131r\u0131l\u0131p, tedaviye al\u0131nd\u0131. \u0130sa \u00c7etin, bu sabah hayat\u0131n\u0131 kaybetti. 1 ay \u00f6nce evlenen \u00c7etin&#8217;in \u00f6l\u00fcm\u00fc ile ilgili soru\u015fturma ba\u015flat\u0131ld\u0131.<\/p>\n\n\n\n<p>Kaynak: DHA<\/p>\n\n\n\n<p><\/p>\n","protected":false},"excerpt":{"rendered":"<p>K\u0131r\u015fehir&#8217;de evde tamir yapt\u0131\u011f\u0131 s\u0131rada dengesini kaybederek d\u00fc\u015fen 23 ya\u015f\u0131ndaki \u0130sa \u00c7etin&#8217;in cebindeki b\u0131\u00e7ak karn\u0131na sapland\u0131. Hen\u00fcz 1 ayl\u0131k evli olan \u00c7etin hayat\u0131n\u0131 kaybetti.<\/p>\n","protected":false},"author":1,"featured_media":3841,"comment_status":"open","ping_status":"open","sticky":false,"template":"","format":"standard","meta":{"footnotes":""},"categories":[1],"tags":[639,636,640,637,638],"class_list":["post-3840","post","type-post","status-publish","format-standard","has-post-thumbnail","hentry","category-gundem","tag-isa-cetin","tag-kirsehir","tag-kirsehir-egitim-ve-arastirma-hastanesi","tag-kirsehir-haber","tag-mucur"],"_links":{"self":[{"href":"https:\/\/www.trabzonmanset.com\/index.php\/wp-json\/wp\/v2\/posts\/3840","targetHints":{"allow":["GET"]}}],"collection":[{"href":"https:\/\/www.trabzonmanset.com\/index.php\/wp-json\/wp\/v2\/posts"}],"about":[{"href":"https:\/\/www.trabzonmanset.com\/index.php\/wp-json\/wp\/v2\/types\/post"}],"author":[{"embeddable":true,"href":"https:\/\/www.trabzonmanset.com\/index.php\/wp-json\/wp\/v2\/users\/1"}],"replies":[{"embeddable":true,"href":"https:\/\/www.trabzonmanset.com\/index.php\/wp-json\/wp\/v2\/comments?post=3840"}],"version-history":[{"count":1,"href":"https:\/\/www.trabzonmanset.com\/index.php\/wp-json\/wp\/v2\/posts\/3840\/revisions"}],"predecessor-version":[{"id":3842,"href":"https:\/\/www.trabzonmanset.com\/index.php\/wp-json\/wp\/v2\/posts\/3840\/revisions\/3842"}],"wp:featuredmedia":[{"embeddable":true,"href":"https:\/\/www.trabzonmanset.com\/index.php\/wp-json\/wp\/v2\/media\/3841"}],"wp:attachment":[{"href":"https:\/\/www.trabzonmanset.com\/index.php\/wp-json\/wp\/v2\/media?parent=3840"}],"wp:term":[{"taxonomy":"category","embeddable":true,"href":"https:\/\/www.trabzonmanset.com\/index.php\/wp-json\/wp\/v2\/categories?post=3840"},{"taxonomy":"post_tag","embeddable":true,"href":"https:\/\/www.trabzonmanset.com\/index.php\/wp-json\/wp\/v2\/tags?post=3840"}],"curies":[{"name":"wp","href":"https:\/\/api.w.org\/{rel}","templated":true}]}}